{"id":144290,"date":"2025-02-19T18:35:41","date_gmt":"2025-02-19T21:35:41","guid":{"rendered":"https:\/\/www.aarquiteta.com.br\/blog\/sofa-rustico-2\/"},"modified":"2025-02-19T18:35:41","modified_gmt":"2025-02-19T21:35:41","slug":"sofa-rustico-2","status":"publish","type":"post","link":"https:\/\/www.aarquiteta.com.br\/blog\/sofa-rustico-2\/","title":{"rendered":"Segredos dos Designers: Transforme Qualquer Espa\u00e7o com Simples Reformas!"},"content":{"rendered":"<p>Voc\u00ea sabia que pequenos detalhes podem <b>transformar completamente<\/b> a decora\u00e7\u00e3o da sua casa? \u00c0s vezes, uma simples reforma pode fazer o seu espa\u00e7o parecer novo em folha. Neste artigo, vou compartilhar os segredos dos designers para que voc\u00ea consiga <b>renovar<\/b> seus ambientes com facilidade e muito estilo!<\/p>\n<h3>O Poder das Cores<\/h3>\n<figure style=\"width: 1024px\" class=\"wp-caption aligncenter\"><img decoding=\"async\" src=\"https:\/\/www.aarquiteta.com.br\/blog\/wp-content\/uploads\/2025\/02\/sofa-rustico-62-730x512.jpg\" alt=\"Sof\u00e1 r\u00fastico multifuncional.\" title=\"\"><figcaption class=\"wp-caption-text\">Sof\u00e1 r\u00fastico multifuncional.<\/figcaption><\/figure>\n<p>Voc\u00ea j\u00e1 percebeu como as <b>cores<\/b> podem mudar o astral de um ambiente? Uma paleta bem escolhida pode fazer maravilhas! Por exemplo, tons claros podem dar a impress\u00e3o de mais espa\u00e7o e ilumina\u00e7\u00e3o, enquanto os tons escuros criam um clima mais <b>aconchegante<\/b>.<\/p>\n<p>A minha amiga Ana, por exemplo, estava com uma sala min\u00fascula, e resolveu pintar as paredes de um <b>bege suave<\/b> e usar detalhes em azul nas almofadas. O resultado? O ambiente ficou visualmente maior e muito mais <b>agrad\u00e1vel<\/b>! Lembre-se, ao optar pelas cores, sempre pense na sensa\u00e7\u00e3o que deseja transmitir.<\/p>\n<h3>Ilumina\u00e7\u00e3o Estrat\u00e9gica<\/h3>\n<img decoding=\"async\" src=\"https:\/\/www.aarquiteta.com.br\/blog\/wp-content\/uploads\/2025\/02\/sofa-rustico01.jpg\" alt=\"\" width=\"1024\" height=\"1024\" title=\"\">\n<p>Ilumina\u00e7\u00e3o \u00e9 a cereja do bolo na hora de <b>decorar<\/b>. Use fontes de luz diferentes para criar um efeito incr\u00edvel. Lumin\u00e1rias de piso, pendentes ou at\u00e9 aquelas fitas de LED podem <b>real\u00e7ar<\/b> os detalhes da sua decora\u00e7\u00e3o e proporcionar um clima especial.<\/p>\n<p>Calma! N\u00e3o estou falando para voc\u00ea virar uma designer de interiores profissional da noite para o dia. Mas, pense assim: um canto mal iluminado pode se transformar em um <b>espa\u00e7o acolhedor<\/b> com a luz certa. Eu, por exemplo, troquei a l\u00e2mpada da minha sala por uma de tom amarelado, e parece que coloquei um filtro de Instagram na decora\u00e7\u00e3o!<\/p>\n<h3>Mob\u00edlia Multifuncional<\/h3>\n<figure style=\"width: 1024px\" class=\"wp-caption aligncenter\"><img decoding=\"async\" src=\"https:\/\/www.aarquiteta.com.br\/blog\/wp-content\/uploads\/2025\/02\/sofa-rustico-0.jpg\" alt=\"O sof\u00e1 r\u00fastico d\u00e1 um ar campestre \u00e0 decora\u00e7\u00e3o.\" title=\"\"><figcaption class=\"wp-caption-text\">O sof\u00e1 r\u00fastico d\u00e1 um ar campestre \u00e0 decora\u00e7\u00e3o.<\/figcaption><\/figure>\n<p>Considere usar pe\u00e7as de mob\u00edlia que sejam <b>multifuncionais<\/b>. Uma mesa que serve como suporte de sof\u00e1 ou um puff que funciona como espa\u00e7o para armazenar objetos s\u00e3o solu\u00e7\u00f5es pr\u00e1ticas que <b>economizam espa\u00e7o<\/b> e trazem mais funcionalidade ao dia a dia. Al\u00e9m disso, trazem um toque de modernidade.<\/p>\n<p>Outro caso que adoro mencionar \u00e9 o da Lu\u00edsa, que optou por um sof\u00e1 cama para receber amigos em sua casa. O mobili\u00e1rio ajudou n\u00e3o s\u00f3 na hora de <b>receber<\/b>, mas tamb\u00e9m na decora\u00e7\u00e3o geral do espa\u00e7o, e ainda proporcionou momentos incr\u00edveis de descanso!<\/p>\n<h3>Detalhes que Fazem a Diferen\u00e7a<\/h3>\n<img decoding=\"async\" src=\"https:\/\/www.aarquiteta.com.br\/blog\/wp-content\/uploads\/2025\/02\/sofa-rustico02.jpg\" alt=\"\" width=\"1024\" height=\"1024\" title=\"\">\n<p>Por \u00faltimo, mas n\u00e3o menos importante, s\u00e3o os <b>detalhes<\/b>. Um quadro aqui, uma estante ali, e tudo se transforma. Investir em acess\u00f3rios decorativos, como almofadas com estampas diferentes, quadros com frases inspirativas ou at\u00e9 mesmo plantas, traz um <b>fresh air<\/b> \u00e0 sua casa.<\/p>\n<p>Uma vez, fiz uma pequena mudan\u00e7a colocando algumas plantas na minha sala, e uau, como isso fez diferen\u00e7a! O ambiente ficou muito mais <b>vivo<\/b> e agrad\u00e1vel. E o melhor de tudo: os vasos s\u00e3o super f\u00e1ceis de encontrar, e podem ser uma fase de <b>treinamento<\/b> para quem quer come\u00e7ar a ter um toque mais verde em casa.<\/p>\n<p>Ao final, n\u00e3o se esque\u00e7a de que cada detalhe conta. \u2b50 Portanto, sempre olhe para o seu espa\u00e7o com um olhar cr\u00edtico e inicie as mudan\u00e7as com o que voc\u00ea j\u00e1 tem \u00e0 m\u00e3o. Aposto que, com essas dicas, voc\u00ea vai se sentir um verdadeiro designer de interiores!<\/p>\n<h3>Perguntas Frequentes (FAQ)<\/h3>\n<figure style=\"width: 1024px\" class=\"wp-caption aligncenter\"><img decoding=\"async\" src=\"https:\/\/www.aarquiteta.com.br\/blog\/wp-content\/uploads\/2025\/02\/sofa-rustico-1-730x730.jpg\" alt=\"Foto de sof\u00e1 r\u00fastico com estilo campestre.\" title=\"\"><figcaption class=\"wp-caption-text\">Foto de sof\u00e1 r\u00fastico com estilo campestre.<\/figcaption><\/figure>\n<ul>\n<li><b>Qual a melhor cor para ambientes pequenos?<\/b> Tons claros, como branco, bege e past\u00e9is.<\/li>\n<li><b>Como criar uma boa ilumina\u00e7\u00e3o?<\/b> Misture fontes de luz e evite luzes muito fortes ou fracas.<\/li>\n<li><b>O que s\u00e3o m\u00f3veis multifuncionais?<\/b> S\u00e3o m\u00f3veis que t\u00eam mais de uma fun\u00e7\u00e3o, como sof\u00e1 cama e mesas com armazenamento.<\/li>\n<\/ul>\n<p>Gostou das dicas? Tem mais alguma d\u00favida ou quer compartilhar sua experi\u00eancia? Deixe um coment\u00e1rio abaixo e vamos conversar sobre como voc\u00ea pode transformar ainda mais o seu lar!<\/p>\n<img decoding=\"async\" src=\"https:\/\/www.aarquiteta.com.br\/blog\/wp-content\/uploads\/2025\/02\/sofa-rustico03.jpg\" alt=\"\" width=\"1024\" height=\"1024\" title=\"\">\n<figure style=\"width: 1024px\" class=\"wp-caption aligncenter\"><img decoding=\"async\" src=\"https:\/\/www.aarquiteta.com.br\/blog\/wp-content\/uploads\/2025\/02\/sofa-rustico-2-730x730.jpg\" alt=\"Sof\u00e1 r\u00fastico feito com materiais resistentes.\" title=\"\"><figcaption class=\"wp-caption-text\">Sof\u00e1 r\u00fastico feito com materiais resistentes.<\/figcaption><\/figure>\n<img decoding=\"async\" src=\"https:\/\/www.aarquiteta.com.br\/blog\/wp-content\/uploads\/2025\/02\/sofa-rustico4.jpg\" alt=\"\" width=\"1024\" height=\"1024\" title=\"\">\n<figure style=\"width: 1024px\" class=\"wp-caption aligncenter\"><img decoding=\"async\" src=\"https:\/\/www.aarquiteta.com.br\/blog\/wp-content\/uploads\/2025\/02\/sofa-rustico-3-730x730.jpg\" alt=\"Sof\u00e1 r\u00fastico com uma finaliza\u00e7\u00e3o b\u00e1sica.\" title=\"\"><figcaption class=\"wp-caption-text\">Sof\u00e1 r\u00fastico com uma finaliza\u00e7\u00e3o b\u00e1sica.<\/figcaption><\/figure>\n<h3>Para se aprofundar mais sobre o tema, veja a minha recomenda\u00e7\u00e3o sobre o tema deste artigo no v\u00eddeo a seguir abaixo:<\/h3>\n<p><iframe title=\"YouTube video player\" src=\"https:\/\/www.youtube.com\/embed\/pY1zf79Vfss\" width=\"560\" height=\"315\" frameborder=\"0\" allowfullscreen=\"allowfullscreen\"><\/iframe><\/p>\n<figure style=\"width: 1024px\" class=\"wp-caption aligncenter\"><img decoding=\"async\" src=\"https:\/\/www.aarquiteta.com.br\/blog\/wp-content\/uploads\/2025\/02\/sofa-rustico-4-730x572.jpg\" alt=\"Sof\u00e1 r\u00fastico geralmente feito de madeira.\" title=\"\"><figcaption class=\"wp-caption-text\">Sof\u00e1 r\u00fastico geralmente feito de madeira.<\/figcaption><\/figure>\n","protected":false},"excerpt":{"rendered":"<p>Voc\u00ea sabia que pequenos detalhes podem transformar completamente a decora\u00e7\u00e3o da sua casa? \u00c0s vezes, uma simples reforma pode fazer o seu espa\u00e7o parecer novo em folha. Neste artigo, vou compartilhar os segredos dos designers para que voc\u00ea consiga renovar seus ambientes com facilidade e muito estilo! O Poder das Cores Voc\u00ea j\u00e1 percebeu como [&hellip;]<\/p>\n","protected":false},"author":102,"featured_media":144283,"comment_status":"open","ping_status":"","sticky":false,"template":"","format":"standard","meta":{"footnotes":""},"categories":[1484],"tags":[],"class_list":["post-144290","post","type-post","status-publish","format-standard","has-post-thumbnail","category-decoracao"],"_wp_attached_file":null,"_wp_attachment_metadata":null,"_wp_attachment_context":null,"_wp_attachment_is_custom_header":null,"geo_longitude":null,"geo_public":null,"geo_latitude":null,"_publicize_done_external":null,"_wpas_done_3897181":null,"publicize_twitter_user":null,"_wpas_done_3897175":null,"_wpas_skip_3897181":null,"_wpas_skip_3897175":null,"_wpas_skip_3924723":null,"_wpas_mess":null,"_wpas_done_3924723":null,"wps_subtitle":"","_links":{"self":[{"href":"https:\/\/www.aarquiteta.com.br\/blog\/wp-json\/wp\/v2\/posts\/144290","targetHints":{"allow":["GET"]}}],"collection":[{"href":"https:\/\/www.aarquiteta.com.br\/blog\/wp-json\/wp\/v2\/posts"}],"about":[{"href":"https:\/\/www.aarquiteta.com.br\/blog\/wp-json\/wp\/v2\/types\/post"}],"author":[{"embeddable":true,"href":"https:\/\/www.aarquiteta.com.br\/blog\/wp-json\/wp\/v2\/users\/102"}],"replies":[{"embeddable":true,"href":"https:\/\/www.aarquiteta.com.br\/blog\/wp-json\/wp\/v2\/comments?post=144290"}],"version-history":[{"count":0,"href":"https:\/\/www.aarquiteta.com.br\/blog\/wp-json\/wp\/v2\/posts\/144290\/revisions"}],"wp:featuredmedia":[{"embeddable":true,"href":"https:\/\/www.aarquiteta.com.br\/blog\/wp-json\/wp\/v2\/media\/144283"}],"wp:attachment":[{"href":"https:\/\/www.aarquiteta.com.br\/blog\/wp-json\/wp\/v2\/media?parent=144290"}],"wp:term":[{"taxonomy":"category","embeddable":true,"href":"https:\/\/www.aarquiteta.com.br\/blog\/wp-json\/wp\/v2\/categories?post=144290"},{"taxonomy":"post_tag","embeddable":true,"href":"https:\/\/www.aarquiteta.com.br\/blog\/wp-json\/wp\/v2\/tags?post=144290"}],"curies":[{"name":"wp","href":"https:\/\/api.w.org\/{rel}","templated":true}]}}