{"id":144261,"date":"2025-02-19T12:40:29","date_gmt":"2025-02-19T15:40:29","guid":{"rendered":"https:\/\/www.aarquiteta.com.br\/blog\/como-transformar-seu-quarto-com-pequenas-mudancas\/"},"modified":"2025-02-19T12:40:29","modified_gmt":"2025-02-19T15:40:29","slug":"como-transformar-seu-quarto-com-pequenas-mudancas","status":"publish","type":"post","link":"https:\/\/www.aarquiteta.com.br\/blog\/como-transformar-seu-quarto-com-pequenas-mudancas\/","title":{"rendered":"Como transformar seu quarto com pequenas mudan\u00e7as."},"content":{"rendered":"<p>J\u00e1 pensou como <b>pequenas mudan\u00e7as<\/b> podem transformar completamente o seu quarto? \u00c0s vezes, \u00e9 s\u00f3 a disposi\u00e7\u00e3o de alguns objetos ou a troca de uma cor de parede que pode fazer sua mente viajar para um lugar mais agrad\u00e1vel, moderno e, claro, confort\u00e1vel. Neste artigo, vou mostrar algumas dicas pr\u00e1ticas que podem renovar seu espa\u00e7o sem precisar de reforma! Vamos l\u00e1?<\/p>\n<h3>Escolha as Cores Certas<\/h3>\n<figure style=\"width: 1024px\" class=\"wp-caption aligncenter\"><img decoding=\"async\" src=\"https:\/\/www.aarquiteta.com.br\/blog\/wp-content\/uploads\/2025\/02\/como-transformar-seu-quarto-com-pequenas-mudancas04.jpg\" alt=\"Como transformar seu quarto com pequenas mudan\u00e7as.\" width=\"1024\" height=\"1024\" title=\"\"><figcaption class=\"wp-caption-text\">Como transformar seu quarto com pequenas mudan\u00e7as.<\/figcaption><\/figure>\n<p>A escolha das <b>cores<\/b> \u00e9 fundamental na hora de renovar o visual do seu quarto. Cores claras, como o azul ou a off-white, t\u00eam o poder m\u00e1gico de ampliar os espa\u00e7os, enquanto tons mais escuros, como o vinho e o verde-escuro, trazem aquela sensa\u00e7\u00e3o de aconchego. <\/p>\n<p>Por exemplo, imagine que voc\u00ea queira deixar o ambiente mais acolhedor. Em vez de s\u00f3 pensar em m\u00f3veis novos, que tal <b>pintar uma parede<\/b> com um tom mais forte? Isso cria uma linda sensa\u00e7\u00e3o de profundidade e d\u00e1 um charme todo especial!<\/p>\n<h3>Ilumina\u00e7\u00e3o Estrat\u00e9gica<\/h3>\n<figure style=\"width: 1024px\" class=\"wp-caption aligncenter\"><img decoding=\"async\" src=\"https:\/\/www.aarquiteta.com.br\/blog\/wp-content\/uploads\/2025\/02\/como-transformar-seu-quarto-com-pequenas-mudancas03.jpg\" alt=\"Como transformar seu quarto com pequenas mudan\u00e7as.\" width=\"1024\" height=\"1024\" title=\"\"><figcaption class=\"wp-caption-text\">Como transformar seu quarto com pequenas mudan\u00e7as.<\/figcaption><\/figure>\n<p>Agora, vamos conversar sobre <b>ilumina\u00e7\u00e3o<\/b>. Voc\u00ea sabia que a luz pode elevar o clima do seu quarto em um piscar de olhos? Trocar as l\u00e2mpadas comuns por op\u00e7\u00f5es de LED com diferentes intensidades pode criar um efeito super moderno. <\/p>\n<p>Al\u00e9m disso, o uso de abajures e lumin\u00e1rias de <b>trilho<\/b> pode adicionar um toque especial \u00e0 decora\u00e7\u00e3o! Por que n\u00e3o iluminar aquele cantinho perfeito pra leitura? Garanto que voc\u00ea vai amar!<\/p>\n<h3>Organiza\u00e7\u00e3o e Desapego<\/h3>\n<figure style=\"width: 1024px\" class=\"wp-caption aligncenter\"><img decoding=\"async\" src=\"https:\/\/www.aarquiteta.com.br\/blog\/wp-content\/uploads\/2025\/02\/como-transformar-seu-quarto-com-pequenas-mudancas02.jpg\" alt=\"Como transformar seu quarto com pequenas mudan\u00e7as.\" width=\"1024\" height=\"1024\" title=\"\"><figcaption class=\"wp-caption-text\">Como transformar seu quarto com pequenas mudan\u00e7as.<\/figcaption><\/figure>\n<p>Muita gente acha que precisa de muito espa\u00e7o para ter um ambiente bonito, mas a <b>organiza\u00e7\u00e3o<\/b> faz toda a diferen\u00e7a. Que tal dar uma olhada nas suas coisas e desapegar do que n\u00e3o usa mais? Al\u00e9m de abrir espa\u00e7o, voc\u00ea vai sentir um al\u00edvio ao ver o que realmente importa. <\/p>\n<p>Se voc\u00ea se dedicar a manter o ambiente organizado, como aqueles quartos de revistas, pode-se criar um sentimento de <b>tranquilidade<\/b> que vai al\u00e9m da est\u00e9tica. Pense em prateleiras para organizar livros ou caixas para guardar objetos \u2014 s\u00f3 isso j\u00e1 faz toda a diferen\u00e7a!<\/p>\n<h3>Toques Pessoais e Acess\u00f3rios<\/h3>\n<figure style=\"width: 1024px\" class=\"wp-caption aligncenter\"><img decoding=\"async\" src=\"https:\/\/www.aarquiteta.com.br\/blog\/wp-content\/uploads\/2025\/02\/como-transformar-seu-quarto-com-pequenas-mudancas01.jpg\" alt=\"Como transformar seu quarto com pequenas mudan\u00e7as.\" width=\"1024\" height=\"1024\" title=\"\"><figcaption class=\"wp-caption-text\">Como transformar seu quarto com pequenas mudan\u00e7as.<\/figcaption><\/figure>\n<p>Por \u00faltimo, mas n\u00e3o menos importante, vamos falar sobre os <b>detalhes<\/b>. Eles t\u00eam o poder de contar a sua hist\u00f3ria! Que tal investir em quadros, fotos ou almofadas com estampas que voc\u00ea ama? Um quadro feito por voc\u00ea ou uma foto de um momento marcante traz \u00e0 tona mem\u00f3rias e sentimentos. <\/p>\n<p>Al\u00e9m disso, tapetes e cortinas novas podem dar uma nova vida ao ambiente, rivalizando at\u00e9 com os mais bem decorados. Voc\u00ea pode at\u00e9 incorporar plantas! Afinal, um pouco de verde sempre renova as energias!<\/p>\n<h3>Resumo Final<\/h3>\n<p>Transformar seu quarto n\u00e3o precisa ser uma tarefa complicada. Com pequenas <b>mudan\u00e7as<\/b> nas cores, ilumina\u00e7\u00e3o, organiza\u00e7\u00e3o e detalhes pessoais, voc\u00ea pode criar um espa\u00e7o acolhedor e que reflita sua personalidade. E a\u00ed, pronto para dar aquele toque especial no seu ambiente?<\/p>\n<h3>Perguntas Frequentes (FAQ)<\/h3>\n<h3>Assista agora a minha recomenda\u00e7\u00e3o de video abaixo sobre o tema que estamos tratando neste artigo: <\/h3>\n<p><div class=\"youtube-embed\" data-video_id=\"6KawaXD48rU\"><iframe title=\"Solu\u00e7\u00e3o para QUARTO PEQUENO\" width=\"696\" height=\"392\" src=\"https:\/\/www.youtube.com\/embed\/6KawaXD48rU?feature=oembed&#038;enablejsapi=1\" frameborder=\"0\" allow=\"accelerometer; autoplay; clipboard-write; encrypted-media; gyroscope; picture-in-picture; web-share\" referrerpolicy=\"strict-origin-when-cross-origin\" allowfullscreen><\/iframe><\/div>\n<\/p>\n<ul>\n<li><b>Como escolher a cor ideal para meu quarto?<\/b> Pense na sensa\u00e7\u00e3o que quer transmitir. Cores claras ampliam, enquanto cores escuras aquecem.<\/li>\n<li><b>Qual o melhor tipo de ilumina\u00e7\u00e3o?<\/b> Misturar diferentes fontes de luz, como geral, de tarefa e de destaque \u00e9 sempre uma boa ideia!<\/li>\n<li><b>Preciso de muito espa\u00e7o para ter um quarto bonito?<\/b> N\u00e3o, a organiza\u00e7\u00e3o \u00e9 chave! Desapegue do que n\u00e3o usa e aproveite o que tem!<\/li>\n<\/ul>\n<p>Se voc\u00ea tiver alguma d\u00favida ou queira compartilhar suas experi\u00eancias, deixe um coment\u00e1rio abaixo! Vamos conversar e trocar ideias sobre como deixar os nossos quartos ainda mais incr\u00edveis!<\/p>\n","protected":false},"excerpt":{"rendered":"<p>Veja como pequenas altera\u00e7\u00f5es podem renovar o visual do seu quarto, criando um ambiente mais moderno, confort\u00e1vel e convidativo.<\/p>\n","protected":false},"author":102,"featured_media":144258,"comment_status":"open","ping_status":"","sticky":false,"template":"","format":"standard","meta":{"footnotes":""},"categories":[1484,971,18792,18794],"tags":[],"class_list":["post-144261","post","type-post","status-publish","format-standard","has-post-thumbnail","category-decoracao","category-design-de-interiores","category-decoracao-de-apartamento","category-projetos-de-decoracao-de-casas"],"_wp_attached_file":null,"_wp_attachment_metadata":null,"_wp_attachment_context":null,"_wp_attachment_is_custom_header":null,"geo_longitude":null,"geo_public":null,"geo_latitude":null,"_publicize_done_external":null,"_wpas_done_3897181":null,"publicize_twitter_user":null,"_wpas_done_3897175":null,"_wpas_skip_3897181":null,"_wpas_skip_3897175":null,"_wpas_skip_3924723":null,"_wpas_mess":null,"_wpas_done_3924723":null,"wps_subtitle":"","_links":{"self":[{"href":"https:\/\/www.aarquiteta.com.br\/blog\/wp-json\/wp\/v2\/posts\/144261","targetHints":{"allow":["GET"]}}],"collection":[{"href":"https:\/\/www.aarquiteta.com.br\/blog\/wp-json\/wp\/v2\/posts"}],"about":[{"href":"https:\/\/www.aarquiteta.com.br\/blog\/wp-json\/wp\/v2\/types\/post"}],"author":[{"embeddable":true,"href":"https:\/\/www.aarquiteta.com.br\/blog\/wp-json\/wp\/v2\/users\/102"}],"replies":[{"embeddable":true,"href":"https:\/\/www.aarquiteta.com.br\/blog\/wp-json\/wp\/v2\/comments?post=144261"}],"version-history":[{"count":0,"href":"https:\/\/www.aarquiteta.com.br\/blog\/wp-json\/wp\/v2\/posts\/144261\/revisions"}],"wp:featuredmedia":[{"embeddable":true,"href":"https:\/\/www.aarquiteta.com.br\/blog\/wp-json\/wp\/v2\/media\/144258"}],"wp:attachment":[{"href":"https:\/\/www.aarquiteta.com.br\/blog\/wp-json\/wp\/v2\/media?parent=144261"}],"wp:term":[{"taxonomy":"category","embeddable":true,"href":"https:\/\/www.aarquiteta.com.br\/blog\/wp-json\/wp\/v2\/categories?post=144261"},{"taxonomy":"post_tag","embeddable":true,"href":"https:\/\/www.aarquiteta.com.br\/blog\/wp-json\/wp\/v2\/tags?post=144261"}],"curies":[{"name":"wp","href":"https:\/\/api.w.org\/{rel}","templated":true}]}}