{"id":144243,"date":"2025-02-19T10:59:49","date_gmt":"2025-02-19T13:59:49","guid":{"rendered":"https:\/\/www.aarquiteta.com.br\/blog\/plantas-para-jardim-vertical-em-vasos\/"},"modified":"2025-02-19T10:59:49","modified_gmt":"2025-02-19T13:59:49","slug":"plantas-para-jardim-vertical-em-vasos","status":"publish","type":"post","link":"https:\/\/www.aarquiteta.com.br\/blog\/plantas-para-jardim-vertical-em-vasos\/","title":{"rendered":"17 Plantas Perfeitas para Criar Um Jardim Vertical em Vasos"},"content":{"rendered":"<p>Transformar um cantinho da sua casa em um <b>jardim vertical<\/b> pode dar um jeito n\u00e3o s\u00f3 no visual, mas tamb\u00e9m na qualidade do ar! Que tal conferir 17 plantas perfeitas para deixar o seu espa\u00e7o verde, bonito e saud\u00e1vel?<\/p>\n<h2>Descubra as Plantas Ideais para o Seu Jardim Vertical<\/h2>\n<h3>1. Samambaia Americana<\/h3>\n<figure style=\"width: 1024px\" class=\"wp-caption aligncenter\"><img decoding=\"async\" src=\"https:\/\/www.aarquiteta.com.br\/blog\/wp-content\/uploads\/2025\/02\/plantas-para-jardim-vertical-em-vasos04.jpg\" alt=\"17 Plantas Perfeitas para Criar Um Jardim Vertical em Vasos\" width=\"1024\" height=\"1024\" title=\"\"><figcaption class=\"wp-caption-text\">17 Plantas Perfeitas para Criar Um Jardim Vertical em Vasos<\/figcaption><\/figure>\n<p>A <b>Samambaia Americana<\/b> \u00e9 pura eleg\u00e2ncia. Essas folhas verdes e volumosas proporcionam uma sensa\u00e7\u00e3o de frescor. <b>Ela se d\u00e1 bem em ambientes com sombra<\/b>, ideal para quem n\u00e3o tem tanta luz natural. Mas cuidado: nada de sol direto, viu?<\/p>\n<h3>2. Renda Portuguesa<\/h3>\n<figure style=\"width: 1024px\" class=\"wp-caption aligncenter\"><img decoding=\"async\" src=\"https:\/\/www.aarquiteta.com.br\/blog\/wp-content\/uploads\/2025\/02\/plantas-para-jardim-vertical-em-vasos03.jpg\" alt=\"17 Plantas Perfeitas para Criar Um Jardim Vertical em Vasos\" width=\"1024\" height=\"1024\" title=\"\"><figcaption class=\"wp-caption-text\">17 Plantas Perfeitas para Criar Um Jardim Vertical em Vasos<\/figcaption><\/figure>\n<p>Com um toque delicado, a <b>Renda Portuguesa<\/b> (ou Davallia fejeensis) \u00e9 perfeita para contrastar com outras plantas. Se voc\u00ea quer um jardim com estilo, essa \u00e9 uma \u00f3tima escolha. Apenas lembre-se de que ela <b>amarra as folhas sob luz intensa<\/b>, ent\u00e3o proteja-a com sombra.<\/p>\n<h3>3. Chifre de Veado<\/h3>\n<figure style=\"width: 1024px\" class=\"wp-caption aligncenter\"><img decoding=\"async\" src=\"https:\/\/www.aarquiteta.com.br\/blog\/wp-content\/uploads\/2025\/02\/plantas-para-jardim-vertical-em-vasos02.jpg\" alt=\"17 Plantas Perfeitas para Criar Um Jardim Vertical em Vasos\" width=\"1024\" height=\"1024\" title=\"\"><figcaption class=\"wp-caption-text\">17 Plantas Perfeitas para Criar Um Jardim Vertical em Vasos<\/figcaption><\/figure>\n<p>Essa beleza chamada <b>Chifre de Veado<\/b> traz um ar ex\u00f3tico para o seu jardim vertical. As folhas longas e recortadas v\u00e3o chamar a aten\u00e7\u00e3o. <b>Ideal para ser o ponto central<\/b> do seu arranjo!<\/p>\n<h3>4. Cacto Macarr\u00e3o<\/h3>\n<figure style=\"width: 1024px\" class=\"wp-caption aligncenter\"><img decoding=\"async\" src=\"https:\/\/www.aarquiteta.com.br\/blog\/wp-content\/uploads\/2025\/02\/plantas-para-jardim-vertical-em-vasos01.jpg\" alt=\"17 Plantas Perfeitas para Criar Um Jardim Vertical em Vasos\" width=\"1024\" height=\"1024\" title=\"\"><figcaption class=\"wp-caption-text\">17 Plantas Perfeitas para Criar Um Jardim Vertical em Vasos<\/figcaption><\/figure>\n<p>O <b>Cacto Macarr\u00e3o<\/b> (Rhipsalis baccifera) \u00e9 resistente e muito charmoso. Com suas cascatas de folhas, ele traz aquela vibe despojada que adoramos. E o melhor: n\u00e3o precisa de muitos cuidados, apenas meia-sombra!<\/p>\n<h3>5. Lambari<\/h3>\n<p>Quem n\u00e3o gosta de uma corzinha no verde? O <b>Lambari<\/b> (Tradescantia zebrina) \u00e9 \u00f3timo para tirar a monotonia do espa\u00e7o. Ele vai bem em luz indireta e vai encantar com sua folhagem colorida!<\/p>\n<h3>6. V\u00e9u de Noiva<\/h3>\n<h3>Assista agora a minha recomenda\u00e7\u00e3o de video abaixo sobre o tema que estamos tratando neste artigo: <\/h3>\n<p><div class=\"youtube-embed\" data-video_id=\"SMFDj-e-0yo\"><iframe title=\"10 PLANTAS PERFEITAS PARA JARDIM VERTICAL\" width=\"696\" height=\"392\" src=\"https:\/\/www.youtube.com\/embed\/SMFDj-e-0yo?feature=oembed&#038;enablejsapi=1\" frameborder=\"0\" allow=\"accelerometer; autoplay; clipboard-write; encrypted-media; gyroscope; picture-in-picture; web-share\" referrerpolicy=\"strict-origin-when-cross-origin\" allowfullscreen><\/iframe><\/div>\n<\/p>\n<p>Se voc\u00ea busca delicadeza, o <b>V\u00e9u de Noiva<\/b> (Gibasis pellucida) \u00e9 perfeito. Suas flores brancas e folhagens finas trazem suavidade ao jardim. Coloque em ambientes de <b>meia sombra<\/b> e observe a beleza surgir!<\/p>\n<h3>7. Peperomia Pendente<\/h3>\n<p>Essa variegata, tamb\u00e9m conhecida como <b>Peperomia serpens<\/b>, \u00e9 uma queridinha. Seu efeito pendente d\u00e1 um charme todo especial, e ainda \u00e9 f\u00e1cil de cuidar. Basta manter longe do sol forte!<\/p>\n<h3>8. Jiboia<\/h3>\n<p>A <b>Jiboia<\/b> (Epipremnum pinnatum) \u00e9 uma planta que se destaca pela exuber\u00e2ncia. Ideal para pendurar, ela cria verdadeiras cascatas de verde. Se voc\u00ea quer algo f\u00e1cil e bonito, essa \u00e9 a escolha certa!<\/p>\n<h3>9. Monstera Adansonii<\/h3>\n<p>Olha essa! A <b>Monstera Adansonii<\/b>, ou Costela-de-Eva, \u00e9 um \u00edcone entre as plantas internas. Seus recortes nas folhas s\u00e3o de encantar. Uma planta de folhagem perfeita para quem busca boas vibra\u00e7\u00f5es!<\/p>\n<h3>10. Ger\u00e2nio Pendente<\/h3>\n<p>O <b>Ger\u00e2nio Pendente<\/b> (Pelargonium peltatum) adora sol e pode adicionar um colorido incr\u00edvel ao seu espa\u00e7o. Flores vibrantes e <b>f\u00e1cil de cuidar<\/b>: essa planta n\u00e3o passa desapercebida!<\/p>\n<h3>11. Brinco de Princesa<\/h3>\n<p>Essa fofa \u00e9 o <b>Brinco de Princesa<\/b> (Fuchsia). Com suas flores bonitas, ela adora climas frescos e traz um ar encantador ao ambiente. Vale o espa\u00e7o no jardim vertical!<\/p>\n<h3>12. Onze Horas<\/h3>\n","protected":false},"excerpt":{"rendered":"<p>Descubra tudo sobre plantas para jardim vertical em vasos. Dicas e cuidados essenciais para o cultivo e manuten\u00e7\u00e3o.<\/p>\n","protected":false},"author":102,"featured_media":144240,"comment_status":"open","ping_status":"","sticky":false,"template":"","format":"standard","meta":{"footnotes":""},"categories":[9612,18792,18794],"tags":[],"class_list":["post-144243","post","type-post","status-publish","format-standard","has-post-thumbnail","category-jardinagem","category-decoracao-de-apartamento","category-projetos-de-decoracao-de-casas"],"_wp_attached_file":null,"_wp_attachment_metadata":null,"_wp_attachment_context":null,"_wp_attachment_is_custom_header":null,"geo_longitude":null,"geo_public":null,"geo_latitude":null,"_publicize_done_external":null,"_wpas_done_3897181":null,"publicize_twitter_user":null,"_wpas_done_3897175":null,"_wpas_skip_3897181":null,"_wpas_skip_3897175":null,"_wpas_skip_3924723":null,"_wpas_mess":null,"_wpas_done_3924723":null,"wps_subtitle":"","_links":{"self":[{"href":"https:\/\/www.aarquiteta.com.br\/blog\/wp-json\/wp\/v2\/posts\/144243","targetHints":{"allow":["GET"]}}],"collection":[{"href":"https:\/\/www.aarquiteta.com.br\/blog\/wp-json\/wp\/v2\/posts"}],"about":[{"href":"https:\/\/www.aarquiteta.com.br\/blog\/wp-json\/wp\/v2\/types\/post"}],"author":[{"embeddable":true,"href":"https:\/\/www.aarquiteta.com.br\/blog\/wp-json\/wp\/v2\/users\/102"}],"replies":[{"embeddable":true,"href":"https:\/\/www.aarquiteta.com.br\/blog\/wp-json\/wp\/v2\/comments?post=144243"}],"version-history":[{"count":0,"href":"https:\/\/www.aarquiteta.com.br\/blog\/wp-json\/wp\/v2\/posts\/144243\/revisions"}],"wp:featuredmedia":[{"embeddable":true,"href":"https:\/\/www.aarquiteta.com.br\/blog\/wp-json\/wp\/v2\/media\/144240"}],"wp:attachment":[{"href":"https:\/\/www.aarquiteta.com.br\/blog\/wp-json\/wp\/v2\/media?parent=144243"}],"wp:term":[{"taxonomy":"category","embeddable":true,"href":"https:\/\/www.aarquiteta.com.br\/blog\/wp-json\/wp\/v2\/categories?post=144243"},{"taxonomy":"post_tag","embeddable":true,"href":"https:\/\/www.aarquiteta.com.br\/blog\/wp-json\/wp\/v2\/tags?post=144243"}],"curies":[{"name":"wp","href":"https:\/\/api.w.org\/{rel}","templated":true}]}}