{"id":144185,"date":"2025-02-18T15:12:44","date_gmt":"2025-02-18T18:12:44","guid":{"rendered":"https:\/\/www.aarquiteta.com.br\/blog\/porcelanato-preto-3\/"},"modified":"2025-02-18T15:12:44","modified_gmt":"2025-02-18T18:12:44","slug":"porcelanato-preto-3","status":"publish","type":"post","link":"https:\/\/www.aarquiteta.com.br\/blog\/porcelanato-preto-3\/","title":{"rendered":"Descubra Como a Arquitetura Moderna Pode Transformar Seu Espa\u00e7o!"},"content":{"rendered":"<p>Voc\u00ea j\u00e1 parou para pensar em como a <b>arquitetura moderna<\/b> pode transformar a nossa maneira de viver e trabalhar? Neste artigo, vou levar voc\u00ea a explorar ideias inovadoras e tend\u00eancias que est\u00e3o moldando ambientes <b>funcionais<\/b> e inspiradores.<\/p>\n<h3>Introdu\u00e7\u00e3o \u00e0 Arquitetura Moderna<\/h3>\n<figure style=\"width: 1024px\" class=\"wp-caption aligncenter\"><img decoding=\"async\" src=\"https:\/\/www.aarquiteta.com.br\/blog\/wp-content\/uploads\/2025\/02\/porcelanato-preto-01.jpg\" alt=\"Explorando as Possibilidades na Arquitetura Moderna\" width=\"1024\" height=\"1024\" title=\"\"><figcaption class=\"wp-caption-text\">Explorando as Possibilidades na Arquitetura Moderna<\/figcaption><\/figure>\n<p>Neste universo em que vivemos, a <b>arquitetura moderna<\/b> vem se destacando cada vez mais. Ao contr\u00e1rio do que muitos pensam, essa linha n\u00e3o se restringe apenas a linhas retas e muita tecnologia, mas envolve uma profundo entendimento das necessidades humanas e uma <b>intera\u00e7\u00e3o harmoniosa<\/b> com o ambiente. Vamos juntos descobrir as possibilidades fascinantes que ela oferece!<\/p>\n<h3>Espa\u00e7os Inovadores: O Que Isso Significa?<\/h3>\n<img decoding=\"async\" src=\"\" alt=\"\" title=\"\">\n<p>Espa\u00e7os inovadores s\u00e3o aqueles que conseguem <b>revolucionar<\/b> a forma como nos relacionamos com nosso lar, escrit\u00f3rio ou qualquer ambiente onde passamos o tempo. Por exemplo, a Mariana, que comentou que sua sala era uma verdadeira &#8220;torta de ma\u00e7\u00e3&#8221;\u2014complicada de arrumar e sem charme\u2014decidiu aplicar a ideia de <b>multiuso<\/b>. Com m\u00f3veis que se transformam e uma paleta de cores suaves, o ambiente dela tornou-se acolhedor e funcional.<\/p>\n<p>Utilizar m\u00f3veis que servem a mais de uma finalidade \u00e9 uma tend\u00eancia que al\u00e9m de ser pr\u00e1tico, ainda mostra que podemos ter <b>estilo<\/b> sem abrir m\u00e3o da funcionalidade. E voc\u00ea, o que pensa sobre isso?<\/p>\n<h3>Ilumina\u00e7\u00e3o: O Cora\u00e7\u00e3o da Casa<\/h3>\n<img decoding=\"async\" src=\"\" alt=\"\" title=\"\">\n<p>Ah, a <b>ilumina\u00e7\u00e3o<\/b>! Tem algo mais poderoso do que a luz para revigorar um espa\u00e7o? J\u00e1 pensou como a ilumina\u00e7\u00e3o certa pode transformar a atmosfera da sua casa? Foi o que aconteceu com o Carlos, um amigo meu, que come\u00e7ou a usar lumin\u00e1rias de trilho e luzes direcionadas. O resultado final foi t\u00e3o surpreendente que ele disse que parecia que tinha mudado de endere\u00e7o, e n\u00e3o apenas a configura\u00e7\u00e3o dos pontos de luz!<\/p>\n<p>Ilumina\u00e7\u00e3o adequada pode fazer qualquer ambiente parecer mais <b>espa\u00e7oso<\/b> ou acolhedor. Uma dica quente \u00e9 misturar luzes quentes e frias para criar diferentes climas em diferentes \u00e1reas da casa. E a\u00ed, quem vai testar isso?<\/p>\n<h3>O Poder das Cores<\/h3>\n<figure style=\"width: 1024px\" class=\"wp-caption aligncenter\"><img decoding=\"async\" src=\"https:\/\/www.aarquiteta.com.br\/blog\/wp-content\/uploads\/2025\/02\/porcelanato-preto-02.jpg\" alt=\"Explorando as Possibilidades na Arquitetura Moderna\" width=\"1024\" height=\"1024\" title=\"\"><figcaption class=\"wp-caption-text\">Explorando as Possibilidades na Arquitetura Moderna<\/figcaption><\/figure>\n<p>Quando o assunto \u00e9 <b>decora\u00e7\u00e3o<\/b>, as cores t\u00eam um papel essencial. Voc\u00ea sabia que as tonalidades que escolhemos podem influenciar nosso humor? Para apaixonados por ambientes vibrantes, cores fortes podem energizar e motivar, enquanto tons neutros trazem tranquilidade. Lembro da Sofia, que decidiu usar um azul suave em sua sala; virou um ref\u00fagio de paz e <b>harmonia<\/b>!<\/p>\n<p>Por isso, se voc\u00ea quer entender um pouco mais sobre as emo\u00e7\u00f5es que cada cor pode trazer, \u00e9 t\u00e3o importante experimentar! Afinal, sua casa \u00e9 o seu reflexo. Que cor vai escolher para seu pr\u00f3ximo projeto?<\/p>\n<h3>Conclus\u00e3o: O Futuro da Arquitetura Moderna<\/h3>\n<img decoding=\"async\" src=\"\" alt=\"\" title=\"\">\n<p>A arquitetura moderna \u00e9 uma dan\u00e7a entre <b>funcionalidade<\/b> e est\u00e9tica que pode mudar a maneira como vivemos. Espero que voc\u00ea tenha encontrado inspira\u00e7\u00e3o para transformar seus pr\u00f3prios espa\u00e7os! Lembre-se: cada detalhe conta e pode deixar a sua marca pessoal. E se ainda sobrarem d\u00favidas ou voc\u00ea quiser compartilhar suas pr\u00f3prias experi\u00eancias, fique \u00e0 vontade! O que acha de deixar seu coment\u00e1rio abaixo?<\/p>\n<h3>Perguntas Frequentes<\/h3>\n<figure style=\"width: 1024px\" class=\"wp-caption aligncenter\"><img decoding=\"async\" src=\"https:\/\/www.aarquiteta.com.br\/blog\/wp-content\/uploads\/2025\/02\/porcelanato-preto-03.jpg\" alt=\"Explorando as Possibilidades na Arquitetura Moderna\" width=\"1024\" height=\"1024\" title=\"\"><figcaption class=\"wp-caption-text\">Explorando as Possibilidades na Arquitetura Moderna<\/figcaption><\/figure>\n<ul>\n<li><b>Como escolher o estilo certo para minha casa?<\/b> Considere seu estilo pessoal e as funcionalidades que voc\u00ea deseja para cada ambiente.<\/li>\n<li><b>Quais tend\u00eancias est\u00e3o em alta atualmente?<\/b> Espelhos estrat\u00e9gicos, ilumina\u00e7\u00e3o adaptativa e m\u00f3veis multifuncionais s\u00e3o algumas das apostas!<\/li>\n<li><b>Como as cores afetam o ambiente?<\/b> As cores podem criar sensa\u00e7\u00f5es diversas, aumentando a sensa\u00e7\u00e3o de espa\u00e7o ou trazendo conforto.<\/li>\n<\/ul>\n<p>Aguardo sua d\u00favida ou coment\u00e1rio! Vamos juntos explorar essas ideias!<\/p>\n<img decoding=\"async\" src=\"\" alt=\"\" title=\"\">\n<figure style=\"width: 1024px\" class=\"wp-caption aligncenter\"><img decoding=\"async\" src=\"https:\/\/www.aarquiteta.com.br\/blog\/wp-content\/uploads\/2025\/02\/porcelanato-preto-4.jpg\" alt=\"Explorando as Possibilidades na Arquitetura Moderna\" width=\"1024\" height=\"1024\" title=\"\"><figcaption class=\"wp-caption-text\">Explorando as Possibilidades na Arquitetura Moderna<\/figcaption><\/figure>\n<img decoding=\"async\" src=\"\" alt=\"\" title=\"\">\n<h3>Para se aprofundar mais sobre o tema, veja a minha recomenda\u00e7\u00e3o sobre o tema deste artigo no v\u00eddeo a seguir abaixo:<\/h3>\n<p><iframe title=\"YouTube video player\" src=\"https:\/\/www.youtube.com\/embed\/r3WQpM3NFDs\" width=\"560\" height=\"315\" frameborder=\"0\" allowfullscreen=\"allowfullscreen\"><\/iframe><\/p>\n<img decoding=\"async\" src=\"\" alt=\"\" title=\"\">\n","protected":false},"excerpt":{"rendered":"<p>Descubra novas ideias e tend\u00eancias em arquitetura e design, com foco em espa\u00e7os inovadores e funcionais.<\/p>\n","protected":false},"author":102,"featured_media":144184,"comment_status":"open","ping_status":"","sticky":false,"template":"","format":"standard","meta":{"footnotes":""},"categories":[35375,971,19206],"tags":[],"class_list":["post-144185","post","type-post","status-publish","format-standard","has-post-thumbnail","category-acabamentos","category-design-de-interiores","category-revestimentos"],"_wp_attached_file":null,"_wp_attachment_metadata":null,"_wp_attachment_context":null,"_wp_attachment_is_custom_header":null,"geo_longitude":null,"geo_public":null,"geo_latitude":null,"_publicize_done_external":null,"_wpas_done_3897181":null,"publicize_twitter_user":null,"_wpas_done_3897175":null,"_wpas_skip_3897181":null,"_wpas_skip_3897175":null,"_wpas_skip_3924723":null,"_wpas_mess":null,"_wpas_done_3924723":null,"wps_subtitle":"","_links":{"self":[{"href":"https:\/\/www.aarquiteta.com.br\/blog\/wp-json\/wp\/v2\/posts\/144185","targetHints":{"allow":["GET"]}}],"collection":[{"href":"https:\/\/www.aarquiteta.com.br\/blog\/wp-json\/wp\/v2\/posts"}],"about":[{"href":"https:\/\/www.aarquiteta.com.br\/blog\/wp-json\/wp\/v2\/types\/post"}],"author":[{"embeddable":true,"href":"https:\/\/www.aarquiteta.com.br\/blog\/wp-json\/wp\/v2\/users\/102"}],"replies":[{"embeddable":true,"href":"https:\/\/www.aarquiteta.com.br\/blog\/wp-json\/wp\/v2\/comments?post=144185"}],"version-history":[{"count":0,"href":"https:\/\/www.aarquiteta.com.br\/blog\/wp-json\/wp\/v2\/posts\/144185\/revisions"}],"wp:featuredmedia":[{"embeddable":true,"href":"https:\/\/www.aarquiteta.com.br\/blog\/wp-json\/wp\/v2\/media\/144184"}],"wp:attachment":[{"href":"https:\/\/www.aarquiteta.com.br\/blog\/wp-json\/wp\/v2\/media?parent=144185"}],"wp:term":[{"taxonomy":"category","embeddable":true,"href":"https:\/\/www.aarquiteta.com.br\/blog\/wp-json\/wp\/v2\/categories?post=144185"},{"taxonomy":"post_tag","embeddable":true,"href":"https:\/\/www.aarquiteta.com.br\/blog\/wp-json\/wp\/v2\/tags?post=144185"}],"curies":[{"name":"wp","href":"https:\/\/api.w.org\/{rel}","templated":true}]}}