{"id":144173,"date":"2025-02-18T13:15:09","date_gmt":"2025-02-18T16:15:09","guid":{"rendered":"https:\/\/www.aarquiteta.com.br\/blog\/5-dicas-combater-calor-excessivo-fevereiro\/"},"modified":"2025-02-18T13:15:09","modified_gmt":"2025-02-18T16:15:09","slug":"5-dicas-combater-calor-excessivo-fevereiro","status":"publish","type":"post","link":"https:\/\/www.aarquiteta.com.br\/blog\/5-dicas-combater-calor-excessivo-fevereiro\/","title":{"rendered":"5 dicas para combater o calor excessivo em fevereiro"},"content":{"rendered":"<p>Fevereiro chegou trazendo aquele calor\u00e3o de derreter! Para voc\u00ea que, assim como eu, n\u00e3o suporta o calor excessivo, eu preparei 5 dicas pequenas, por\u00e9m poderosas, que v\u00e3o te ajudar a se manter fresco e confort\u00e1vel nesses dias escaldantes. Vamos l\u00e1?<\/p>\n<h3>1. Hidrate-se Sempre!<\/h3>\n<figure style=\"width: 1024px\" class=\"wp-caption aligncenter\"><img decoding=\"async\" src=\"https:\/\/www.aarquiteta.com.br\/blog\/wp-content\/uploads\/2025\/02\/5-dicas-combater-calor-excessivo-fevereiro04.jpg\" alt=\"5 dicas para combater o calor excessivo em fevereiro\" width=\"1024\" height=\"1024\" title=\"\"><figcaption class=\"wp-caption-text\">5 dicas para combater o calor excessivo em fevereiro<\/figcaption><\/figure>\n<p>A primeira dica \u00e9 chatinha, mas \u00e9 a mais fundamental: <b>beba muita \u00e1gua<\/b>! Eu sempre carrego uma garrafinha comigo, porque, vamos ser sinceros, tomar aquele golpe de \u00e1gua gelada \u00e9 tudo o que a gente precisa. A hidrata\u00e7\u00e3o \u00e9 essencial para combater o calor e, de quebra, faz bem para a pele, cabelo e at\u00e9 o humor. Se voc\u00ea t\u00e1 cansado desse l\u00edquido incolor, experimente adicionar fatias de lim\u00e3o ou folhas de hortel\u00e3 para dar um saborzinho.<\/p>\n<h3>2. Vista-se de Forma Confort\u00e1vel<\/h3>\n<figure style=\"width: 1024px\" class=\"wp-caption aligncenter\"><img decoding=\"async\" src=\"https:\/\/www.aarquiteta.com.br\/blog\/wp-content\/uploads\/2025\/02\/5-dicas-combater-calor-excessivo-fevereiro03.jpg\" alt=\"5 dicas para combater o calor excessivo em fevereiro\" width=\"1024\" height=\"1024\" title=\"\"><figcaption class=\"wp-caption-text\">5 dicas para combater o calor excessivo em fevereiro<\/figcaption><\/figure>\n<p>Enquanto o calor aperta, nada pior do que estar sufocado com roupas apertadas. Neste calorz\u00e3o, eu opto sempre por <b>roupas leves<\/b> e de tecidos naturais como algod\u00e3o ou linho. Al\u00e9m de serem confort\u00e1veis, ajudam a pele a respirar. E c\u00e1 entre n\u00f3s, quem consegue ficar bem em roupas justas quando tudo que voc\u00ea quer \u00e9 se refrescar, n\u00e3o \u00e9 mesmo? E n\u00e3o se esque\u00e7a dos chap\u00e9us e \u00f3culos de sol, que s\u00e3o os nossos grandes aliados.<\/p>\n<h3>3. Abuse da Ventila\u00e7\u00e3o<\/h3>\n<figure style=\"width: 1024px\" class=\"wp-caption aligncenter\"><img decoding=\"async\" src=\"https:\/\/www.aarquiteta.com.br\/blog\/wp-content\/uploads\/2025\/02\/5-dicas-combater-calor-excessivo-fevereiro02.jpg\" alt=\"5 dicas para combater o calor excessivo em fevereiro\" width=\"1024\" height=\"1024\" title=\"\"><figcaption class=\"wp-caption-text\">5 dicas para combater o calor excessivo em fevereiro<\/figcaption><\/figure>\n<p>Um ambiente bem ventilado faz toda a diferen\u00e7a. Ent\u00e3o, se voc\u00ea ainda n\u00e3o tem um ventilador ou ar condicionado, ligue as janelas e fa\u00e7a uma brisa entrar! <b>Use cortinas leves<\/b> para bloquear a luz directa do sol e manter a temperatura amena. N\u00e3o d\u00e1 pra esquecer de uma boa ventila\u00e7\u00e3o noturna, hein? Deixe a janela aberta \u00e0 noite e sinta aquele ventinho gelado &#8211; melhor que qualquer dia de spa!<\/p>\n<h3>4. Alimente-se Leve<\/h3>\n<figure style=\"width: 1024px\" class=\"wp-caption aligncenter\"><img decoding=\"async\" src=\"https:\/\/www.aarquiteta.com.br\/blog\/wp-content\/uploads\/2025\/02\/5-dicas-combater-calor-excessivo-fevereiro01.jpg\" alt=\"5 dicas para combater o calor excessivo em fevereiro\" width=\"1024\" height=\"1024\" title=\"\"><figcaption class=\"wp-caption-text\">5 dicas para combater o calor excessivo em fevereiro<\/figcaption><\/figure>\n<p>O que comer quando o calor t\u00e1 de rachar? Aqui entra a quarta dica: <b>opte por refei\u00e7\u00f5es leves<\/b> e refrescantes! Saladas, frutas e sumos naturais v\u00e3o deixar seu est\u00f4mago feliz e evitar aquela sensa\u00e7\u00e3o de desconforto que vem com pratos pesados. Um belo smoothie de frutas pode ser a salva\u00e7\u00e3o para a sua tarde. Al\u00e9m disso, um prato colorido d\u00e1 at\u00e9 um \u00e2nimo a mais, n\u00e3o acha?<\/p>\n<h3>5. Aproveite a Tarde para se Refrescar<\/h3>\n<p>Por \u00faltimo, mas n\u00e3o menos importante: <b>use a criatividade para se refrescar<\/b>! Chame a galera pra um dia de piscina, ou fa\u00e7a aquela pausa no trabalho para um banho gelado. O bom humor \u00e9 contagiante, e se refrescar vai te ajudar n\u00e3o apenas fisicamente, mas mentalmente tamb\u00e9m. Quem disse que n\u00e3o d\u00e1 pra se divertir no calor?<\/p>\n<p>Ent\u00e3o, agora que j\u00e1 conhecemos essas 5 dicas quentes (ou seria frias?) pra lidar com o calor de fevereiro, lembre-se de que o mais importante \u00e9 se manter confort\u00e1vel e leve. E a\u00ed, j\u00e1 testou alguma dessas dicas? Deixe seu coment\u00e1rio aqui embaixo, vou adorar saber como voc\u00ea enfrenta essa temporada quente!<\/p>\n<h3>Perguntas Frequentes (FAQ)<\/h3>\n<h3>Assista agora a minha recomenda\u00e7\u00e3o de video abaixo sobre o tema que estamos tratando neste artigo: <\/h3>\n<p><div class=\"youtube-embed\" data-video_id=\"qNAeWmp1ugs\"><iframe title=\"Combater o calor em 5 passos\" width=\"696\" height=\"392\" src=\"https:\/\/www.youtube.com\/embed\/qNAeWmp1ugs?feature=oembed&#038;enablejsapi=1\" frameborder=\"0\" allow=\"accelerometer; autoplay; clipboard-write; encrypted-media; gyroscope; picture-in-picture; web-share\" referrerpolicy=\"strict-origin-when-cross-origin\" allowfullscreen><\/iframe><\/div>\n<\/p>\n<ul>\n<li><b>Qual \u00e9 a melhor bebida para se hidratar no calor?<\/b> \u00c1gua \u00e9 sempre a melhor escolha, mas infus\u00f5es de frutas tamb\u00e9m s\u00e3o \u00f3timas!<\/li>\n<li><b>Como posso refrescar meu ambiente sem ar-condicionado?<\/b> Ventiladores e cortinas leve funcionam super bem!<\/li>\n<li><b>\u00c9 verdade que comer frutas ajuda a se refrescar?<\/b> Sim! Frutas como melancia e abacaxi t\u00eam muita \u00e1gua e s\u00e3o refrescantes.<\/li>\n<\/ul>\n<p>Ent\u00e3o, bora aproveitar o calor com sabedoria e bom humor! Tenho certeza de que essas dicas v\u00e3o fazer a diferen\u00e7a nos seus dias quentes.<\/p>\n","protected":false},"excerpt":{"rendered":"<p>Descubra 5 dicas eficazes para combater o calor excessivo em fevereiro e se manter fresco e confort\u00e1vel durante os dias mais quentes do ano!<\/p>\n","protected":false},"author":102,"featured_media":144170,"comment_status":"open","ping_status":"","sticky":false,"template":"","format":"standard","meta":{"footnotes":""},"categories":[1484,971,18792,18794],"tags":[],"class_list":["post-144173","post","type-post","status-publish","format-standard","has-post-thumbnail","category-decoracao","category-design-de-interiores","category-decoracao-de-apartamento","category-projetos-de-decoracao-de-casas"],"_wp_attached_file":null,"_wp_attachment_metadata":null,"_wp_attachment_context":null,"_wp_attachment_is_custom_header":null,"geo_longitude":null,"geo_public":null,"geo_latitude":null,"_publicize_done_external":null,"_wpas_done_3897181":null,"publicize_twitter_user":null,"_wpas_done_3897175":null,"_wpas_skip_3897181":null,"_wpas_skip_3897175":null,"_wpas_skip_3924723":null,"_wpas_mess":null,"_wpas_done_3924723":null,"wps_subtitle":"","_links":{"self":[{"href":"https:\/\/www.aarquiteta.com.br\/blog\/wp-json\/wp\/v2\/posts\/144173","targetHints":{"allow":["GET"]}}],"collection":[{"href":"https:\/\/www.aarquiteta.com.br\/blog\/wp-json\/wp\/v2\/posts"}],"about":[{"href":"https:\/\/www.aarquiteta.com.br\/blog\/wp-json\/wp\/v2\/types\/post"}],"author":[{"embeddable":true,"href":"https:\/\/www.aarquiteta.com.br\/blog\/wp-json\/wp\/v2\/users\/102"}],"replies":[{"embeddable":true,"href":"https:\/\/www.aarquiteta.com.br\/blog\/wp-json\/wp\/v2\/comments?post=144173"}],"version-history":[{"count":0,"href":"https:\/\/www.aarquiteta.com.br\/blog\/wp-json\/wp\/v2\/posts\/144173\/revisions"}],"wp:featuredmedia":[{"embeddable":true,"href":"https:\/\/www.aarquiteta.com.br\/blog\/wp-json\/wp\/v2\/media\/144170"}],"wp:attachment":[{"href":"https:\/\/www.aarquiteta.com.br\/blog\/wp-json\/wp\/v2\/media?parent=144173"}],"wp:term":[{"taxonomy":"category","embeddable":true,"href":"https:\/\/www.aarquiteta.com.br\/blog\/wp-json\/wp\/v2\/categories?post=144173"},{"taxonomy":"post_tag","embeddable":true,"href":"https:\/\/www.aarquiteta.com.br\/blog\/wp-json\/wp\/v2\/tags?post=144173"}],"curies":[{"name":"wp","href":"https:\/\/api.w.org\/{rel}","templated":true}]}}