{"id":144149,"date":"2025-02-17T18:24:11","date_gmt":"2025-02-17T21:24:11","guid":{"rendered":"https:\/\/www.aarquiteta.com.br\/blog\/conceito-aberto-sala-cozinha\/"},"modified":"2025-02-17T18:24:11","modified_gmt":"2025-02-17T21:24:11","slug":"conceito-aberto-sala-cozinha","status":"publish","type":"post","link":"https:\/\/www.aarquiteta.com.br\/blog\/conceito-aberto-sala-cozinha\/","title":{"rendered":"Descubra como uma reforma simples pode valorizar seu apartamento!"},"content":{"rendered":"<p><b>Voc\u00ea sabia que uma simples reforma pode valorizar seu apartamento de forma surpreendente?<\/b> \u00c0s vezes, pequenos detalhes fazem toda a diferen\u00e7a em seu ambiente. Neste artigo, vou compartilhar dicas pr\u00e1ticas de como tornar seu espa\u00e7o mais valioso e atraente, com estrat\u00e9gias eficientes e acess\u00edveis.<\/p>\n<h3>Introdu\u00e7\u00e3o<\/h3>\n<img decoding=\"async\" src=\"https:\/\/www.aarquiteta.com.br\/blog\/wp-content\/uploads\/2025\/02\/planejamento-de-cozinha-conceito-aberto-1024x563.jpg\" alt=\"\" title=\"\">\n<p>Transformar um apartamento n\u00e3o precisa ser um projeto monumental, muito pelo contr\u00e1rio! Com algumas mudan\u00e7as simples, voc\u00ea pode n\u00e3o s\u00f3 deixar o ambiente mais agrad\u00e1vel como tamb\u00e9m aumentar seu valor de mercado. Vamos explorar como uma reforma simples pode fazer maravilhas no seu apartamento!<\/p>\n<h3>1. Cores e Ilumina\u00e7\u00e3o: Um Mundo de Diferen\u00e7a<\/h3>\n<img decoding=\"async\" src=\"https:\/\/www.aarquiteta.com.br\/blog\/wp-content\/uploads\/2025\/02\/conceito-aberto-sala-cozinha01.jpg\" alt=\"\" width=\"1024\" height=\"1024\" title=\"\">\n<p>Uma das mudan\u00e7as mais eficazes em qualquer ambiente \u00e9 a <b>escolha das cores<\/b>. Pense s\u00f3: cores claras, como branco e bege, podem criar uma sensa\u00e7\u00e3o de amplitude. J\u00e1 as cores mais escuras podem otorgar um toque de sofistica\u00e7\u00e3o e aconchego. \u00c9 como dar uma nova roupa ao seu apartamento!<\/p>\n<p>E n\u00e3o podemos esquecer da <b>ilumina\u00e7\u00e3o<\/b>. Investir em lumin\u00e1rias modernas e bem posicionadas pode transformar um canto esquecida em um espa\u00e7o convidativo. Que tal usar luzes direcionais ou pendentes estilosos? Eles fazem toda a diferen\u00e7a e, se voc\u00ea quiser impressionar, experimente as luzes regul\u00e1veis.<\/p>\n<h3>2. M\u00f3veis Multifuncionais: Estilo e Funcionalidade<\/h3>\n<img decoding=\"async\" src=\"https:\/\/www.aarquiteta.com.br\/blog\/wp-content\/uploads\/2025\/02\/conceito-aberto-sala-e-cozinha-1200x660.jpg\" alt=\"\" title=\"\">\n<p>Se tem uma coisa que amo \u00e9 <b>m\u00f3veis multifuncionais<\/b>! Eles s\u00e3o como o canivete su\u00ed\u00e7o da decora\u00e7\u00e3o. Um sof\u00e1-camas ou uma mesa que se expande pode otimizar o espa\u00e7o e atender a diferentes necessidades. \u00c9 pr\u00e1tico e, acredite, deixa o lugar com um ar super moderno!<\/p>\n<p>Al\u00e9m disso, n\u00e3o subestime o poder de uma <b>estante bonita<\/b> ou prateleiras criativas. Elas n\u00e3o s\u00f3 organizam o espa\u00e7o como tamb\u00e9m servem de vitrine para aqueles objetos de decora\u00e7\u00e3o que voc\u00ea adora. Vamos tirar o p\u00f3 e dar uma nova vida a essas pe\u00e7as!<\/p>\n<h3>3. Reorganiza\u00e7\u00e3o: Um Novo Olhar sobre o Espa\u00e7o<\/h3>\n<img decoding=\"async\" src=\"https:\/\/www.aarquiteta.com.br\/blog\/wp-content\/uploads\/2025\/02\/conceito-aberto-sala-cozinha02.jpg\" alt=\"\" width=\"1024\" height=\"1024\" title=\"\">\n<p>Que tal dar uma nova disposi\u00e7\u00e3o aos m\u00f3veis? \u00c0s vezes, uma simples <b>mudan\u00e7a de lugar<\/b> pode fazer seu apartamento parecer completamente diferente! Experimente afastar os m\u00f3veis das paredes ou criar um ponto focal, como uma poltrona aconchegante em um canto especial. \u00c9 como brincar de Tetris, mas com estilo!<\/p>\n<p>Se voc\u00ea tem dificuldade em visualizar, pode at\u00e9 optar por <b>fotos de inspira\u00e7\u00e3o<\/b> em redes sociais ou revistas. Isso vai te ajudar a ativar a criatividade e a repensar a disposi\u00e7\u00e3o dos ambientes.<\/p>\n<h3>4. Detalhes que Fazem a Diferen\u00e7a<\/h3>\n<img decoding=\"async\" src=\"https:\/\/www.aarquiteta.com.br\/blog\/wp-content\/uploads\/2025\/02\/vantagens-do-conceito-aberto-sala-e-cozinha-1024x563.jpg\" alt=\"\" title=\"\">\n<p>\u00c0s vezes, os pequenos detalhes \u00e9 que contam. Aposte em <b>quadros<\/b>, plantas e almofadas. Eles trazem vida e personalidade ao ambiente. Lembre-se que \u00e9 na soma dos pequenos detalhes que se constr\u00f3i um grande resultado!<\/p>\n<p>Cuidado com a desordem. Um ambiente limpo e bem organizado j\u00e1 tem seu charme. Fa\u00e7a uma limpa e veja como o espa\u00e7o fica mais leve e iluminado!<\/p>\n<h3>Conclus\u00e3o<\/h3>\n<img decoding=\"async\" src=\"https:\/\/www.aarquiteta.com.br\/blog\/wp-content\/uploads\/2025\/02\/conceito-aberto-sala-cozinha03.jpg\" alt=\"\" width=\"1024\" height=\"1024\" title=\"\">\n<p>A reforma do seu apartamento n\u00e3o precisa ser uma miss\u00e3o imposs\u00edvel. Com <b>mudan\u00e7as simples<\/b>, podemos valorizar nosso lar e torn\u00e1-lo ainda mais acolhedor. O importante \u00e9 ter uma vis\u00e3o clara do que deseja alcan\u00e7ar e n\u00e3o hesitar em colocar as ideias em pr\u00e1tica!<\/p>\n<h3>Perguntas Frequentes<\/h3>\n<img decoding=\"async\" src=\"https:\/\/www.aarquiteta.com.br\/blog\/wp-content\/uploads\/2025\/02\/importancia-da-integracao-de-ambientes-1024x563.jpg\" alt=\"\" title=\"\">\n<ul>\n<li><b>Qual a melhor cor para ampliar um espa\u00e7o?<\/b> Cores claras, como branco e pastel, s\u00e3o ideais para criar a sensa\u00e7\u00e3o de amplitude.<\/li>\n<li><b>Como posso organizar melhor o meu ambiente?<\/b> Experimente mudar o local dos m\u00f3veis e reduzir a quantidade de objetos decorativos.<\/li>\n<li><b>Vale a pena investir em m\u00f3veis multifuncionais?<\/b> Com certeza! Eles otimizam espa\u00e7o e trazem praticidade ao dia a dia.<\/li>\n<\/ul>\n<p>Gostou das dicas? Se tiver alguma d\u00favida ou sugest\u00e3o, sinta-se \u00e0 vontade para deixar um coment\u00e1rio abaixo! Vamos ajudar voc\u00ea a transformar seu apartamento em um espa\u00e7o mais lindo e acolhedor!<\/p>\n<img decoding=\"async\" src=\"https:\/\/www.aarquiteta.com.br\/blog\/wp-content\/uploads\/2025\/02\/conceito-aberto-sala-cozinha4.jpg\" alt=\"\" width=\"1024\" height=\"1024\" title=\"\">\n<img decoding=\"async\" src=\"https:\/\/www.aarquiteta.com.br\/blog\/wp-content\/uploads\/2025\/02\/decoracao-integrada-1024x563.jpg\" alt=\"\" title=\"\">\n<h3>Para se aprofundar mais sobre o tema, veja a minha recomenda\u00e7\u00e3o sobre o tema deste artigo no v\u00eddeo a seguir abaixo:<\/h3>\n<p><iframe title=\"YouTube video player\" src=\"https:\/\/www.youtube.com\/embed\/0PPnD5QHsec\" width=\"560\" height=\"315\" frameborder=\"0\" allowfullscreen=\"allowfullscreen\"><\/iframe><\/p>\n<img decoding=\"async\" src=\"https:\/\/www.aarquiteta.com.br\/blog\/wp-content\/uploads\/2025\/02\/otimizacao-de-espaco-em-apartamentos-pequenos-1024x563.jpg\" alt=\"\" title=\"\">\n","protected":false},"excerpt":{"rendered":"<p>Voc\u00ea sabia que uma simples reforma pode valorizar seu apartamento de forma surpreendente? \u00c0s vezes, pequenos detalhes fazem toda a diferen\u00e7a em seu ambiente. Neste artigo, vou compartilhar dicas pr\u00e1ticas de como tornar seu espa\u00e7o mais valioso e atraente, com estrat\u00e9gias eficientes e acess\u00edveis. Introdu\u00e7\u00e3o Transformar um apartamento n\u00e3o precisa ser um projeto monumental, muito [&hellip;]<\/p>\n","protected":false},"author":102,"featured_media":144141,"comment_status":"open","ping_status":"","sticky":false,"template":"","format":"standard","meta":{"footnotes":""},"categories":[1484],"tags":[],"class_list":["post-144149","post","type-post","status-publish","format-standard","has-post-thumbnail","category-decoracao"],"_wp_attached_file":null,"_wp_attachment_metadata":null,"_wp_attachment_context":null,"_wp_attachment_is_custom_header":null,"geo_longitude":null,"geo_public":null,"geo_latitude":null,"_publicize_done_external":null,"_wpas_done_3897181":null,"publicize_twitter_user":null,"_wpas_done_3897175":null,"_wpas_skip_3897181":null,"_wpas_skip_3897175":null,"_wpas_skip_3924723":null,"_wpas_mess":null,"_wpas_done_3924723":null,"wps_subtitle":"","_links":{"self":[{"href":"https:\/\/www.aarquiteta.com.br\/blog\/wp-json\/wp\/v2\/posts\/144149","targetHints":{"allow":["GET"]}}],"collection":[{"href":"https:\/\/www.aarquiteta.com.br\/blog\/wp-json\/wp\/v2\/posts"}],"about":[{"href":"https:\/\/www.aarquiteta.com.br\/blog\/wp-json\/wp\/v2\/types\/post"}],"author":[{"embeddable":true,"href":"https:\/\/www.aarquiteta.com.br\/blog\/wp-json\/wp\/v2\/users\/102"}],"replies":[{"embeddable":true,"href":"https:\/\/www.aarquiteta.com.br\/blog\/wp-json\/wp\/v2\/comments?post=144149"}],"version-history":[{"count":0,"href":"https:\/\/www.aarquiteta.com.br\/blog\/wp-json\/wp\/v2\/posts\/144149\/revisions"}],"wp:featuredmedia":[{"embeddable":true,"href":"https:\/\/www.aarquiteta.com.br\/blog\/wp-json\/wp\/v2\/media\/144141"}],"wp:attachment":[{"href":"https:\/\/www.aarquiteta.com.br\/blog\/wp-json\/wp\/v2\/media?parent=144149"}],"wp:term":[{"taxonomy":"category","embeddable":true,"href":"https:\/\/www.aarquiteta.com.br\/blog\/wp-json\/wp\/v2\/categories?post=144149"},{"taxonomy":"post_tag","embeddable":true,"href":"https:\/\/www.aarquiteta.com.br\/blog\/wp-json\/wp\/v2\/tags?post=144149"}],"curies":[{"name":"wp","href":"https:\/\/api.w.org\/{rel}","templated":true}]}}