{"id":144125,"date":"2025-02-17T17:43:26","date_gmt":"2025-02-17T20:43:26","guid":{"rendered":"https:\/\/www.aarquiteta.com.br\/blog\/fachadas-de-casas-avarandadas\/"},"modified":"2025-02-17T17:43:26","modified_gmt":"2025-02-17T20:43:26","slug":"fachadas-de-casas-avarandadas","status":"publish","type":"post","link":"https:\/\/www.aarquiteta.com.br\/blog\/fachadas-de-casas-avarandadas\/","title":{"rendered":"Transforme sua Casa: Segredos de Fachadas Simples com Varanda que Encantam!"},"content":{"rendered":"<p>Quer dar um **up** no visual da sua casa de forma simples e encantadora? Neste artigo, vou compartilhar segredos sobre fachadas que incluem varandas e que realmente fazem a diferen\u00e7a na apar\u00eancia e na atmosfera do lar. Vamos juntos nessa transforma\u00e7\u00e3o que pode ser, com certeza, uma verdadeira m\u00e1gica!<\/p>\n<h2>Transforme sua Casa: Segredos de Fachadas Simples com Varanda que Encantam!<\/h2>\n<h3>A Import\u00e2ncia da Fachada da Sua Casa<\/h3>\n<figure style=\"width: 1024px\" class=\"wp-caption aligncenter\"><img decoding=\"async\" src=\"https:\/\/www.aarquiteta.com.br\/blog\/wp-content\/uploads\/2025\/02\/tendencias-em-fachadas-2-1024x563.jpg\" alt=\"Tend\u00eancias em fachadas de casas simples.\" title=\"\"><figcaption class=\"wp-caption-text\">Tend\u00eancias em fachadas de casas simples.<\/figcaption><\/figure>\n<p>Quando se fala em **fachadas**, a primeira impress\u00e3o \u00e9 crucial. Afinal, \u00e9 o cart\u00e3o de visita do seu lar! Uma boa fachada n\u00e3o s\u00f3 melhora a est\u00e9tica, mas tamb\u00e9m pode valorizar o im\u00f3vel. Voc\u00ea sabia que investir em uma fachada com um jardinzinho pode aumentar o valor da sua casa em at\u00e9 20%? Voc\u00ea n\u00e3o vai querer perder essa oportunidade!<\/p>\n<h3>Elementos que Fazem Diferen\u00e7a<\/h3>\n<figure style=\"width: 1024px\" class=\"wp-caption aligncenter\"><img decoding=\"async\" src=\"https:\/\/www.aarquiteta.com.br\/blog\/wp-content\/uploads\/2025\/02\/fachadas-de-casas-avarandadas01.jpg\" alt=\"Fachadas de Casas Simples com Varanda: Inspire-se!\" width=\"1024\" height=\"1024\" title=\"\"><figcaption class=\"wp-caption-text\">Fachadas de Casas Simples com Varanda: Inspire-se!<\/figcaption><\/figure>\n<p>O que vale em uma fachada \u00e9 o toque pessoal. Cores claras, como o branco e o azul clarinho, ampliam visualmente os ambientes, fazendo com que tudo pare\u00e7a mais **arejado**. Al\u00e9m disso, colocar uma varanda charmosa \u00e9 um diferencial! Elas s\u00e3o perfeitas para aquelas noites agrad\u00e1veis, onde um bom papo com amigos faz toda a diferen\u00e7a. Que tal imaginar um fim de tarde aproveitando sua varanda com uma bebida, rodeado por flores frescas? A gente se sente em casa, n\u00e3o \u00e9 mesmo?<\/p>\n<h3>Varandas: O Charme que Completa a Fachada<\/h3>\n<figure style=\"width: 1024px\" class=\"wp-caption aligncenter\"><img decoding=\"async\" src=\"https:\/\/www.aarquiteta.com.br\/blog\/wp-content\/uploads\/2025\/02\/dicas-de-decoracao-para-varandas-1200x660.jpg\" alt=\"Dicas de decora\u00e7\u00e3o para varandas.\" title=\"\"><figcaption class=\"wp-caption-text\">Dicas de decora\u00e7\u00e3o para varandas.<\/figcaption><\/figure>\n<p>As **varandas** t\u00eam um papel especial nas fachadas, funcionando como extens\u00e3o da casa. Um espa\u00e7o onde a gente pode relaxar e receber os amigos. Aqui, a criatividade n\u00e3o tem limites! Que tal usar m\u00f3veis de madeira com almofadas confort\u00e1veis? Voc\u00ea pode criar um ambiente acolhedor e cheio de estilo, detalhe que faz seu lar se destacar. \u00c9 uma oportunidade perfeita para sair do cotidiano e aproveitar momentos bons ao ar livre.<\/p>\n<h3>Materiais Sustent\u00e1veis e Funcionais<\/h3>\n<figure style=\"width: 1024px\" class=\"wp-caption aligncenter\"><img decoding=\"async\" src=\"https:\/\/www.aarquiteta.com.br\/blog\/wp-content\/uploads\/2025\/02\/fachadas-de-casas-avarandadas02.jpg\" alt=\"Fachadas de Casas Simples com Varanda: Inspire-se!\" width=\"1024\" height=\"1024\" title=\"\"><figcaption class=\"wp-caption-text\">Fachadas de Casas Simples com Varanda: Inspire-se!<\/figcaption><\/figure>\n<p>Lembre-se: hoje em dia, **sustentabilidade** \u00e9 tudo! Usar materiais reciclados, como madeira de demoli\u00e7\u00e3o e tijolos, n\u00e3o s\u00f3 impacta positivamente a natureza, mas tamb\u00e9m d\u00e1 um toque especial \u00e0 sua fachada. E se a sua ideia \u00e9 economizar, saiba que optar por esses materiais pode reduzir os custos da reforma em at\u00e9 30%! Voc\u00ea ficar\u00e1 surpreso com o que um toque de natureza pode fazer. E, c\u00e1 entre n\u00f3s, essa conex\u00e3o com o verde traz uma aconchego que \u00e9 tudo de bom!<\/p>\n<h3>Dicas Finais para Transformar Sua Casa<\/h3>\n<figure style=\"width: 1024px\" class=\"wp-caption aligncenter\"><img decoding=\"async\" src=\"https:\/\/www.aarquiteta.com.br\/blog\/wp-content\/uploads\/2025\/02\/estilos-de-fachadas-1-1024x563.jpg\" alt=\"Estilos de fachadas de casas simples.\" title=\"\"><figcaption class=\"wp-caption-text\">Estilos de fachadas de casas simples.<\/figcaption><\/figure>\n<p>Transformar a fachada da sua casa \u00e9 um projeto incr\u00edvel, mas \u00e9 preciso ter aten\u00e7\u00e3o aos **detalhes**. Aposte em uma boa ilumina\u00e7\u00e3o, o que d\u00e1 um efeito maravilhoso na fachada \u00e0 noite. E claro, mantenha seu espa\u00e7o limpo e bem cuidado! Em resumo, uma fachada charmosa e uma varanda aconchegante podem fazer do seu lar um verdadeiro ref\u00fagio. Que tal? Vamos juntos criar sua casa dos sonhos!<\/p>\n<h3>FAQs &#8211; Perguntas Frequentes<\/h3>\n<figure style=\"width: 1024px\" class=\"wp-caption aligncenter\"><img decoding=\"async\" src=\"https:\/\/www.aarquiteta.com.br\/blog\/wp-content\/uploads\/2025\/02\/fachadas-de-casas-avarandadas03.jpg\" alt=\"Fachadas de Casas Simples com Varanda: Inspire-se!\" width=\"1024\" height=\"1024\" title=\"\"><figcaption class=\"wp-caption-text\">Fachadas de Casas Simples com Varanda: Inspire-se!<\/figcaption><\/figure>\n<ul>\n<li><b>Qual a import\u00e2ncia de escolher as cores certas?<\/b> Cores influenciam diretamente a sensa\u00e7\u00e3o de espa\u00e7o e conforto.<\/li>\n<li><b>Como posso decorar minha varanda?<\/b> Use plantas e m\u00f3veis confort\u00e1veis que tragam acolhimento ao espa\u00e7o.<\/li>\n<li><b>Que materiais s\u00e3o melhores para fachadas simples?<\/b> Madeira, tijolos e elementos reciclados s\u00e3o \u00f3timas escolhas!<\/li>\n<li><b>Como a conserva\u00e7\u00e3o das fachadas pode valorizar meu im\u00f3vel?<\/b> Uma fachada bem cuidada pode aumentar o valor da casa em at\u00e9 20%!<\/li>\n<\/ul>\n<p>Se voc\u00ea tem d\u00favidas ou quer compartilhar outras ideias, deixe seu coment\u00e1rio que vou adorar trocar experi\u00eancias e ajudar voc\u00ea a transformar ainda mais o seu lar!<\/p>\n<figure style=\"width: 1024px\" class=\"wp-caption aligncenter\"><img decoding=\"async\" src=\"https:\/\/www.aarquiteta.com.br\/blog\/wp-content\/uploads\/2025\/02\/fachadas-de-casas-simples-com-varanda-1-1024x563.jpg\" alt=\"Fachadas de casas simples com varanda.\" title=\"\"><figcaption class=\"wp-caption-text\">Fachadas de casas simples com varanda.<\/figcaption><\/figure>\n<figure style=\"width: 1024px\" class=\"wp-caption aligncenter\"><img decoding=\"async\" src=\"https:\/\/www.aarquiteta.com.br\/blog\/wp-content\/uploads\/2025\/02\/fachadas-de-casas-avarandadas4.jpg\" alt=\"Fachadas de Casas Simples com Varanda: Inspire-se!\" width=\"1024\" height=\"1024\" title=\"\"><figcaption class=\"wp-caption-text\">Fachadas de Casas Simples com Varanda: Inspire-se!<\/figcaption><\/figure>\n<figure style=\"width: 1024px\" class=\"wp-caption aligncenter\"><img decoding=\"async\" src=\"https:\/\/www.aarquiteta.com.br\/blog\/wp-content\/uploads\/2025\/02\/modelos-de-fachadas-com-varanda-1024x563.jpg\" alt=\"Modelos de fachadas com varanda.\" title=\"\"><figcaption class=\"wp-caption-text\">Modelos de fachadas com varanda.<\/figcaption><\/figure>\n<h3>Para se aprofundar mais sobre o tema, veja a minha recomenda\u00e7\u00e3o sobre o tema deste artigo no v\u00eddeo a seguir abaixo:<\/h3>\n<p><iframe title=\"YouTube video player\" src=\"https:\/\/www.youtube.com\/embed\/Sbe0bSsYe_U\" width=\"560\" height=\"315\" frameborder=\"0\" allowfullscreen=\"allowfullscreen\"><\/iframe><\/p>\n<figure style=\"width: 1024px\" class=\"wp-caption aligncenter\"><img decoding=\"async\" src=\"https:\/\/www.aarquiteta.com.br\/blog\/wp-content\/uploads\/2025\/02\/decoracao-de-varandas-1024x563.jpg\" alt=\"Decora\u00e7\u00e3o de varandas com ideias e dicas.\" title=\"\"><figcaption class=\"wp-caption-text\">Decora\u00e7\u00e3o de varandas com ideias e dicas.<\/figcaption><\/figure>\n","protected":false},"excerpt":{"rendered":"<p>Descubra Inspira\u00e7\u00f5es e dicas para fachadas de casas simples com varanda, aumentando a beleza e conforto do seu lar.<\/p>\n","protected":false},"author":102,"featured_media":144117,"comment_status":"open","ping_status":"","sticky":false,"template":"","format":"standard","meta":{"footnotes":""},"categories":[1484],"tags":[],"class_list":["post-144125","post","type-post","status-publish","format-standard","has-post-thumbnail","category-decoracao"],"_wp_attached_file":null,"_wp_attachment_metadata":null,"_wp_attachment_context":null,"_wp_attachment_is_custom_header":null,"geo_longitude":null,"geo_public":null,"geo_latitude":null,"_publicize_done_external":null,"_wpas_done_3897181":null,"publicize_twitter_user":null,"_wpas_done_3897175":null,"_wpas_skip_3897181":null,"_wpas_skip_3897175":null,"_wpas_skip_3924723":null,"_wpas_mess":null,"_wpas_done_3924723":null,"wps_subtitle":"","_links":{"self":[{"href":"https:\/\/www.aarquiteta.com.br\/blog\/wp-json\/wp\/v2\/posts\/144125","targetHints":{"allow":["GET"]}}],"collection":[{"href":"https:\/\/www.aarquiteta.com.br\/blog\/wp-json\/wp\/v2\/posts"}],"about":[{"href":"https:\/\/www.aarquiteta.com.br\/blog\/wp-json\/wp\/v2\/types\/post"}],"author":[{"embeddable":true,"href":"https:\/\/www.aarquiteta.com.br\/blog\/wp-json\/wp\/v2\/users\/102"}],"replies":[{"embeddable":true,"href":"https:\/\/www.aarquiteta.com.br\/blog\/wp-json\/wp\/v2\/comments?post=144125"}],"version-history":[{"count":0,"href":"https:\/\/www.aarquiteta.com.br\/blog\/wp-json\/wp\/v2\/posts\/144125\/revisions"}],"wp:featuredmedia":[{"embeddable":true,"href":"https:\/\/www.aarquiteta.com.br\/blog\/wp-json\/wp\/v2\/media\/144117"}],"wp:attachment":[{"href":"https:\/\/www.aarquiteta.com.br\/blog\/wp-json\/wp\/v2\/media?parent=144125"}],"wp:term":[{"taxonomy":"category","embeddable":true,"href":"https:\/\/www.aarquiteta.com.br\/blog\/wp-json\/wp\/v2\/categories?post=144125"},{"taxonomy":"post_tag","embeddable":true,"href":"https:\/\/www.aarquiteta.com.br\/blog\/wp-json\/wp\/v2\/tags?post=144125"}],"curies":[{"name":"wp","href":"https:\/\/api.w.org\/{rel}","templated":true}]}}