{"id":144065,"date":"2025-02-17T07:10:22","date_gmt":"2025-02-17T10:10:22","guid":{"rendered":"https:\/\/www.aarquiteta.com.br\/blog\/como-plantar-cravo-da-india\/"},"modified":"2025-02-17T07:10:22","modified_gmt":"2025-02-17T10:10:22","slug":"como-plantar-cravo-da-india","status":"publish","type":"post","link":"https:\/\/www.aarquiteta.com.br\/blog\/como-plantar-cravo-da-india\/","title":{"rendered":"Descubra como plantar cravo da \u00edndia e colher suas especiarias em casa!"},"content":{"rendered":"<p>Voc\u00ea j\u00e1 pensou em como \u00e9 f\u00e1cil cultivar cravo da \u00edndia em casa e usar essa especiaria deliciosa na sua cozinha? Em poucos passos, voc\u00ea pode ter um pequeno jardim de sabores ao seu alcance, trazendo frescor e sa\u00fade para suas refei\u00e7\u00f5es!<\/p>\n<h3>1. Introdu\u00e7\u00e3o<\/h3>\n<figure style=\"width: 1024px\" class=\"wp-caption aligncenter\"><img decoding=\"async\" src=\"https:\/\/www.aarquiteta.com.br\/blog\/wp-content\/uploads\/2025\/02\/como-plantar-cravo-da-india04.jpg\" alt=\"Descubra como plantar cravo da \u00edndia e colher suas especiarias em casa!\" width=\"1024\" height=\"1024\" title=\"\"><figcaption class=\"wp-caption-text\">Descubra como plantar cravo da \u00edndia e colher suas especiarias em casa!<\/figcaption><\/figure>\n<p>O cravo da \u00edndia, com seu aroma marcante e sabor peculiar, traz uma s\u00e9rie de benef\u00edcios culin\u00e1rios e medicinais. N\u00e3o \u00e9 \u00e0 toa que ele \u00e9 t\u00e3o valorizado! Neste artigo, vou te contar como <b>plantar cravo da \u00edndia<\/b> em 8 passos simples. Assim, voc\u00ea poder\u00e1 colher suas pr\u00f3prias especiarias, repletas de frescor e sabor.<\/p>\n<h3>2. Escolha um local ideal<\/h3>\n<figure style=\"width: 1024px\" class=\"wp-caption aligncenter\"><img decoding=\"async\" src=\"https:\/\/www.aarquiteta.com.br\/blog\/wp-content\/uploads\/2025\/02\/como-plantar-cravo-da-india03.jpg\" alt=\"Descubra como plantar cravo da \u00edndia e colher suas especiarias em casa!\" width=\"1024\" height=\"1024\" title=\"\"><figcaption class=\"wp-caption-text\">Descubra como plantar cravo da \u00edndia e colher suas especiarias em casa!<\/figcaption><\/figure>\n<p>Primeiramente, a escolha do local \u00e9 crucial. O cravo da \u00edndia ama um clima tropical e \u00famido, portanto, procure um espa\u00e7o que receba <b>luz solar por algumas horas<\/b> durante o dia. Ache um lugar que mantenha temperaturas por volta de 25\u00b0C e que tenha uma boa umidade no ar. Se voc\u00ea mora em um apartamento, pode at\u00e9 considerar um vaso no peitoril da janela ou na varanda!<\/p>\n<h3>3. Prepare a terra<\/h3>\n<figure style=\"width: 1024px\" class=\"wp-caption aligncenter\"><img decoding=\"async\" src=\"https:\/\/www.aarquiteta.com.br\/blog\/wp-content\/uploads\/2025\/02\/como-plantar-cravo-da-india02.jpg\" alt=\"Descubra como plantar cravo da \u00edndia e colher suas especiarias em casa!\" width=\"1024\" height=\"1024\" title=\"\"><figcaption class=\"wp-caption-text\">Descubra como plantar cravo da \u00edndia e colher suas especiarias em casa!<\/figcaption><\/figure>\n<p>Um solo bem preparado \u00e9 a base de tudo! Misture composto org\u00e2nico ou <b>h\u00famus de minhoca<\/b> \u00e0 terra para deix\u00e1-la super f\u00e9rtil. O pH deve estar entre 6 e 7, ent\u00e3o fique de olho nisso! Quando o solo estiver pronto, j\u00e1 vai dar pra sentir aquela empolga\u00e7\u00e3o de que algo bom est\u00e1 por vir!<\/p>\n<h3>4. Plante suas sementes ou mudas<\/h3>\n<figure style=\"width: 1024px\" class=\"wp-caption aligncenter\"><img decoding=\"async\" src=\"https:\/\/www.aarquiteta.com.br\/blog\/wp-content\/uploads\/2025\/02\/como-plantar-cravo-da-india01.jpg\" alt=\"Descubra como plantar cravo da \u00edndia e colher suas especiarias em casa!\" width=\"1024\" height=\"1024\" title=\"\"><figcaption class=\"wp-caption-text\">Descubra como plantar cravo da \u00edndia e colher suas especiarias em casa!<\/figcaption><\/figure>\n<p>Agora vamos para a parte divertida: o plantio! Se voc\u00ea optar por sementes, pressione elas a uma profundidade de <b>1 cm<\/b> no solo \u00famido. Se for usar mudas, coloque-as com delicadeza, garantindo que as ra\u00edzes estejam bem acomodadas. Lembre-se de que, dependendo da sua localiza\u00e7\u00e3o, o ideal \u00e9 plantar entre mar\u00e7o e abril!<\/p>\n<h3>5. Regas na medida certa<\/h3>\n<p>Regar \u00e9 fundamental, mas cuidado para n\u00e3o exagerar! O cravo da \u00edndia gosta de <b>umidade, mas n\u00e3o de encharcamento<\/b>. Regue a plante, especialmente em dias mais quentes, e ajuste a frequ\u00eancia conforme ela vai se desenvolvendo. Uma dica: quando estiver em fase adulta, voc\u00ea n\u00e3o precisar\u00e1 se preocupar tanto com isso!<\/p>\n<h3>6. Fa\u00e7a podas quando necess\u00e1rio<\/h3>\n<h3>Assista agora a minha recomenda\u00e7\u00e3o de video abaixo sobre o tema que estamos tratando neste artigo: <\/h3>\n<p><div class=\"youtube-embed\" data-video_id=\"JNRH1vI3Erc\"><iframe title=\"Vamos colher CRAVOS DA \u00cdNDIA? - Habitat Brasileiro #cravodaindia #especiarias #habitatbrasileiro\" width=\"696\" height=\"392\" src=\"https:\/\/www.youtube.com\/embed\/JNRH1vI3Erc?feature=oembed&#038;enablejsapi=1\" frameborder=\"0\" allow=\"accelerometer; autoplay; clipboard-write; encrypted-media; gyroscope; picture-in-picture; web-share\" referrerpolicy=\"strict-origin-when-cross-origin\" allowfullscreen><\/iframe><\/div>\n<\/p>\n<p>Muitas vezes, a poda pode ser um passo esquecido. Por\u00e9m, ela \u00e9 important\u00edssima para dar forma \u00e0 planta e remover galhos mortos. Al\u00e9m disso, fique esperto com pragas! O cravo costuma receber visitas indesejadas, como formigas. O que eu fa\u00e7o? Acompanhe de perto o seu amigo verde e traga mais cor e vida para o seu espa\u00e7o!<\/p>\n<h3>7. Aduba\u00e7\u00e3o<\/h3>\n<p>Todo mundo precisa de um boost, certo? O cravo da \u00edndia n\u00e3o \u00e9 diferente! Use <b>esterco curtido<\/b> bovino para fortalecer seu crescimento e, ap\u00f3s o quarto ano, comece a aplicar um NPK 11-30-17 para um empurr\u00e3ozinho extra. Assim, voc\u00ea ter\u00e1 plantas robustas e saud\u00e1veis, prontas para oferecer suas especiarias!<\/p>\n<h3>8. Hora da colheita!<\/h3>\n<p>Depois de dedicar todo esse cuidado, chega a hora mais esperada: a colheita! Em m\u00e9dia, seu cravo vai come\u00e7ar a dar frutos ap\u00f3s <b>quatro anos<\/b> de plantio. A safra ocorre entre outubro e novembro. Quando as flores mudarem de cor, \u00e9 hora de colher e secar ao sol por cerca de dois dias. Assim, voc\u00ea prolonga o sabor e o aroma do seu cravo.<\/p>\n<h3>Perguntas Frequentes (FAQ)<\/h3>\n<h4>1. O cravo da \u00edndia precisa de muito sol?<\/h4>\n<p>Sim, ele adora sol! Procure um local com pelo menos algumas horas de sol por dia.<\/p>\n<h4>2. Quanto tempo demora para um p\u00e9 de cravo produzir?<\/h4>\n<p>Leva em m\u00e9dia <b>quatro anos<\/b> ap\u00f3s o plantio para dar os primeiros frutos.<\/p>\n<h4>3. Como posso usar o cravo da \u00edndia na cozinha?<\/h4>\n<p>Voc\u00ea pode us\u00e1-lo em ch\u00e1s, doces e at\u00e9 em pratos salgados! \u00c9 uma explos\u00e3o de sabor!<\/p>\n<p>Espero que voc\u00ea tenha ficado animado para come\u00e7ar essa jornada verde! Nessa aventura, voc\u00ea n\u00e3o s\u00f3 vai aproveitar as especiarias deliciosas, mas tamb\u00e9m ter\u00e1 um pouco da natureza dentro da sua casa. N\u00e3o esque\u00e7a de deixar suas d\u00favidas ou coment\u00e1rios abaixo, estou aqui para ajudar!<\/p>\n","protected":false},"excerpt":{"rendered":"<p>Saiba tudo sobre como plantar cravo da \u00cdndia. Dicas, cuidados e informa\u00e7\u00f5es essenciais para seu jardim.<\/p>\n","protected":false},"author":102,"featured_media":144062,"comment_status":"open","ping_status":"","sticky":false,"template":"","format":"standard","meta":{"footnotes":""},"categories":[9612,18792,18794],"tags":[],"class_list":["post-144065","post","type-post","status-publish","format-standard","has-post-thumbnail","category-jardinagem","category-decoracao-de-apartamento","category-projetos-de-decoracao-de-casas"],"_wp_attached_file":null,"_wp_attachment_metadata":null,"_wp_attachment_context":null,"_wp_attachment_is_custom_header":null,"geo_longitude":null,"geo_public":null,"geo_latitude":null,"_publicize_done_external":null,"_wpas_done_3897181":null,"publicize_twitter_user":null,"_wpas_done_3897175":null,"_wpas_skip_3897181":null,"_wpas_skip_3897175":null,"_wpas_skip_3924723":null,"_wpas_mess":null,"_wpas_done_3924723":null,"wps_subtitle":"","_links":{"self":[{"href":"https:\/\/www.aarquiteta.com.br\/blog\/wp-json\/wp\/v2\/posts\/144065","targetHints":{"allow":["GET"]}}],"collection":[{"href":"https:\/\/www.aarquiteta.com.br\/blog\/wp-json\/wp\/v2\/posts"}],"about":[{"href":"https:\/\/www.aarquiteta.com.br\/blog\/wp-json\/wp\/v2\/types\/post"}],"author":[{"embeddable":true,"href":"https:\/\/www.aarquiteta.com.br\/blog\/wp-json\/wp\/v2\/users\/102"}],"replies":[{"embeddable":true,"href":"https:\/\/www.aarquiteta.com.br\/blog\/wp-json\/wp\/v2\/comments?post=144065"}],"version-history":[{"count":0,"href":"https:\/\/www.aarquiteta.com.br\/blog\/wp-json\/wp\/v2\/posts\/144065\/revisions"}],"wp:featuredmedia":[{"embeddable":true,"href":"https:\/\/www.aarquiteta.com.br\/blog\/wp-json\/wp\/v2\/media\/144062"}],"wp:attachment":[{"href":"https:\/\/www.aarquiteta.com.br\/blog\/wp-json\/wp\/v2\/media?parent=144065"}],"wp:term":[{"taxonomy":"category","embeddable":true,"href":"https:\/\/www.aarquiteta.com.br\/blog\/wp-json\/wp\/v2\/categories?post=144065"},{"taxonomy":"post_tag","embeddable":true,"href":"https:\/\/www.aarquiteta.com.br\/blog\/wp-json\/wp\/v2\/tags?post=144065"}],"curies":[{"name":"wp","href":"https:\/\/api.w.org\/{rel}","templated":true}]}}