{"id":144045,"date":"2025-02-16T18:31:35","date_gmt":"2025-02-16T21:31:35","guid":{"rendered":"https:\/\/www.aarquiteta.com.br\/blog\/apartamento-com-paineis\/"},"modified":"2025-02-16T18:31:35","modified_gmt":"2025-02-16T21:31:35","slug":"apartamento-com-paineis","status":"publish","type":"post","link":"https:\/\/www.aarquiteta.com.br\/blog\/apartamento-com-paineis\/","title":{"rendered":"Transforme seu apartamento pequeno: 42m\u00b2 com pain\u00e9is que ampliam espa\u00e7os"},"content":{"rendered":"<p>Voc\u00ea sabia que \u00e9 poss\u00edvel transformar um apartamento de apenas 42m\u00b2 em um espa\u00e7o amplo e cheio de estilo? Pois \u00e9! Com a ajuda de <b>pain\u00e9is modernos<\/b>, esse apartamento se torna um exemplo de como otimizar espa\u00e7os pequenos sem abrir m\u00e3o da eleg\u00e2ncia e conforto. Vamos descobrir juntos essa incr\u00edvel transforma\u00e7\u00e3o?<\/p>\n<h3>Transformando o espa\u00e7o: uma vis\u00e3o geral<\/h3>\n<figure style=\"width: 1024px\" class=\"wp-caption aligncenter\"><img decoding=\"async\" src=\"https:\/\/www.aarquiteta.com.br\/blog\/wp-content\/uploads\/2025\/02\/apartamento-com-paineis01.jpg\" alt=\"Transforme seu apartamento pequeno: 42m\u00b2 com pain\u00e9is que ampliam espa\u00e7os\" width=\"1024\" height=\"1024\" title=\"\"><figcaption class=\"wp-caption-text\">Transforme seu apartamento pequeno: 42m\u00b2 com pain\u00e9is que ampliam espa\u00e7os<\/figcaption><\/figure>\n<p>Quando entrei nesse apartamento de 42m\u00b2, minha primeira impress\u00e3o foi de que o lugar estava <b>apenas esperando por um toque de criatividade<\/b>. O projeto elaborado pela Pen\u00ednsula Arquitetura realmente me surpreendeu! Os arquitetos Jose Guilherme Carceles e Diogo Luz conseguiram criar um ambiente que parece muito maior do que realmente \u00e9, utilizando t\u00e9cnicas modernas e funcionais. O foco principal? A utiliza\u00e7\u00e3o de <b>pain\u00e9is que integram os espa\u00e7os<\/b> e criam uma sensa\u00e7\u00e3o de continuidade.<\/p>\n<p>Ao inv\u00e9s de paredes que fecham o ambiente, os <b>pain\u00e9is laqueados de MDF<\/b> s\u00e3o a estrela do show. Eles formam uma paleta harmoniosa que se conecta com o piso e o teto, dando uma incr\u00edvel sensa\u00e7\u00e3o de amplitude. \u00c9 como se a casa estivesse respirando, sabe? As cores, principalmente o verde dos pain\u00e9is, trazem um frescor que n\u00e3o apenas decora, mas tamb\u00e9m eleva todo o espa\u00e7o.<\/p>\n<h3>Integrando ambientes de forma criativa<\/h3>\n<figure style=\"width: 1024px\" class=\"wp-caption aligncenter\"><img decoding=\"async\" src=\"https:\/\/www.aarquiteta.com.br\/blog\/wp-content\/uploads\/2025\/02\/apartamento-com-paineis-3-730x487.jpg\" alt=\"Foto: Reprodu\u00e7\u00e3o\/Marco Antonio\" title=\"\"><figcaption class=\"wp-caption-text\">Foto: Reprodu\u00e7\u00e3o\/Marco Antonio<\/figcaption><\/figure>\n<p>Uma coisa que realmente destoa na decora\u00e7\u00e3o tradicional \u00e9 a ideia de ambientes separados. Aqui, com o uso de <b>pain\u00e9is<\/b>, a cozinha e a sala se unem em um conceito aberto que \u00e9 simplesmente maravilhoso! O acabamento do piso se estende por todo o apartamento, criando uma fluidez que engana os olhos e faz o espa\u00e7o parecer muito maior. \u00c9 uma verdadeira dan\u00e7a de integra\u00e7\u00e3o, onde cada canto encontra seu lugar.<\/p>\n<p>A paleta de cores \u00e9, sem d\u00favida, outro detalhe que me encantou. O uso de <b>tons neutros<\/b> e cinzas na decora\u00e7\u00e3o suaviza e harmoniza toda a composi\u00e7\u00e3o, enquanto os toques de verde dos pain\u00e9is d\u00e3o aquele &#8220;up&#8221; que o espa\u00e7o precisava. Me faz lembrar de um p\u00f4r do sol onde todas as cores se fundem em um espet\u00e1culo de beleza!<\/p>\n<h3>Funcionalidade e beleza caminham juntas<\/h3>\n<figure style=\"width: 1024px\" class=\"wp-caption aligncenter\"><img decoding=\"async\" src=\"https:\/\/www.aarquiteta.com.br\/blog\/wp-content\/uploads\/2025\/02\/apartamento-com-paineis-1.jpg\" alt=\"Foto: Reprodu\u00e7\u00e3o\/Marco Antonio\" title=\"\"><figcaption class=\"wp-caption-text\">Foto: Reprodu\u00e7\u00e3o\/Marco Antonio<\/figcaption><\/figure>\n<p>O que eu realmente adoro em projetos assim \u00e9 a <b>versatilidade<\/b>. Os pain\u00e9is n\u00e3o s\u00e3o apenas decorativos; eles t\u00eam um papel funcional. Por exemplo, a mesa de jantar de seis lugares que, magicamente, se torna um espa\u00e7o de armazenamento! \u00c9 aquela sensa\u00e7\u00e3o de &#8220;duas em uma&#8221; que todos n\u00f3s amamos. Eles transformam um utilit\u00e1rio em ponto focal da decora\u00e7\u00e3o.<\/p>\n<p>E n\u00e3o podemos esquecer do lavabo cheio de <b>personalidade<\/b>! Com um espelho que se estende por toda a parede, o ambiente se torna ainda mais espa\u00e7oso e iluminado. A combina\u00e7\u00e3o de detalhes minimalistas com o design cromado fala muito sobre a sofistica\u00e7\u00e3o que se pode alcan\u00e7ar mesmo em pequenos espa\u00e7os. Quanta modernidade, n\u00e3o \u00e9 mesmo?<\/p>\n<h3>Harmonia e estilo nas divis\u00f3rias<\/h3>\n<figure style=\"width: 1024px\" class=\"wp-caption aligncenter\"><img decoding=\"async\" src=\"https:\/\/www.aarquiteta.com.br\/blog\/wp-content\/uploads\/2025\/02\/apartamento-com-paineis02.jpg\" alt=\"Transforme seu apartamento pequeno: 42m\u00b2 com pain\u00e9is que ampliam espa\u00e7os\" width=\"1024\" height=\"1024\" title=\"\"><figcaption class=\"wp-caption-text\">Transforme seu apartamento pequeno: 42m\u00b2 com pain\u00e9is que ampliam espa\u00e7os<\/figcaption><\/figure>\n<p>Os pain\u00e9is verdes tamb\u00e9m atuam como divis\u00f3rias, separando \u00e1reas sociais e \u00edntimas de forma elegante. Em vez de muros e drywall, esses pain\u00e9is fazem com que tudo se sinta mais aberto e convidativo. A sensa\u00e7\u00e3o de estar em um <b>ambiente coeso<\/b> \u00e9, sem d\u00favida, um dos maiores trunfos desse projeto.<\/p>\n<h3>Dicas para quem ama otimizar pequenos espa\u00e7os<\/h3>\n<figure style=\"width: 1024px\" class=\"wp-caption aligncenter\"><img decoding=\"async\" src=\"https:\/\/www.aarquiteta.com.br\/blog\/wp-content\/uploads\/2025\/02\/ap-do-cass-00-286x160.jpg\" alt=\"Decora\u00e7\u00e3o neutra e minimalista encanta em ap\u00ea de 50m\u00b2\" title=\"\"><figcaption class=\"wp-caption-text\">Decora\u00e7\u00e3o neutra e minimalista encanta em ap\u00ea de 50m\u00b2<\/figcaption><\/figure>\n<p>Se voc\u00ea est\u00e1 pensando em transformar seu espa\u00e7o, aqui v\u00e3o algumas dicas: <\/p>\n<ul>\n<li><b>Utilize cores claras<\/b> para ampliar a sensa\u00e7\u00e3o de espa\u00e7o.<\/li>\n<li>Opte por <b>ilumina\u00e7\u00e3o indireta<\/b> para criar um ambiente aconchegante.<\/li>\n<li>Pain\u00e9is vers\u00e1teis podem <b>camuflar arm\u00e1rios<\/b> e oferecer solu\u00e7\u00f5es inteligentes de armazenamento.<\/li>\n<li>Grandes janelas s\u00e3o fundamentais para trazer <b>luz natural<\/b> e alegria ao ambiente.<\/li>\n<\/ul>\n<p>Com essas ideias, quem n\u00e3o quer replicar um apartamento que desafia todas as expectativas? O desafio de transformar um lar t\u00e3o pequeno em um espa\u00e7o multifuncional e cheio de charme \u00e9, sem d\u00favida, uma conquista emocionante. Vamos explorar juntos essa capacidade de um projeto bem pensado e inovador!<\/p>\n<h3>Perguntas Frequentes<\/h3>\n<figure style=\"width: 1024px\" class=\"wp-caption aligncenter\"><img decoding=\"async\" src=\"https:\/\/www.aarquiteta.com.br\/blog\/wp-content\/uploads\/2025\/02\/apartamento-com-paineis03.jpg\" alt=\"Transforme seu apartamento pequeno: 42m\u00b2 com pain\u00e9is que ampliam espa\u00e7os\" width=\"1024\" height=\"1024\" title=\"\"><figcaption class=\"wp-caption-text\">Transforme seu apartamento pequeno: 42m\u00b2 com pain\u00e9is que ampliam espa\u00e7os<\/figcaption><\/figure>\n<ul>\n<li><b>\u00c9 poss\u00edvel fazer uma reforma sem grandes mudan\u00e7as?<\/b> Sim! Com pain\u00e9is, podemos transformar o espa\u00e7o sem quebra-quebra.<\/li>\n<li><b>Como escolher as cores certas?<\/b> Tons claros e neutros ajudam a ampliar a sensa\u00e7\u00e3o de espa\u00e7o.<\/li>\n<li><b>Quais s\u00e3o os maiores desafios em ambientes pequenos?<\/b> Preocupar-se com armazenamento e funcionalidade \u00e9 fundamental.<\/li>\n<\/ul>\n<p>Ao pensar na decora\u00e7\u00e3o do seu apartamento pequeno, lembre-se: <b>criatividade<\/b> \u00e9 a chave. O apartamento de 42m\u00b2 j\u00e1 mostrou que tudo \u00e9 poss\u00edvel com um toque de habilidade e modernidade. Ent\u00e3o, que tal se inspirar e dar uma repaginada no seu cantinho?<\/p>\n<figure style=\"width: 1024px\" class=\"wp-caption aligncenter\"><img decoding=\"async\" src=\"https:\/\/www.aarquiteta.com.br\/blog\/wp-content\/uploads\/2025\/02\/ape-904-02-286x160.jpg\" alt=\"Solu\u00e7\u00f5es pr\u00e1ticas e estilosas decoram um ap\u00ea de 56m\u00b2\" title=\"\"><figcaption class=\"wp-caption-text\">Solu\u00e7\u00f5es pr\u00e1ticas e estilosas decoram um ap\u00ea de 56m\u00b2<\/figcaption><\/figure>\n<figure style=\"width: 1024px\" class=\"wp-caption aligncenter\"><img decoding=\"async\" src=\"https:\/\/www.aarquiteta.com.br\/blog\/wp-content\/uploads\/2025\/02\/apartamento-com-paineis4.jpg\" alt=\"Transforme seu apartamento pequeno: 42m\u00b2 com pain\u00e9is que ampliam espa\u00e7os\" width=\"1024\" height=\"1024\" title=\"\"><figcaption class=\"wp-caption-text\">Transforme seu apartamento pequeno: 42m\u00b2 com pain\u00e9is que ampliam espa\u00e7os<\/figcaption><\/figure>\n<figure style=\"width: 1024px\" class=\"wp-caption aligncenter\"><img decoding=\"async\" src=\"https:\/\/www.aarquiteta.com.br\/blog\/wp-content\/uploads\/2025\/02\/apartamento-com-paineis-2-730x487.jpg\" alt=\"Foto: Reprodu\u00e7\u00e3o\/Marco Antonio\" title=\"\"><figcaption class=\"wp-caption-text\">Foto: Reprodu\u00e7\u00e3o\/Marco Antonio<\/figcaption><\/figure>\n<p><iframe title=\"YouTube video player\" src=\"https:\/\/www.youtube.com\/embed\/bGyr1q_HR6s\" width=\"560\" height=\"315\" frameborder=\"0\" allowfullscreen=\"allowfullscreen\"><\/iframe><\/p>\n<figure style=\"width: 1024px\" class=\"wp-caption aligncenter\"><img decoding=\"async\" src=\"https:\/\/www.aarquiteta.com.br\/blog\/wp-content\/uploads\/2025\/02\/apartamento-com-paineis-4.jpg\" alt=\"Foto: Reprodu\u00e7\u00e3o\/Marco Antonio\" title=\"\"><figcaption class=\"wp-caption-text\">Foto: Reprodu\u00e7\u00e3o\/Marco Antonio<\/figcaption><\/figure>\n","protected":false},"excerpt":{"rendered":"<p>Descubra como este apartamento de 42m\u00b2 se transforma com pain\u00e9is modernos, criando ambientes amplos e estilosos.<\/p>\n","protected":false},"author":102,"featured_media":144038,"comment_status":"open","ping_status":"","sticky":false,"template":"","format":"standard","meta":{"footnotes":""},"categories":[1507,249],"tags":[],"class_list":["post-144045","post","type-post","status-publish","format-standard","has-post-thumbnail","category-arquitetura","category-engenharia-e-construcao-civil"],"_wp_attached_file":null,"_wp_attachment_metadata":null,"_wp_attachment_context":null,"_wp_attachment_is_custom_header":null,"geo_longitude":null,"geo_public":null,"geo_latitude":null,"_publicize_done_external":null,"_wpas_done_3897181":null,"publicize_twitter_user":null,"_wpas_done_3897175":null,"_wpas_skip_3897181":null,"_wpas_skip_3897175":null,"_wpas_skip_3924723":null,"_wpas_mess":null,"_wpas_done_3924723":null,"wps_subtitle":"","_links":{"self":[{"href":"https:\/\/www.aarquiteta.com.br\/blog\/wp-json\/wp\/v2\/posts\/144045","targetHints":{"allow":["GET"]}}],"collection":[{"href":"https:\/\/www.aarquiteta.com.br\/blog\/wp-json\/wp\/v2\/posts"}],"about":[{"href":"https:\/\/www.aarquiteta.com.br\/blog\/wp-json\/wp\/v2\/types\/post"}],"author":[{"embeddable":true,"href":"https:\/\/www.aarquiteta.com.br\/blog\/wp-json\/wp\/v2\/users\/102"}],"replies":[{"embeddable":true,"href":"https:\/\/www.aarquiteta.com.br\/blog\/wp-json\/wp\/v2\/comments?post=144045"}],"version-history":[{"count":0,"href":"https:\/\/www.aarquiteta.com.br\/blog\/wp-json\/wp\/v2\/posts\/144045\/revisions"}],"wp:featuredmedia":[{"embeddable":true,"href":"https:\/\/www.aarquiteta.com.br\/blog\/wp-json\/wp\/v2\/media\/144038"}],"wp:attachment":[{"href":"https:\/\/www.aarquiteta.com.br\/blog\/wp-json\/wp\/v2\/media?parent=144045"}],"wp:term":[{"taxonomy":"category","embeddable":true,"href":"https:\/\/www.aarquiteta.com.br\/blog\/wp-json\/wp\/v2\/categories?post=144045"},{"taxonomy":"post_tag","embeddable":true,"href":"https:\/\/www.aarquiteta.com.br\/blog\/wp-json\/wp\/v2\/tags?post=144045"}],"curies":[{"name":"wp","href":"https:\/\/api.w.org\/{rel}","templated":true}]}}