{"id":144027,"date":"2025-02-16T17:51:34","date_gmt":"2025-02-16T20:51:34","guid":{"rendered":"https:\/\/www.aarquiteta.com.br\/blog\/ideias-mezanino-apartamento-pequeno\/"},"modified":"2025-02-16T17:51:34","modified_gmt":"2025-02-16T20:51:34","slug":"ideias-mezanino-apartamento-pequeno","status":"publish","type":"post","link":"https:\/\/www.aarquiteta.com.br\/blog\/ideias-mezanino-apartamento-pequeno\/","title":{"rendered":"Descubra como um mezanino pode transformar a sala de estar do seu pequeno apartamento!"},"content":{"rendered":"<p>Voc\u00ea sabia que um <b>mezanino<\/b> pode ser a chave para transformar a sua sala de estar e otimizar o espa\u00e7o do seu pequeno apartamento? Neste artigo, vou mostrar como essa solu\u00e7\u00e3o criativa pode trazer funcionalidade e estilo ao seu lar, tornando-o muito mais confort\u00e1vel e aconchegante!<\/p>\n<h3>Entendendo o Mezanino e Seus Benef\u00edcios<\/h3>\n<figure style=\"width: 1024px\" class=\"wp-caption aligncenter\"><img decoding=\"async\" src=\"https:\/\/i0.wp.com\/novo.diyhome.com.br\/wp-content\/uploads\/2020\/01\/sala-de-estar-mezanino-1-1.jpg?resize=426%2C640\" alt=\"Sala de estar com mezanino\" title=\"\"><figcaption class=\"wp-caption-text\">Sala de estar com mezanino<\/figcaption><\/figure>\n<p>Quando penso em <b>mezaninos<\/b>, imagino aqueles cantinhos charmosos que fazem m\u00e1gica com a decora\u00e7\u00e3o. Eles permitem um aproveitamento incr\u00edvel do espa\u00e7o vertical, criando \u00e1reas adicionais sem precisar de grandes reformas. Isso \u00e9 especialmente \u00fatil em apartamentos menores, onde cada metro quadrado conta!<\/p>\n<p>Com um mezanino, voc\u00ea pode criar um espa\u00e7o extra para um <b>quarto<\/b>, escrit\u00f3rio ou at\u00e9 mesmo um local de descanso. E o melhor de tudo? Ele n\u00e3o s\u00f3 amplia a funcionalidade da sala de estar, mas tamb\u00e9m traz uma est\u00e9tica inovadora, j\u00e1 que a estrutura pode ser super estilosa e combinar com diferentes propostas de decora\u00e7\u00e3o.<\/p>\n<h3>Como Integrar o Mezanino na Sua Sala de Estar<\/h3>\n<figure style=\"width: 1024px\" class=\"wp-caption aligncenter\"><img decoding=\"async\" src=\"https:\/\/www.aarquiteta.com.br\/blog\/wp-content\/uploads\/2025\/02\/ideias-mezanino-apartamento-pequeno01.jpg\" alt=\"Apartamento Pequeno com Mezanino na Sala de Estar\" width=\"1024\" height=\"1024\" title=\"\"><figcaption class=\"wp-caption-text\">Apartamento Pequeno com Mezanino na Sala de Estar<\/figcaption><\/figure>\n<p>Vou ser sincero com voc\u00ea: a primeira coisa que vem \u00e0 cabe\u00e7a quando menciono um mezanino \u00e9 a <b>ilumina\u00e7\u00e3o<\/b>. \u00c9 fundamental que o espa\u00e7o receba bastante luz natural, pois isso cria uma sensa\u00e7\u00e3o de amplitude. Portanto, escolha janelas amplas ou claraboias que deixem o sol entrar e espalhar seu calor pelo ambiente.<\/p>\n<p>Al\u00e9m disso, a escolha dos materiais \u00e9 crucial. Opte por <b>materiais leves<\/b> e que completem o restante da decora\u00e7\u00e3o. Madeira clara ou metal podem adicionar um charme todo especial ao seu espa\u00e7o. E que tal usar uma escada de design diferenciado para acessar o mezanino? Isso n\u00e3o s\u00f3 facilita, como tamb\u00e9m se torna um ponto focal na decora\u00e7\u00e3o!<\/p>\n<h3>Decora\u00e7\u00e3o e Estilo: O Toque Final<\/h3>\n<figure style=\"width: 1024px\" class=\"wp-caption aligncenter\"><img decoding=\"async\" src=\"https:\/\/i0.wp.com\/novo.diyhome.com.br\/wp-content\/uploads\/2020\/01\/cozinha-corredor-cinza-3.jpg?resize=640%2C427\" alt=\"Cozinha com corredor cinza\" title=\"\"><figcaption class=\"wp-caption-text\">Cozinha com corredor cinza<\/figcaption><\/figure>\n<p>A palavra-chave aqui \u00e9 <b>harmonia<\/b>. A decora\u00e7\u00e3o do mezanino deve dialogar com o restante da sala, criando um ambiente coeso e agrad\u00e1vel. Pense em cores que se complementem e em elementos que sejam funcionais, como prateleiras e lumin\u00e1rias. O meu truque favorito? Usar um tom neutro nas paredes e adicionar pontos de cor com almofadas ou quadros, sabe?<\/p>\n<p>Ah, e n\u00e3o esque\u00e7a do <b>conforto<\/b>! Voc\u00ea pode colocar uma poltrona aconchegante ou uma pequena biblioteca no mezanino, tornando-o o local perfeito para relaxar ap\u00f3s um dia cansativo. Nada como ter um cantinho s\u00f3 seu, n\u00e3o \u00e9 mesmo?<\/p>\n<h3>Meu Teste de Decora\u00e7\u00e3o: E se Der Errado?<\/h3>\n<figure style=\"width: 1024px\" class=\"wp-caption aligncenter\"><img decoding=\"async\" src=\"https:\/\/www.aarquiteta.com.br\/blog\/wp-content\/uploads\/2025\/02\/ideias-mezanino-apartamento-pequeno02.jpg\" alt=\"Apartamento Pequeno com Mezanino na Sala de Estar\" width=\"1024\" height=\"1024\" title=\"\"><figcaption class=\"wp-caption-text\">Apartamento Pequeno com Mezanino na Sala de Estar<\/figcaption><\/figure>\n<p>E se voc\u00ea tem medo de que a ideia do mezanino n\u00e3o funcione? Calma l\u00e1! Sempre existe a possibilidade de transforma\u00e7\u00e3o. **Se algo n\u00e3o ficou legal, \u00e9 s\u00f3 trocar** alguns elementos, como uma almofada ou uma lumin\u00e1ria. \u00c0s vezes, a grande mudan\u00e7a vem de pequenas decis\u00f5es.<\/p>\n<p>Eu conhe\u00e7o pessoas que ficaram receosas, mas depois de colocar a m\u00e3o na massa, foram surpreendidas. E se n\u00e3o der certo, voc\u00ea sempre pode transformar o espa\u00e7o novamente! A vida \u00e9 assim: um eterno ciclo de <b>tenta\u00e7\u00f5es<\/b> e ajustes.<\/p>\n<h3>Resumo e Dicas Finais<\/h3>\n<figure style=\"width: 1024px\" class=\"wp-caption aligncenter\"><img decoding=\"async\" src=\"https:\/\/i0.wp.com\/novo.diyhome.com.br\/wp-content\/uploads\/2020\/01\/cozinha-corredor-cinza-2-1.jpg?resize=640%2C427\" alt=\"Cozinha com corredor cinza\" title=\"\"><figcaption class=\"wp-caption-text\">Cozinha com corredor cinza<\/figcaption><\/figure>\n<ul>\n<li><b>Aproveite a luz natural<\/b> para garantir um ambiente acolhedor.<\/li>\n<li>Escolha <b>materiais leves<\/b> e harm\u00f4nicos para a estrutura.<\/li>\n<li><b>Decore com conforto<\/b> e estilo, criando um espa\u00e7o que voc\u00ea ame!<\/li>\n<li>N\u00e3o tenha medo de <b>experimentar!<\/b> A decora\u00e7\u00e3o \u00e9 uma arte.<\/li>\n<\/ul>\n<h3>Perguntas Frequentes<\/h3>\n<figure style=\"width: 1024px\" class=\"wp-caption aligncenter\"><img decoding=\"async\" src=\"https:\/\/www.aarquiteta.com.br\/blog\/wp-content\/uploads\/2025\/02\/ideias-mezanino-apartamento-pequeno03.jpg\" alt=\"Apartamento Pequeno com Mezanino na Sala de Estar\" width=\"1024\" height=\"1024\" title=\"\"><figcaption class=\"wp-caption-text\">Apartamento Pequeno com Mezanino na Sala de Estar<\/figcaption><\/figure>\n<p><b>1. Um mezanino \u00e9 seguro em pequenos apartamentos?<\/b><br \/>Sim, desde que seja bem projetado, respeitando as normas de seguran\u00e7a e com materiais adequados.<\/p>\n<p><b>2. O que posso colocar no mezanino?<\/b><br \/>Voc\u00ea pode usar o espa\u00e7o para um quarto, escrit\u00f3rio, \u00e1rea de leitura, ou at\u00e9 um espa\u00e7o para hobbies!<\/p>\n<p><b>3. Como garantir que meu mezanino n\u00e3o fique escuro?<\/b><br \/>Priorize ilumina\u00e7\u00e3o natural e escolha lumin\u00e1rias que tragam mais luz ao ambiente.<\/p>\n<p>Se voc\u00ea ainda est\u00e1 se perguntando como um <b>mezanino<\/b> pode transformar sua sala de estar, venha descobrir essa solu\u00e7\u00e3o deliciosa e volte para contar como ficou o seu novo espa\u00e7o!<\/p>\n<figure style=\"width: 1024px\" class=\"wp-caption aligncenter\"><img decoding=\"async\" src=\"https:\/\/i0.wp.com\/novo.diyhome.com.br\/wp-content\/uploads\/2020\/01\/cozinha-armarios-cinzas-1.jpg?resize=640%2C427\" alt=\"Cozinha com arm\u00e1rios cinzas\" title=\"\"><figcaption class=\"wp-caption-text\">Cozinha com arm\u00e1rios cinzas<\/figcaption><\/figure>\n<figure style=\"width: 1024px\" class=\"wp-caption aligncenter\"><img decoding=\"async\" src=\"https:\/\/www.aarquiteta.com.br\/blog\/wp-content\/uploads\/2025\/02\/ideias-mezanino-apartamento-pequeno4.jpg\" alt=\"Apartamento Pequeno com Mezanino na Sala de Estar\" width=\"1024\" height=\"1024\" title=\"\"><figcaption class=\"wp-caption-text\">Apartamento Pequeno com Mezanino na Sala de Estar<\/figcaption><\/figure>\n<figure style=\"width: 1024px\" class=\"wp-caption aligncenter\"><img decoding=\"async\" src=\"https:\/\/i0.wp.com\/novo.diyhome.com.br\/wp-content\/uploads\/2020\/01\/cozinha-corredor-cinza-1-1.jpg?resize=640%2C427\" alt=\"Cozinha com corredor cinza\" title=\"\"><figcaption class=\"wp-caption-text\">Cozinha com corredor cinza<\/figcaption><\/figure>\n<h3>Para se aprofundar mais sobre o tema, veja a minha recomenda\u00e7\u00e3o sobre o tema deste artigo no v\u00eddeo a seguir abaixo:<\/h3>\n<p><iframe title=\"YouTube video player\" src=\"https:\/\/www.youtube.com\/embed\/RWdPPGore0g\" width=\"560\" height=\"315\" frameborder=\"0\" allowfullscreen=\"allowfullscreen\"><\/iframe><\/p>\n<figure style=\"width: 1024px\" class=\"wp-caption aligncenter\"><img decoding=\"async\" src=\"https:\/\/i0.wp.com\/novo.diyhome.com.br\/wp-content\/uploads\/2020\/01\/escada-mezanino-cinza-amareelo-1.jpg?resize=426%2C640\" alt=\"Escada do mezanino em cinza e amarelo\" title=\"\"><figcaption class=\"wp-caption-text\">Escada do mezanino em cinza e amarelo<\/figcaption><\/figure>\n","protected":false},"excerpt":{"rendered":"<p>Descubra como otimizar espa\u00e7os em um apartamento pequeno e aconchegante com mezanino, estilo escandinavo e solu\u00e7\u00f5es funcionais.<\/p>\n","protected":false},"author":102,"featured_media":144026,"comment_status":"open","ping_status":"","sticky":false,"template":"","format":"standard","meta":{"footnotes":""},"categories":[1484],"tags":[],"class_list":["post-144027","post","type-post","status-publish","format-standard","has-post-thumbnail","category-decoracao"],"_wp_attached_file":null,"_wp_attachment_metadata":null,"_wp_attachment_context":null,"_wp_attachment_is_custom_header":null,"geo_longitude":null,"geo_public":null,"geo_latitude":null,"_publicize_done_external":null,"_wpas_done_3897181":null,"publicize_twitter_user":null,"_wpas_done_3897175":null,"_wpas_skip_3897181":null,"_wpas_skip_3897175":null,"_wpas_skip_3924723":null,"_wpas_mess":null,"_wpas_done_3924723":null,"wps_subtitle":"","_links":{"self":[{"href":"https:\/\/www.aarquiteta.com.br\/blog\/wp-json\/wp\/v2\/posts\/144027","targetHints":{"allow":["GET"]}}],"collection":[{"href":"https:\/\/www.aarquiteta.com.br\/blog\/wp-json\/wp\/v2\/posts"}],"about":[{"href":"https:\/\/www.aarquiteta.com.br\/blog\/wp-json\/wp\/v2\/types\/post"}],"author":[{"embeddable":true,"href":"https:\/\/www.aarquiteta.com.br\/blog\/wp-json\/wp\/v2\/users\/102"}],"replies":[{"embeddable":true,"href":"https:\/\/www.aarquiteta.com.br\/blog\/wp-json\/wp\/v2\/comments?post=144027"}],"version-history":[{"count":0,"href":"https:\/\/www.aarquiteta.com.br\/blog\/wp-json\/wp\/v2\/posts\/144027\/revisions"}],"wp:featuredmedia":[{"embeddable":true,"href":"https:\/\/www.aarquiteta.com.br\/blog\/wp-json\/wp\/v2\/media\/144026"}],"wp:attachment":[{"href":"https:\/\/www.aarquiteta.com.br\/blog\/wp-json\/wp\/v2\/media?parent=144027"}],"wp:term":[{"taxonomy":"category","embeddable":true,"href":"https:\/\/www.aarquiteta.com.br\/blog\/wp-json\/wp\/v2\/categories?post=144027"},{"taxonomy":"post_tag","embeddable":true,"href":"https:\/\/www.aarquiteta.com.br\/blog\/wp-json\/wp\/v2\/tags?post=144027"}],"curies":[{"name":"wp","href":"https:\/\/api.w.org\/{rel}","templated":true}]}}