{"id":143927,"date":"2025-02-15T12:08:37","date_gmt":"2025-02-15T15:08:37","guid":{"rendered":"https:\/\/www.aarquiteta.com.br\/blog\/esilo-de-cozinha\/"},"modified":"2025-02-15T12:08:37","modified_gmt":"2025-02-15T15:08:37","slug":"esilo-de-cozinha","status":"publish","type":"post","link":"https:\/\/www.aarquiteta.com.br\/blog\/esilo-de-cozinha\/","title":{"rendered":"Veja agora se o seu estilo de cozinha combina com os estilos de 2025"},"content":{"rendered":"<p>Voc\u00ea sabia que o seu estilo de cozinha pode estar totalmente desatualizado? Com as tend\u00eancias de 2025 chegando, \u00e9 hora de descobrir se o seu espa\u00e7o ainda est\u00e1 na moda!<\/p>\n<h3>Introdu\u00e7\u00e3o<\/h3>\n<figure style=\"width: 1024px\" class=\"wp-caption aligncenter\"><img decoding=\"async\" src=\"https:\/\/www.aarquiteta.com.br\/blog\/wp-content\/uploads\/2025\/02\/esilo-de-cozinha04.jpg\" alt=\"Veja agora se o seu estilo de cozinha combina com os estilos de 2025\" width=\"1024\" height=\"1024\" title=\"\"><figcaption class=\"wp-caption-text\">Veja agora se o seu estilo de cozinha combina com os estilos de 2025<\/figcaption><\/figure>\n<p>Quando se trata de cozinhas, <b>o que era tend\u00eancia ontem pode ser um flop amanh\u00e3<\/b>. Ent\u00e3o, por que n\u00e3o dar uma olhada nas mudan\u00e7as que est\u00e3o por vir? Vou te contar tudo sobre os principais estilos de cozinha para 2025 e te ajudar a saber se o seu ainda brilha ou se j\u00e1 est\u00e1 mais apagado que luz de geladeira velha.<\/p>\n<h3>1. Minimalismo: Menos \u00e9 Mais!<\/h3>\n<figure style=\"width: 1024px\" class=\"wp-caption aligncenter\"><img decoding=\"async\" src=\"https:\/\/www.aarquiteta.com.br\/blog\/wp-content\/uploads\/2025\/02\/esilo-de-cozinha03.jpg\" alt=\"Veja agora se o seu estilo de cozinha combina com os estilos de 2025\" width=\"1024\" height=\"1024\" title=\"\"><figcaption class=\"wp-caption-text\">Veja agora se o seu estilo de cozinha combina com os estilos de 2025<\/figcaption><\/figure>\n<p>O minimalismo continua reinando como o <b>rei das tend\u00eancias<\/b>. Imagine uma cozinha com poucos elementos, mas extremamente funcionais. \u00c9 como um arm\u00e1rio cabeludo que voc\u00ea decide cortar para viver mais leve. Tasca fora o exagero e cria um espa\u00e7o arejado, onde a simplicidade \u00e9 a chave do sucesso.<\/p>\n<p>Menos detalhes, mais praticidade! Se voc\u00ea ainda tem aqueles restaurantes que vendiam tijolinhos de decora\u00e7\u00e3o, \u00e9 hora de <b>desapegar<\/b>.<\/p>\n<h3>2. Cores Vibrantes: Chega de Neutros!<\/h3>\n<figure style=\"width: 1024px\" class=\"wp-caption aligncenter\"><img decoding=\"async\" src=\"https:\/\/www.aarquiteta.com.br\/blog\/wp-content\/uploads\/2025\/02\/esilo-de-cozinha02.jpg\" alt=\"Veja agora se o seu estilo de cozinha combina com os estilos de 2025\" width=\"1024\" height=\"1024\" title=\"\"><figcaption class=\"wp-caption-text\">Veja agora se o seu estilo de cozinha combina com os estilos de 2025<\/figcaption><\/figure>\n<p>Os tons neutros sa\u00edram de cena para dar espa\u00e7o a uma explos\u00e3o de <b>cores vibrantes<\/b>. Apostar em algumas paredes coloridas pode trazer alegria e energia para a sua cozinha! Imagine um amarelo mostarda ou azul cobalto que faz tudo brilhar.<\/p>\n<p>Se voc\u00ea j\u00e1 est\u00e1 se sentindo como um quadro em preto e branco, por que n\u00e3o adicionar um pouco de cor \u00e0 sua vida? Afinal, quem disse que cozinha tem que ser sem gra\u00e7a?<\/p>\n<h3>3. Materiais Sustent\u00e1veis: A Natureza em Alta<\/h3>\n<figure style=\"width: 1024px\" class=\"wp-caption aligncenter\"><img decoding=\"async\" src=\"https:\/\/www.aarquiteta.com.br\/blog\/wp-content\/uploads\/2025\/02\/esilo-de-cozinha01.jpg\" alt=\"Veja agora se o seu estilo de cozinha combina com os estilos de 2025\" width=\"1024\" height=\"1024\" title=\"\"><figcaption class=\"wp-caption-text\">Veja agora se o seu estilo de cozinha combina com os estilos de 2025<\/figcaption><\/figure>\n<p>Com a crescente preocupa\u00e7\u00e3o ambiental, <b>o uso de materiais sustent\u00e1veis<\/b> se torna um aspecto fundamental na decora\u00e7\u00e3o de cozinhas. Pense em m\u00f3veis feitos de madeira reciclada ou bancadas de quartzo. \u00c9 como ter um passaporte verde sem sair de casa.<\/p>\n<p>Hoje em dia, quem n\u00e3o investe em op\u00e7\u00f5es org\u00e2nicas \u00e9 como peixe fora d&#8217;\u00e1gua. Traga a natureza pra dentro da sua casa e sinta-se um verdadeiro eco-her\u00f3i!<\/p>\n<h3>4. Tecnologia Integrada: Um Futuro Conectado!<\/h3>\n<p style=\"text-align: center;\">[amazon table=&#8221;83039&#8243;]\n<p>A tecnologia que era apenas um sonho se tornou uma necessidade. A cozinha de 2025 n\u00e3o \u00e9 mais um espa\u00e7o apenas para cozinhar; ela virou um verdadeiro <b>centro de comando<\/b>. E quem disse que n\u00e3o d\u00e1 pra amar isso? Geladeiras com telas sens\u00edveis ao toque e fog\u00f5es inteligentes que te ajudam a cozinhar s\u00e3o s\u00f3 o come\u00e7o!<\/p>\n<p>Se sua cozinha n\u00e3o tem nenhum gadget novo na despensa, \u00e9 hora de fazer up! Navegar pela internet enquanto mexe na panela \u00e9 como ter o melhor dos dois mundos.<\/p>\n<h3>Resumo<\/h3>\n<h3>Assista agora a minha recomenda\u00e7\u00e3o de video abaixo sobre o tema que estamos tratando neste artigo: <\/h3>\n<p><div class=\"youtube-embed\" data-video_id=\"9JqPNEcU55U\"><iframe title=\"07 TEND\u00caNCIA DE COZINHA Que Dominar\u00e3o 2025 | Will Arquitetura\" width=\"696\" height=\"392\" src=\"https:\/\/www.youtube.com\/embed\/9JqPNEcU55U?feature=oembed&#038;enablejsapi=1\" frameborder=\"0\" allow=\"accelerometer; autoplay; clipboard-write; encrypted-media; gyroscope; picture-in-picture; web-share\" referrerpolicy=\"strict-origin-when-cross-origin\" allowfullscreen><\/iframe><\/div>\n<\/p>\n<p>Em resumo, a cozinha de 2025 vai al\u00e9m de simples tend\u00eancias; \u00e9 uma <b>express\u00e3o<\/b> de quem somos e do que valorizamos. Desde o minimalismo at\u00e9 a tecnologia, cada escolha reflete nossas prioridades. Por isso, se ainda est\u00e1 preso a um estilo datado, vale a pena refletir e renovar!<\/p>\n<h3>Perguntas Frequentes<\/h3>\n<ul>\n<li><b>Qual estilo \u00e9 mais f\u00e1cil de adaptar?<\/b> O minimalismo \u00e9 super flex\u00edvel e f\u00e1cil de adaptar a muitos espa\u00e7os!<\/li>\n<li><b>Posso misturar estilos diferentes?<\/b> Com certeza! Um mix de estilos pode trazer personalidade \u00fanica \u00e0 sua cozinha.<\/li>\n<li><b>Como posso saber quais cores usar?<\/b> Comece com uma paleta neutra e depois adicione toques de cor que voc\u00ea ama!<\/li>\n<\/ul>\n<p>No final do dia, minha querida, o importante \u00e9 que a sua cozinha seja um reflexo do seu <b>estilo<\/b> e do seu cora\u00e7\u00e3o. Ent\u00e3o, t\u00e1 esperando o qu\u00ea? Vamos l\u00e1 renovar essa belezura!<\/p>\n","protected":false},"excerpt":{"rendered":"<p>Descubra quais s\u00e3o os principais estilos de cozinha para 2025, e veja se o seu esta no caminho certo.<\/p>\n","protected":false},"author":102,"featured_media":143924,"comment_status":"open","ping_status":"","sticky":false,"template":"","format":"standard","meta":{"footnotes":""},"categories":[1484,971,18792,18794],"tags":[],"class_list":["post-143927","post","type-post","status-publish","format-standard","has-post-thumbnail","category-decoracao","category-design-de-interiores","category-decoracao-de-apartamento","category-projetos-de-decoracao-de-casas"],"_wp_attached_file":null,"_wp_attachment_metadata":null,"_wp_attachment_context":null,"_wp_attachment_is_custom_header":null,"geo_longitude":null,"geo_public":null,"geo_latitude":null,"_publicize_done_external":null,"_wpas_done_3897181":null,"publicize_twitter_user":null,"_wpas_done_3897175":null,"_wpas_skip_3897181":null,"_wpas_skip_3897175":null,"_wpas_skip_3924723":null,"_wpas_mess":null,"_wpas_done_3924723":null,"wps_subtitle":"","_links":{"self":[{"href":"https:\/\/www.aarquiteta.com.br\/blog\/wp-json\/wp\/v2\/posts\/143927","targetHints":{"allow":["GET"]}}],"collection":[{"href":"https:\/\/www.aarquiteta.com.br\/blog\/wp-json\/wp\/v2\/posts"}],"about":[{"href":"https:\/\/www.aarquiteta.com.br\/blog\/wp-json\/wp\/v2\/types\/post"}],"author":[{"embeddable":true,"href":"https:\/\/www.aarquiteta.com.br\/blog\/wp-json\/wp\/v2\/users\/102"}],"replies":[{"embeddable":true,"href":"https:\/\/www.aarquiteta.com.br\/blog\/wp-json\/wp\/v2\/comments?post=143927"}],"version-history":[{"count":0,"href":"https:\/\/www.aarquiteta.com.br\/blog\/wp-json\/wp\/v2\/posts\/143927\/revisions"}],"wp:featuredmedia":[{"embeddable":true,"href":"https:\/\/www.aarquiteta.com.br\/blog\/wp-json\/wp\/v2\/media\/143924"}],"wp:attachment":[{"href":"https:\/\/www.aarquiteta.com.br\/blog\/wp-json\/wp\/v2\/media?parent=143927"}],"wp:term":[{"taxonomy":"category","embeddable":true,"href":"https:\/\/www.aarquiteta.com.br\/blog\/wp-json\/wp\/v2\/categories?post=143927"},{"taxonomy":"post_tag","embeddable":true,"href":"https:\/\/www.aarquiteta.com.br\/blog\/wp-json\/wp\/v2\/tags?post=143927"}],"curies":[{"name":"wp","href":"https:\/\/api.w.org\/{rel}","templated":true}]}}