{"id":143655,"date":"2025-02-12T20:30:39","date_gmt":"2025-02-12T23:30:39","guid":{"rendered":"https:\/\/www.aarquiteta.com.br\/blog\/adeus-panos-de-prato-nova-forma-de-guardar\/"},"modified":"2025-02-12T20:30:39","modified_gmt":"2025-02-12T23:30:39","slug":"adeus-panos-de-prato-nova-forma-de-guardar","status":"publish","type":"post","link":"https:\/\/www.aarquiteta.com.br\/blog\/adeus-panos-de-prato-nova-forma-de-guardar\/","title":{"rendered":"5 solu\u00e7\u00f5es criativas para guardar panos de prato com estilo."},"content":{"rendered":"<p>Com a moderniza\u00e7\u00e3o da cozinha, novas formas de guardar panos de prato est\u00e3o surgindo, tornando o ambiente mais higi\u00eanico e funcional. Adeus ao velho h\u00e1bito de pendur\u00e1-los na porta do forno!<\/p>\n<h2>Destaques principais<\/h2>\n<ul>\n<li><b>Novas solu\u00e7\u00f5es de armazenamento:<\/b> As barras e cabides extens\u00edveis s\u00e3o alternativas pr\u00e1ticas e est\u00e9ticas para organizar panos de prato.<\/li>\n<li><b>Benef\u00edcios da organiza\u00e7\u00e3o:<\/b> Manter os panos de prato em locais apropriados evita a umidade e melhora a higiene da cozinha.<\/li>\n<li><b>Tend\u00eancias em decora\u00e7\u00e3o:<\/b> A moderniza\u00e7\u00e3o da cozinha reflete as novas tend\u00eancias em arquitetura e decora\u00e7\u00e3o, priorizando funcionalidade e est\u00e9tica.<\/li>\n<\/ul>\n<h2>Com essas novas alternativas de organiza\u00e7\u00e3o, \u00e9 poss\u00edvel ter uma cozinha mais higi\u00eanica e funcional<\/h2>\n<p>Nos dias de hoje, a cozinha \u00e9 um dos ambientes mais importantes da casa. \u00c9 o cora\u00e7\u00e3o do lar, onde as refei\u00e7\u00f5es s\u00e3o preparadas e as mem\u00f3rias s\u00e3o criadas. Portanto, <b>manter a organiza\u00e7\u00e3o e a higiene<\/b> nesse espa\u00e7o \u00e9 fundamental. O velho h\u00e1bito de pendurar panos de prato na porta do forno, embora pr\u00e1tico em tempos passados, j\u00e1 n\u00e3o se encaixa mais nas necessidades modernas. Com a evolu\u00e7\u00e3o do design e da funcionalidade, surgem novas alternativas que n\u00e3o s\u00f3 otimizam o espa\u00e7o, mas tamb\u00e9m trazem um toque de eleg\u00e2ncia \u00e0 cozinha.<\/p>\n<h2>A nova tend\u00eancia para guardar os panos de prato<\/h2>\n<p>Uma das solu\u00e7\u00f5es mais inovadoras que vem ganhando destaque \u00e9 o uso de <b>barras ou cabides extens\u00edveis<\/b>. Esses acess\u00f3rios s\u00e3o projetados para se fixar nas bordas dos m\u00f3veis, sem a necessidade de parafusos ou adesivos. Eles aproveitam o pr\u00f3prio peso para se manterem no lugar, oferecendo uma maneira pr\u00e1tica e eficiente de organizar os panos de prato. Al\u00e9m disso, essa abordagem evita o ac\u00famulo de gordura e umidade, que s\u00e3o comuns quando os panos s\u00e3o pendurados no forno.<\/p>\n<p>Com essa mudan\u00e7a, a cozinha se torna n\u00e3o apenas mais organizada, mas tamb\u00e9m mais <b>higi\u00eanica<\/b>. A elimina\u00e7\u00e3o de odores desagrad\u00e1veis e a redu\u00e7\u00e3o da prolifera\u00e7\u00e3o de bact\u00e9rias s\u00e3o benef\u00edcios que n\u00e3o podem ser ignorados. Afinal, quem n\u00e3o gostaria de preparar suas refei\u00e7\u00f5es em um ambiente limpo e agrad\u00e1vel?<\/p>\n<h2>Outras op\u00e7\u00f5es modernas para guardar os panos<\/h2>\n<p>Al\u00e9m das barras e cabides, existem outras op\u00e7\u00f5es que podem ser exploradas para manter os panos de prato organizados. Por exemplo, <b>ganchos adesivos<\/b> podem ser uma solu\u00e7\u00e3o pr\u00e1tica para quem n\u00e3o quer furar os m\u00f3veis. Eles podem ser colocados em locais estrat\u00e9gicos, como ao lado da pia ou na parte interna de arm\u00e1rios, facilitando o acesso aos panos quando necess\u00e1rio.<\/p>\n<p>Outra alternativa s\u00e3o as <b>cestas ou organizadores<\/b> que podem ser colocados em prateleiras. Esses itens n\u00e3o apenas ajudam a manter os panos de prato arrumados, mas tamb\u00e9m podem adicionar um toque decorativo \u00e0 cozinha. Com uma variedade de estilos e materiais dispon\u00edveis, \u00e9 poss\u00edvel encontrar op\u00e7\u00f5es que se encaixam perfeitamente na est\u00e9tica do ambiente.<\/p>\n<h2>Arquitetura e Decora\u00e7\u00e3o<\/h2>\n<h3>Tend\u00eancias na arquitetura de casas e m\u00f3veis de madeira<\/h3>\n<p>O uso de <b>madeira<\/b> na arquitetura e no design de m\u00f3veis tem se tornado uma tend\u00eancia forte. Al\u00e9m de ser um material sustent\u00e1vel, a madeira traz uma est\u00e9tica acolhedora e natural para os ambientes. A combina\u00e7\u00e3o de elementos modernos com o calor da madeira cria um espa\u00e7o convidativo e confort\u00e1vel, ideal para a cozinha.<\/p>\n<h3>As cadeiras na sala de jantar n\u00e3o s\u00e3o mais tend\u00eancia: a op\u00e7\u00e3o pouco convencional para as casas<\/h3>\n<figure style=\"width: 1024px\" class=\"wp-caption aligncenter\"><img decoding=\"async\" src=\"https:\/\/www.aarquiteta.com.br\/blog\/wp-content\/uploads\/2025\/02\/pano-de-prato-guardado-na-porta-do-forno.jpg\" alt=\"5 solu\u00e7\u00f5es criativas para guardar panos de prato com estilo.\" width=\"1024\" height=\"1024\" title=\"\"><figcaption class=\"wp-caption-text\">Source: <a href=\"https:\/\/ndmais.com.br\/arquitetura-e-decoracao\/adeus-aos-panos-de-prato-pendurados-no-forno-veja-a-nova-forma-de-guarda-los-que-e-tendencia\/\" target=\"_blank\" rel=\"noopener\">NDMAIS<\/a><\/figcaption><\/figure>\n<p>Substituir as tradicionais <b>cadeiras<\/b> por bancos na sala de jantar \u00e9 uma tend\u00eancia que vem ganhando for\u00e7a. Essa mudan\u00e7a n\u00e3o s\u00f3 proporciona mais conforto, mas tamb\u00e9m flexibilidade ao ambiente. Os bancos podem ser facilmente movidos e adaptados a diferentes situa\u00e7\u00f5es, tornando as refei\u00e7\u00f5es em fam\u00edlia ainda mais agrad\u00e1veis.<\/p>\n<h3>\u00danico no mundo, resort \u2018colado\u2019 no Beto Carrero come\u00e7a a ser erguido<\/h3>\n<p>O novo resort que est\u00e1 sendo constru\u00eddo pr\u00f3ximo ao Beto Carrero promete ser uma atra\u00e7\u00e3o \u00fanica. Com um design inovador e uma proposta de integra\u00e7\u00e3o com a natureza, o local se destaca como uma op\u00e7\u00e3o de lazer que valoriza a <b>sustentabilidade<\/b> e o bem-estar dos visitantes.<\/p>\n<h3>Os 10 itens que v\u00e3o bombar na decora\u00e7\u00e3o das cozinhas em 2025<\/h3>\n<h3>Assista agora a minha recomenda\u00e7\u00e3o de video abaixo sobre o tema que estamos tratando neste artigo: <\/h3>\n<p><iframe title=\"YouTube video player\" src=\"\" width=\"560\" height=\"315\" frameborder=\"0\" allowfullscreen=\"allowfullscreen\"><\/iframe><\/p>\n<p>De acordo com a arquiteta Mariana Cabral, algumas tend\u00eancias est\u00e3o se destacando para as cozinhas do futuro. Entre os itens que prometem fazer sucesso est\u00e3o os <b>eletrodom\u00e9sticos inteligentes<\/b>, que facilitam o dia a dia, e as superf\u00edcies de trabalho em materiais inovadores, que combinam beleza e funcionalidade.<\/p>\n<h3>Adeus, fechaduras tradicionais: a nova inven\u00e7\u00e3o sem chave que ser\u00e1 tend\u00eancia em 2025<\/h3>\n<p>As fechaduras sem chave est\u00e3o se tornando uma realidade cada vez mais comum. Essa inova\u00e7\u00e3o n\u00e3o s\u00f3 traz seguran\u00e7a, mas tamb\u00e9m praticidade, permitindo que os moradores tenham acesso f\u00e1cil e r\u00e1pido aos seus lares. Essa tend\u00eancia reflete a busca por solu\u00e7\u00f5es que aliam tecnologia e conforto no dia a dia.<\/p>\n<h2>Conclus\u00e3o<\/h2>\n<p>Em suma, a moderniza\u00e7\u00e3o da cozinha vai muito al\u00e9m de apenas trocar os utens\u00edlios. \u00c9 uma quest\u00e3o de <b>organiza\u00e7\u00e3o, higiene e est\u00e9tica<\/b>. Com as novas tend\u00eancias de armazenamento, como as barras e cabides extens\u00edveis, e a ado\u00e7\u00e3o de solu\u00e7\u00f5es criativas, \u00e9 poss\u00edvel transformar esse espa\u00e7o t\u00e3o importante da casa em um ambiente mais funcional e agrad\u00e1vel. Portanto, \u00e9 hora de dar adeus aos panos de prato pendurados no forno e abra\u00e7ar as inova\u00e7\u00f5es que est\u00e3o por vir!<\/p>\n","protected":false},"excerpt":{"rendered":"<p>Com a moderniza\u00e7\u00e3o da cozinha, novas formas de guardar panos de prato est\u00e3o surgindo, tornando o ambiente mais higi\u00eanico e funcional. Adeus ao velho h\u00e1bito de pendur\u00e1-los na porta do forno! Destaques principais Novas solu\u00e7\u00f5es de armazenamento: As barras e cabides extens\u00edveis s\u00e3o alternativas pr\u00e1ticas e est\u00e9ticas para organizar panos de prato. Benef\u00edcios da organiza\u00e7\u00e3o: [&hellip;]<\/p>\n","protected":false},"author":102,"featured_media":143654,"comment_status":"open","ping_status":"","sticky":false,"template":"","format":"standard","meta":{"footnotes":""},"categories":[249,19127],"tags":[],"class_list":["post-143655","post","type-post","status-publish","format-standard","has-post-thumbnail","category-engenharia-e-construcao-civil","category-reforma-e-manutencao"],"_wp_attached_file":null,"_wp_attachment_metadata":null,"_wp_attachment_context":null,"_wp_attachment_is_custom_header":null,"geo_longitude":null,"geo_public":null,"geo_latitude":null,"_publicize_done_external":null,"_wpas_done_3897181":null,"publicize_twitter_user":null,"_wpas_done_3897175":null,"_wpas_skip_3897181":null,"_wpas_skip_3897175":null,"_wpas_skip_3924723":null,"_wpas_mess":null,"_wpas_done_3924723":null,"wps_subtitle":"","_links":{"self":[{"href":"https:\/\/www.aarquiteta.com.br\/blog\/wp-json\/wp\/v2\/posts\/143655","targetHints":{"allow":["GET"]}}],"collection":[{"href":"https:\/\/www.aarquiteta.com.br\/blog\/wp-json\/wp\/v2\/posts"}],"about":[{"href":"https:\/\/www.aarquiteta.com.br\/blog\/wp-json\/wp\/v2\/types\/post"}],"author":[{"embeddable":true,"href":"https:\/\/www.aarquiteta.com.br\/blog\/wp-json\/wp\/v2\/users\/102"}],"replies":[{"embeddable":true,"href":"https:\/\/www.aarquiteta.com.br\/blog\/wp-json\/wp\/v2\/comments?post=143655"}],"version-history":[{"count":0,"href":"https:\/\/www.aarquiteta.com.br\/blog\/wp-json\/wp\/v2\/posts\/143655\/revisions"}],"wp:featuredmedia":[{"embeddable":true,"href":"https:\/\/www.aarquiteta.com.br\/blog\/wp-json\/wp\/v2\/media\/143654"}],"wp:attachment":[{"href":"https:\/\/www.aarquiteta.com.br\/blog\/wp-json\/wp\/v2\/media?parent=143655"}],"wp:term":[{"taxonomy":"category","embeddable":true,"href":"https:\/\/www.aarquiteta.com.br\/blog\/wp-json\/wp\/v2\/categories?post=143655"},{"taxonomy":"post_tag","embeddable":true,"href":"https:\/\/www.aarquiteta.com.br\/blog\/wp-json\/wp\/v2\/tags?post=143655"}],"curies":[{"name":"wp","href":"https:\/\/api.w.org\/{rel}","templated":true}]}}