{"id":143616,"date":"2025-02-12T17:38:50","date_gmt":"2025-02-12T20:38:50","guid":{"rendered":"https:\/\/www.aarquiteta.com.br\/blog\/ideias-cores-para-cozinha\/"},"modified":"2025-02-12T17:38:50","modified_gmt":"2025-02-12T20:38:50","slug":"ideias-cores-para-cozinha","status":"publish","type":"post","link":"https:\/\/www.aarquiteta.com.br\/blog\/ideias-cores-para-cozinha\/","title":{"rendered":"Ideias de Cor para Cozinha: Como Combinar Revestimentos e M\u00f3veis 10"},"content":{"rendered":"<p><body><\/p>\n<p>Escolher a paleta de cores perfeita para a cozinha pode transformar o ambiente, tornando-o acolhedor e funcional. Neste artigo, vamos explorar ideias de cor, combina\u00e7\u00f5es que funcionam e as tend\u00eancias mais atuais para inspirar sua decora\u00e7\u00e3o.<\/p>\n<h2>Introdu\u00e7\u00e3o \u00e0 Import\u00e2ncia das Cores na Cozinha<\/h2>\n<p>Decidir sobre a paleta de cores da cozinha \u00e9 como escolher o tempero para um prato: pode fazer toda a diferen\u00e7a. As cores <strong>n\u00e3o apenas embelezam<\/strong>, mas tamb\u00e9m moldam a atmosfera e a funcionalidade do espa\u00e7o. Ent\u00e3o, vamos entender como as cores interagem na decora\u00e7\u00e3o da cozinha e por que isso importa tanto!<\/p>\n<h2>O Efeito das Cores na Decora\u00e7\u00e3o<\/h2>\n<p>As cores t\u00eam o poder de <strong>transformar completamente o ambiente<\/strong>. O impacto emocional de uma cozinha meticulosamente decorada n\u00e3o deve ser subestimado. Veremos como as cores podem evocar emo\u00e7\u00f5es e influenciar nossa experi\u00eancia di\u00e1ria.<\/p>\n<h2>Cores que Criam Atmosferas Convidativas<\/h2>\n<p>Algumas tonalidades t\u00eam a capacidade de acalmar, enquanto outras trazem uma energia vibrante para o espa\u00e7o. Vou explorar como diferentes cores afetam a atmosfera da sua cozinha, criando um ambiente acolhedor e funcional.<\/p>\n<h3>Paletas de Cores que Funcionam Juntas<\/h3>\n<figure style=\"width: 1024px\" class=\"wp-caption aligncenter\"><img decoding=\"async\" src=\"https:\/\/www.aarquiteta.com.br\/blog\/wp-content\/uploads\/2025\/02\/escolher-a-cor-da-cozinha-1024x563.jpg\" alt=\"Ideias de Cor para Cozinha: Como Combinar Revestimentos e M\u00f3veis.\" title=\"\"><figcaption class=\"wp-caption-text\">Ideias de Cor para Cozinha: Como Combinar Revestimentos e M\u00f3veis.<\/figcaption><\/figure>\n<p>Quando se trata de <strong>combinar cores<\/strong>, a harmonia \u00e9 a chave. Escolhi algumas paletas que n\u00e3o apenas se complementam, mas tamb\u00e9m trazem um toque de modernidade ao seu espa\u00e7o:<\/p>\n<ul>\n<li><strong>Branco e cinza:<\/strong> Cl\u00e1ssico e atemporal, perfeito para um visual clean.<\/li>\n<li><strong>Azul e amarelo:<\/strong> Uma combina\u00e7\u00e3o alegre que remete \u00e0s cozinhas de f\u00e9rias \u00e0 beira-mar.<\/li>\n<li><strong>Verde e marrom:<\/strong> Trazendo a natureza para dentro, \u00f3timo para cozinhas r\u00fasticas.<\/li>\n<\/ul>\n<h3>Cores que Transmitem Sensa\u00e7\u00f5es Positivas<\/h3>\n<figure style=\"width: 1024px\" class=\"wp-caption aligncenter\"><img decoding=\"async\" src=\"https:\/\/www.aarquiteta.com.br\/blog\/wp-content\/uploads\/2025\/02\/ideias-cores-para-cozinha01.jpg\" alt=\"Ideias de Cor para Cozinha: Como Combinar Revestimentos e M\u00f3veis\" width=\"1024\" height=\"1024\" title=\"\"><figcaption class=\"wp-caption-text\">Ideias de Cor para Cozinha: Como Combinar Revestimentos e M\u00f3veis<\/figcaption><\/figure>\n<p>Cores como <strong>amarelo<\/strong> e <strong>verde<\/strong> s\u00e3o conhecidas por suas propriedades energizantes. Quando usadas de forma estrat\u00e9gica, essas cores podem criar um ambiente que inspira alegria e criatividade na cozinha:<\/p>\n<ol>\n<li><strong>Amarelo:<\/strong> Perfeito para estimular conversas e unir a fam\u00edlia ao redor da mesa.<\/li>\n<li><strong>Verde menta:<\/strong> Traz frescor e tranquilidade, ideal para quem busca um espa\u00e7o mais relaxante.<\/li>\n<\/ol>\n<h2>Tend\u00eancias de Cores para Cozinhas em 2025<\/h2>\n<p>2025 promete ser o ano da inova\u00e7\u00e3o em design de interiores. As tend\u00eancias apontam para <strong>cores ousadas e conceitos sustent\u00e1veis<\/strong>. Vamos dar uma olhada nas paletas que est\u00e3o surgindo e como voc\u00ea pode aplic\u00e1-las em sua cozinha:<\/p>\n<p>O uso de <strong>cores terracota<\/strong> e <strong>coral<\/strong> vem ganhando destaque, criando uma conex\u00e3o especial com a natureza e a sustentabilidade. Estas cores se encaixam bem em acabamentos naturais e com m\u00f3veis de madeira, proporcionando um toque contempor\u00e2neo e acolhedor.<\/p>\n<h2>Escolhendo a Cor Ideal para Sua Cozinha<\/h2>\n<p>Escolher a cor ideal para sua cozinha pode parecer uma tarefa dif\u00edcil, mas vou compartilhar algumas dicas para facilitar a sua decis\u00e3o:<\/p>\n<ol>\n<li><strong>Identifique seu estilo:<\/strong> Prefere um ambiente r\u00fastico ou moderno?<\/li>\n<li><strong>Teste amostras:<\/strong> Antes de se comprometer, teste as cores em pequenas \u00e1reas para ver como reagem com a luz.<\/li>\n<li><strong>Considere a funcionalidade:<\/strong> Cores claras ampliam visualmente, enquanto cores escuras adicionam drama ao ambiente.<\/li>\n<\/ol>\n<h2>Montando a Cozinha dos Seus Sonhos<\/h2>\n<p>Ao montar sua cozinha dos sonhos, deve-se levar em conta a combina\u00e7\u00e3o de <strong>revestimentos, m\u00f3veis e cores<\/strong>. Considere:<\/p>\n<ul>\n<li>Cores dos arm\u00e1rios e balc\u00f5es que harmonizam com suas paredes.<\/li>\n<li><strong>Texturas<\/strong> e <strong>acabamentos<\/strong> que podem real\u00e7ar a paleta escolhida.<\/li>\n<\/ul>\n<h3>Como Usar Cores Neutras<\/h3>\n<figure style=\"width: 1024px\" class=\"wp-caption aligncenter\"><img decoding=\"async\" src=\"https:\/\/www.aarquiteta.com.br\/blog\/wp-content\/uploads\/2025\/02\/ideias-de-cor-para-cozinha-1200x660.jpg\" alt=\"Ideias de cor para cozinha.\" title=\"\"><figcaption class=\"wp-caption-text\">Ideias de cor para cozinha.<\/figcaption><\/figure>\n<p>Cores neutras oferecem uma base vers\u00e1til e elegante. Isso permite que voc\u00ea adicione toques de cor vibrante em pequenos detalhes, como utens\u00edlios ou plantas. Al\u00e9m disso, as cores neutras s\u00e3o perfeitas para quem deseja um espa\u00e7o <strong>atual e sofisticado<\/strong>.<\/p>\n<h3>Espa\u00e7os Pequenos, Cores Inteligentes<\/h3>\n<figure style=\"width: 1024px\" class=\"wp-caption aligncenter\"><img decoding=\"async\" src=\"https:\/\/www.aarquiteta.com.br\/blog\/wp-content\/uploads\/2025\/02\/ideias-cores-para-cozinha02.jpg\" alt=\"Ideias de Cor para Cozinha: Como Combinar Revestimentos e M\u00f3veis\" width=\"1024\" height=\"1024\" title=\"\"><figcaption class=\"wp-caption-text\">Ideias de Cor para Cozinha: Como Combinar Revestimentos e M\u00f3veis<\/figcaption><\/figure>\n<p>Cozinhas pequenas exigem escolhas de cor ainda mais cuidadosas. Cores claras ajudam a maximizar o espa\u00e7o e evitam que o ambiente se sinta apertado. Uma ideia brilhante \u00e9 usar cores claras nas paredes e adicionar um toque de cor com acess\u00f3rios.<\/p>\n<h3>Integrando Preto na Cozinha<\/h3>\n<figure style=\"width: 1024px\" class=\"wp-caption aligncenter\"><img decoding=\"async\" src=\"https:\/\/www.aarquiteta.com.br\/blog\/wp-content\/uploads\/2025\/02\/influencia-das-cores-1024x563.jpg\" alt=\"Ideias de Cor para Cozinha: Como Combinar Revestimentos e M\u00f3veis.\" title=\"\"><figcaption class=\"wp-caption-text\">Ideias de Cor para Cozinha: Como Combinar Revestimentos e M\u00f3veis.<\/figcaption><\/figure>\n<p>Usar o <strong>preto<\/strong> na cozinha pode ser uma escolha ousada e moderna. Detalhes em preto, como arm\u00e1rios inferiores ou uma ilha, criam contrastes impactantes. Quando combinado com elementos mais claros, o preto pode dar um toque de sofistica\u00e7\u00e3o e eleg\u00e2ncia.<\/p>\n<h3>Cores e a Estimula\u00e7\u00e3o do Apetite<\/h3>\n<figure style=\"width: 1024px\" class=\"wp-caption aligncenter\"><img decoding=\"async\" src=\"https:\/\/www.aarquiteta.com.br\/blog\/wp-content\/uploads\/2025\/02\/ideias-cores-para-cozinha03.jpg\" alt=\"Ideias de Cor para Cozinha: Como Combinar Revestimentos e M\u00f3veis\" width=\"1024\" height=\"1024\" title=\"\"><figcaption class=\"wp-caption-text\">Ideias de Cor para Cozinha: Como Combinar Revestimentos e M\u00f3veis<\/figcaption><\/figure>\n<p>Cores quentes, como <strong>vermelho e laranja<\/strong>, s\u00e3o conhecidas por estimular o apetite. Uma cozinha pintada com essas cores pode convidar a fam\u00edlia e os amigos a se reunirem e compartilharem refei\u00e7\u00f5es. Essas cores tamb\u00e9m promovem um ambiente de criatividade na hora de cozinhar!<\/p>\n<h2>Conclus\u00e3o: Deixe Sua Cozinha Refletir Sua Personalidade<\/h2>\n<p>A escolha de cores para a cozinha \u00e9 uma oportunidade \u00fanica de expressar seu estilo pessoal. Ao decidir sobre a paleta, pense n\u00e3o apenas na est\u00e9tica, mas tamb\u00e9m em como as cores influenciam o seu <strong>bem-estar e criatividade<\/strong>. Com essas dicas, espero que voc\u00ea se sinta inspirado a criar uma cozinha que seja verdadeiramente sua. As possibilidades s\u00e3o infinitas, e a \u00fanica limita\u00e7\u00e3o \u00e9 a sua imagina\u00e7\u00e3o!<\/p>\n<p><\/body><br \/>\n<figure style=\"width: 1024px\" class=\"wp-caption aligncenter\"><img decoding=\"async\" src=\"https:\/\/www.aarquiteta.com.br\/blog\/wp-content\/uploads\/2025\/02\/combinacoes-de-cores-para-cozinha-1024x563.jpg\" alt=\"Ideias de Cor para Cozinha: Como Combinar Revestimentos e M\u00f3veis.\" title=\"\"><figcaption class=\"wp-caption-text\">Ideias de Cor para Cozinha: Como Combinar Revestimentos e M\u00f3veis.<\/figcaption><\/figure>\n<figure style=\"width: 1024px\" class=\"wp-caption aligncenter\"><img decoding=\"async\" src=\"https:\/\/www.aarquiteta.com.br\/blog\/wp-content\/uploads\/2025\/02\/ideias-cores-para-cozinha4.jpg\" alt=\"Ideias de Cor para Cozinha: Como Combinar Revestimentos e M\u00f3veis\" width=\"1024\" height=\"1024\" title=\"\"><figcaption class=\"wp-caption-text\">Ideias de Cor para Cozinha: Como Combinar Revestimentos e M\u00f3veis<\/figcaption><\/figure>\n<figure style=\"width: 1024px\" class=\"wp-caption aligncenter\"><img decoding=\"async\" src=\"https:\/\/www.aarquiteta.com.br\/blog\/wp-content\/uploads\/2025\/02\/tendencias-de-cores-2024-1024x563.jpg\" alt=\"Ideias de Cor para Cozinha: Como Combinar Revestimentos e M\u00f3veis.\" title=\"\"><figcaption class=\"wp-caption-text\">Ideias de Cor para Cozinha: Como Combinar Revestimentos e M\u00f3veis.<\/figcaption><\/figure>\n<h3>Para se aprofundar mais sobre o tema, veja a minha recomenda\u00e7\u00e3o sobre o tema deste artigo no v\u00eddeo a seguir abaixo:<\/h3>\n<p><iframe title=\"YouTube video player\" src=\"https:\/\/www.youtube.com\/embed\/rZiN64Qk6oU\" width=\"560\" height=\"315\" frameborder=\"0\" allowfullscreen=\"allowfullscreen\"><\/iframe><\/p>\n<figure style=\"width: 1024px\" class=\"wp-caption aligncenter\"><img decoding=\"async\" src=\"https:\/\/www.aarquiteta.com.br\/blog\/wp-content\/uploads\/2025\/02\/cores-modernas-para-cozinha-1024x563.jpg\" alt=\"Ideias de Cor para Cozinha: Como Combinar Revestimentos e M\u00f3veis.\" title=\"\"><figcaption class=\"wp-caption-text\">Ideias de Cor para Cozinha: Como Combinar Revestimentos e M\u00f3veis.<\/figcaption><\/figure>\n","protected":false},"excerpt":{"rendered":"<p>Descubra como escolher as melhores cores para a cozinha e transformar seu espa\u00e7o com eleg\u00e2ncia e estilo.<\/p>\n","protected":false},"author":102,"featured_media":143608,"comment_status":"open","ping_status":"","sticky":false,"template":"","format":"standard","meta":{"footnotes":""},"categories":[1484],"tags":[],"class_list":["post-143616","post","type-post","status-publish","format-standard","has-post-thumbnail","category-decoracao"],"_wp_attached_file":null,"_wp_attachment_metadata":null,"_wp_attachment_context":null,"_wp_attachment_is_custom_header":null,"geo_longitude":null,"geo_public":null,"geo_latitude":null,"_publicize_done_external":null,"_wpas_done_3897181":null,"publicize_twitter_user":null,"_wpas_done_3897175":null,"_wpas_skip_3897181":null,"_wpas_skip_3897175":null,"_wpas_skip_3924723":null,"_wpas_mess":null,"_wpas_done_3924723":null,"wps_subtitle":"","_links":{"self":[{"href":"https:\/\/www.aarquiteta.com.br\/blog\/wp-json\/wp\/v2\/posts\/143616","targetHints":{"allow":["GET"]}}],"collection":[{"href":"https:\/\/www.aarquiteta.com.br\/blog\/wp-json\/wp\/v2\/posts"}],"about":[{"href":"https:\/\/www.aarquiteta.com.br\/blog\/wp-json\/wp\/v2\/types\/post"}],"author":[{"embeddable":true,"href":"https:\/\/www.aarquiteta.com.br\/blog\/wp-json\/wp\/v2\/users\/102"}],"replies":[{"embeddable":true,"href":"https:\/\/www.aarquiteta.com.br\/blog\/wp-json\/wp\/v2\/comments?post=143616"}],"version-history":[{"count":0,"href":"https:\/\/www.aarquiteta.com.br\/blog\/wp-json\/wp\/v2\/posts\/143616\/revisions"}],"wp:featuredmedia":[{"embeddable":true,"href":"https:\/\/www.aarquiteta.com.br\/blog\/wp-json\/wp\/v2\/media\/143608"}],"wp:attachment":[{"href":"https:\/\/www.aarquiteta.com.br\/blog\/wp-json\/wp\/v2\/media?parent=143616"}],"wp:term":[{"taxonomy":"category","embeddable":true,"href":"https:\/\/www.aarquiteta.com.br\/blog\/wp-json\/wp\/v2\/categories?post=143616"},{"taxonomy":"post_tag","embeddable":true,"href":"https:\/\/www.aarquiteta.com.br\/blog\/wp-json\/wp\/v2\/tags?post=143616"}],"curies":[{"name":"wp","href":"https:\/\/api.w.org\/{rel}","templated":true}]}}