{"id":143547,"date":"2025-02-11T18:39:15","date_gmt":"2025-02-11T21:39:15","guid":{"rendered":"https:\/\/www.aarquiteta.com.br\/blog\/sofas-modernos\/"},"modified":"2025-02-11T18:39:15","modified_gmt":"2025-02-11T21:39:15","slug":"sofas-modernos","status":"publish","type":"post","link":"https:\/\/www.aarquiteta.com.br\/blog\/sofas-modernos\/","title":{"rendered":"Sof\u00e1s Modernos: 10 Modelos Cheios de Estilo e Conforto"},"content":{"rendered":"<p><body><\/p>\n<p>Os sof\u00e1s modernos s\u00e3o a combina\u00e7\u00e3o perfeita entre <b>estilo<\/b> e <b>conforto<\/b>. Com um design elegante e diversas op\u00e7\u00f5es de cores e materiais, eles conseguem transformar qualquer sala em um ambiente acolhedor e sofisticado.<\/p>\n<h2>Caracter\u00edsticas dos Sof\u00e1s Modernos<\/h2>\n<h3>Linhas Simples e Design Funcional<\/h3>\n<figure style=\"width: 1024px\" class=\"wp-caption aligncenter\"><img decoding=\"async\" src=\"https:\/\/www.aarquiteta.com.br\/blog\/wp-content\/uploads\/2025\/02\/sofas-modernos-5-730x912.jpg\" alt=\"Sof\u00e1 moderno em azul, trazendo suavidade \u00e0 decora\u00e7\u00e3o.\" title=\"\"><figcaption class=\"wp-caption-text\">Sof\u00e1 moderno em azul, trazendo suavidade \u00e0 decora\u00e7\u00e3o.<\/figcaption><\/figure>\n<p>Quando falo em sof\u00e1s modernos, o que me vem \u00e0 mente s\u00e3o as <b>linhas simples<\/b> e o design funcional. Esses sof\u00e1s, geralmente com formas retas, t\u00eam como premissa a <b>minimalidade<\/b> e a eleg\u00e2ncia. A ideia \u00e9 que as pe\u00e7as sejam atraentes e funcionais ao mesmo tempo, proporcionando um espa\u00e7o de descanso que n\u00e3o s\u00f3 se integra, mas tamb\u00e9m destaca a decora\u00e7\u00e3o do ambiente.<\/p>\n<p>A escolha de um sof\u00e1 moderno \u00e9 percept\u00edvel na sua presen\u00e7a imponente, que acaba <b>combinando<\/b> est\u00e9tica e utilidade. Seja no seu formato, na escolha do tecido ou na paleta de cores, essa proposta busca um equil\u00edbrio que consegui observar em diversos projetos. N\u00e3o \u00e9 s\u00f3 um m\u00f3vel; \u00e9 uma <b>pe\u00e7a central<\/b> na composi\u00e7\u00e3o de qualquer sala.<\/p>\n<h2>Variedade de Modelos<\/h2>\n<h3>Escolhendo o Tamanho e Formato Ideais<\/h3>\n<figure style=\"width: 1024px\" class=\"wp-caption aligncenter\"><img decoding=\"async\" src=\"https:\/\/www.aarquiteta.com.br\/blog\/wp-content\/uploads\/2025\/02\/sofas-modernos01.jpg\" alt=\"Sof\u00e1s Modernos: 80 Modelos Cheios de Estilo e Conforto\" width=\"1024\" height=\"1024\" title=\"\"><figcaption class=\"wp-caption-text\">Sof\u00e1s Modernos: 80 Modelos Cheios de Estilo e Conforto<\/figcaption><\/figure>\n<p>Um dos pontos que mais admiro nos sof\u00e1s modernos \u00e9 a diversidade de modelos dispon\u00edveis. \u00c9 como escolher frutas em uma feira: h\u00e1 op\u00e7\u00f5es para todos os gostos e estilos! Voc\u00ea pode optar por modelos <b>compactos<\/b> para espa\u00e7os menores ou por aqueles grandes que se tornam os protagonistas de salas espa\u00e7osas.<\/p>\n<p>Al\u00e9m disso, o formato tamb\u00e9m \u00e9 crucial. Sof\u00e1s em L, chaise longues ou os tradicionais de 3 lugares; todos t\u00eam suas caracter\u00edsticas e se encaixam em diferentes propostas de decora\u00e7\u00e3o. Na hora de escolher, a propor\u00e7\u00e3o do sof\u00e1 em rela\u00e7\u00e3o ao espa\u00e7o dispon\u00edvel \u00e9 <b>essencial<\/b>.<\/p>\n<h2>Cores e Estampas para Sof\u00e1s<\/h2>\n<h3>Cores Neutras Versus Cores Vibrantes<\/h3>\n<figure style=\"width: 1024px\" class=\"wp-caption aligncenter\"><img decoding=\"async\" src=\"https:\/\/www.aarquiteta.com.br\/blog\/wp-content\/uploads\/2025\/02\/sofas-modernos-0.jpg\" alt=\"Sof\u00e1s modernos de estilo sofisticado com linhas retas e simples.\" title=\"\"><figcaption class=\"wp-caption-text\">Sof\u00e1s modernos de estilo sofisticado com linhas retas e simples.<\/figcaption><\/figure>\n<p>As cores e estampas de sof\u00e1s s\u00e3o outro aspecto fascinante. No meu entendimento, as <b>cores neutras<\/b> s\u00e3o sempre uma escolha segura: elas proporcionam um fundo que permite que outros elementos do espa\u00e7o se destaquem. Por\u00e9m, as <b>cores vibrantes<\/b> t\u00eam o poder de <b>transformar<\/b> um ambiente, trazendo personalidade e um toque de criatividade. <\/p>\n<p>\u00c9 interessante observar como um sof\u00e1 vermelho ou azul pode se tornar um protagonista em uma sala com tons mais s\u00f3brios. A combina\u00e7\u00e3o de tones e texturas \u00e9 uma forma de criar um espa\u00e7o que sempre impressiona. Afinal, quem n\u00e3o gosta de um ambiente que exala <b>originalidade<\/b> e <b>conforto<\/b>?<\/p>\n<h3>O Impacto das Almofadas na Decora\u00e7\u00e3o<\/h3>\n<figure style=\"width: 1024px\" class=\"wp-caption aligncenter\"><img decoding=\"async\" src=\"https:\/\/www.aarquiteta.com.br\/blog\/wp-content\/uploads\/2025\/02\/sofas-modernos02.jpg\" alt=\"Sof\u00e1s Modernos: 80 Modelos Cheios de Estilo e Conforto\" width=\"1024\" height=\"1024\" title=\"\"><figcaption class=\"wp-caption-text\">Sof\u00e1s Modernos: 80 Modelos Cheios de Estilo e Conforto<\/figcaption><\/figure>\n<p>N\u00e3o podemos esquecer das almofadas! Elas s\u00e3o as <b>cerejas do bolo<\/b> na composi\u00e7\u00e3o do sof\u00e1. Almofadas coloridas ou estampadas podem acrescentar um toque de vida e frescor ao seu espa\u00e7o. Podem ser utilizadas como um ponto focal ou para criar um <b>contraste<\/b> com o restante da decora\u00e7\u00e3o. A variedade \u00e9 t\u00e3o grande que voc\u00ea pode misturar formatos, tamanhos e estampas sem medo de ser feliz!<\/p>\n<p>Esse \u00e9 um truque que sempre utilizo em projetos de interiores; as almofadas trazem um <b>conforto visual<\/b> e podem at\u00e9 mesmo modificar a sensa\u00e7\u00e3o do espa\u00e7o em quest\u00e3o.<\/p>\n<h2>Materiais e Texturas dos Estofados<\/h2>\n<h3>Couro e Veludo: Beleza e Praticidade<\/h3>\n<figure style=\"width: 1024px\" class=\"wp-caption aligncenter\"><img decoding=\"async\" src=\"https:\/\/www.aarquiteta.com.br\/blog\/wp-content\/uploads\/2025\/02\/sofas-modernos-1-730x487.jpg\" alt=\"Sof\u00e1s que podem ser encontrados em v\u00e1rios formatos, alguns sem bra\u00e7os.\" title=\"\"><figcaption class=\"wp-caption-text\">Sof\u00e1s que podem ser encontrados em v\u00e1rios formatos, alguns sem bra\u00e7os.<\/figcaption><\/figure>\n<p>Em rela\u00e7\u00e3o aos materiais, os estofados modernos muitas vezes v\u00eam em <b>couros<\/b> e <b>veludos<\/b>. O couro \u00e9 ideal para quem busca durabilidade e um toque de sofistica\u00e7\u00e3o. Sua <b>praticidade<\/b> na manuten\u00e7\u00e3o \u00e9 um atrativo a mais, especialmente em lares com crian\u00e7as ou animais de estima\u00e7\u00e3o.<\/p>\n<p>O veludo, por outro lado, traz uma sensa\u00e7\u00e3o de acolhimento e conforto, al\u00e9m de um <b>visual impactante<\/b>. Ambas op\u00e7\u00f5es permitem a explora\u00e7\u00e3o de diferentes paletas e combina\u00e7\u00f5es, adequando-se a estilos que v\u00e3o do <b>cl\u00e1ssico<\/b> ao <b>moderno<\/b>.<\/p>\n<h2>Sof\u00e1s Confort\u00e1veis para Todos os Ambientes<\/h2>\n<h3>Decora\u00e7\u00e3o para Salas de Estar e de TV<\/h3>\n<figure style=\"width: 1024px\" class=\"wp-caption aligncenter\"><img decoding=\"async\" src=\"https:\/\/www.aarquiteta.com.br\/blog\/wp-content\/uploads\/2025\/02\/sofas-modernos03.jpg\" alt=\"Sof\u00e1s Modernos: 80 Modelos Cheios de Estilo e Conforto\" width=\"1024\" height=\"1024\" title=\"\"><figcaption class=\"wp-caption-text\">Sof\u00e1s Modernos: 80 Modelos Cheios de Estilo e Conforto<\/figcaption><\/figure>\n<p>Um sof\u00e1 confort\u00e1vel faz toda a diferen\u00e7a na hora de criar um ambiente acolhedor, seja para uma sala de estar ou uma sala de TV. Muitas vezes, em projetos que desenvolvo, costumo indicar sof\u00e1s com caracter\u00edsticas que permitam a <b>interatividade<\/b>, como aqueles com chaise longues ou sistema de reclina\u00e7\u00e3o. Isso garante que todos os convidados possam se acomodar confortavelmente, <b>proporcionando momentos agrad\u00e1veis<\/b>.<\/p>\n<p>Afinal, um bom sof\u00e1 \u00e9 mais que um m\u00f3vel, \u00e9 o cora\u00e7\u00e3o da casa, onde amigos e fam\u00edlia se re\u00fanem para <b>compartilhar<\/b> momentos importantes.<\/p>\n<h2>Dicas para a Composi\u00e7\u00e3o do Espa\u00e7o<\/h2>\n<h3>Combina\u00e7\u00f5es de M\u00f3veis e Acess\u00f3rios<\/h3>\n<figure style=\"width: 1024px\" class=\"wp-caption aligncenter\"><img decoding=\"async\" src=\"https:\/\/www.aarquiteta.com.br\/blog\/wp-content\/uploads\/2025\/02\/sofas-modernos-2-730x599.jpg\" alt=\"Sof\u00e1s com almofadas coloridas que trazem destaque ao ambiente.\" title=\"\"><figcaption class=\"wp-caption-text\">Sof\u00e1s com almofadas coloridas que trazem destaque ao ambiente.<\/figcaption><\/figure>\n<p>Finalmente, ao escolher um sof\u00e1 moderno, \u00e9 fundamental pensar nas <b>combina\u00e7\u00f5es de m\u00f3veis<\/b> e acess\u00f3rios. Um espa\u00e7o bien equilibrado \u00e9 aquele onde todos os elementos dialogam entre si. Isso inclui a mescla de outros m\u00f3veis, como mesas de centro e estantes, bem como o uso estrat\u00e9gico de <b>acess\u00f3rios decorativos<\/b>.<\/p>\n<p>Animar um ambiente cuidadosamente planejado pode ser t\u00e3o simples quanto adicionar um tapete agrad\u00e1vel ou um quadro que dialogue com a paleta de cores escolhida. Tudo deve ser planejado para funcionar como um <b>todo harmonioso<\/b>.<\/p>\n<h3>Uso de Tapetes e Quadros<\/h3>\n<figure style=\"width: 1024px\" class=\"wp-caption aligncenter\"><img decoding=\"async\" src=\"https:\/\/www.aarquiteta.com.br\/blog\/wp-content\/uploads\/2025\/02\/sofas-modernos4.jpg\" alt=\"Sof\u00e1s Modernos: 80 Modelos Cheios de Estilo e Conforto\" width=\"1024\" height=\"1024\" title=\"\"><figcaption class=\"wp-caption-text\">Sof\u00e1s Modernos: 80 Modelos Cheios de Estilo e Conforto<\/figcaption><\/figure>\n<p>Os <b>tapetes<\/b> e quadros s\u00e3o \u00f3timas ferramentas para definir \u00e1reas e trazer <b>coer\u00eancia<\/b> \u00e0 decora\u00e7\u00e3o. Um tapete pode n\u00e3o s\u00f3 delimitar uma zona de estar, como tamb\u00e9m trazer conforto e calor ao ambiente. Quanto aos quadros, eles t\u00eam o poder de <b>personalizar<\/b> ainda mais o espa\u00e7o, permitindo que os moradores deixem sua marca na decora\u00e7\u00e3o.<\/p>\n<p>Se voc\u00ea tem um sof\u00e1 moderno, n\u00e3o esque\u00e7a de usar esses elementos para elev\u00e1-lo ainda mais na experi\u00eancia do dia a dia. A unidade entre esses objetos \u00e9 a chave para um espa\u00e7o que <b>transmite<\/b> acolhimento e estilo.<\/p>\n<h2>Conclus\u00e3o: Transforme sua Sala com Sof\u00e1s Modernos<\/h2>\n<p>Portanto, ao pensar em sof\u00e1s modernos, lembre-se de que cada escolha que voc\u00ea faz impacta diretamente no <b>resultado final<\/b> do seu ambiente. Desde o estilo, cores e materiais at\u00e9 como eles interagem com outros m\u00f3veis e a decora\u00e7\u00e3o em geral. A minha sugest\u00e3o \u00e9 sempre buscar por op\u00e7\u00f5es que tragam <b>conforto, eleg\u00e2ncia<\/b> e um toque pessoal, fazendo do seu espa\u00e7o um lugar perfeito para relaxar e socializar.<\/p>\n<p>Com as op\u00e7\u00f5es certas, seu sof\u00e1 pode n\u00e3o apenas ser um lugar para sentar, mas o <b>centro das suas melhores mem\u00f3rias<\/b>.<\/p>\n<p><\/body><br \/>\n<figure style=\"width: 1024px\" class=\"wp-caption aligncenter\"><img decoding=\"async\" src=\"https:\/\/www.aarquiteta.com.br\/blog\/wp-content\/uploads\/2025\/02\/sofas-modernos-3-730x479.jpg\" alt=\"Sof\u00e1s que combinam com decora\u00e7\u00e3o em tons neutros.\" title=\"\"><figcaption class=\"wp-caption-text\">Sof\u00e1s que combinam com decora\u00e7\u00e3o em tons neutros.<\/figcaption><\/figure>\n<h3>Para se aprofundar mais sobre o tema, veja a minha recomenda\u00e7\u00e3o sobre o tema deste artigo no v\u00eddeo a seguir abaixo:<\/h3>\n<p><iframe title=\"YouTube video player\" src=\"https:\/\/www.youtube.com\/embed\/LBGVNM4s8BE\" width=\"560\" height=\"315\" frameborder=\"0\" allowfullscreen=\"allowfullscreen\"><\/iframe><\/p>\n<figure style=\"width: 1024px\" class=\"wp-caption aligncenter\"><img decoding=\"async\" src=\"https:\/\/www.aarquiteta.com.br\/blog\/wp-content\/uploads\/2025\/02\/sofas-modernos-4-730x487.jpg\" alt=\"Sof\u00e1s dispon\u00edveis em diversas op\u00e7\u00f5es de cores.\" title=\"\"><figcaption class=\"wp-caption-text\">Sof\u00e1s dispon\u00edveis em diversas op\u00e7\u00f5es de cores.<\/figcaption><\/figure>\n","protected":false},"excerpt":{"rendered":"<p>Descubra 80 modelos de sof\u00e1s modernos que combinam estilo e conforto para transformar sua sala.<\/p>\n","protected":false},"author":102,"featured_media":143540,"comment_status":"open","ping_status":"","sticky":false,"template":"","format":"standard","meta":{"footnotes":""},"categories":[1484],"tags":[],"class_list":["post-143547","post","type-post","status-publish","format-standard","has-post-thumbnail","category-decoracao"],"_wp_attached_file":null,"_wp_attachment_metadata":null,"_wp_attachment_context":null,"_wp_attachment_is_custom_header":null,"geo_longitude":null,"geo_public":null,"geo_latitude":null,"_publicize_done_external":null,"_wpas_done_3897181":null,"publicize_twitter_user":null,"_wpas_done_3897175":null,"_wpas_skip_3897181":null,"_wpas_skip_3897175":null,"_wpas_skip_3924723":null,"_wpas_mess":null,"_wpas_done_3924723":null,"wps_subtitle":"","_links":{"self":[{"href":"https:\/\/www.aarquiteta.com.br\/blog\/wp-json\/wp\/v2\/posts\/143547","targetHints":{"allow":["GET"]}}],"collection":[{"href":"https:\/\/www.aarquiteta.com.br\/blog\/wp-json\/wp\/v2\/posts"}],"about":[{"href":"https:\/\/www.aarquiteta.com.br\/blog\/wp-json\/wp\/v2\/types\/post"}],"author":[{"embeddable":true,"href":"https:\/\/www.aarquiteta.com.br\/blog\/wp-json\/wp\/v2\/users\/102"}],"replies":[{"embeddable":true,"href":"https:\/\/www.aarquiteta.com.br\/blog\/wp-json\/wp\/v2\/comments?post=143547"}],"version-history":[{"count":0,"href":"https:\/\/www.aarquiteta.com.br\/blog\/wp-json\/wp\/v2\/posts\/143547\/revisions"}],"wp:featuredmedia":[{"embeddable":true,"href":"https:\/\/www.aarquiteta.com.br\/blog\/wp-json\/wp\/v2\/media\/143540"}],"wp:attachment":[{"href":"https:\/\/www.aarquiteta.com.br\/blog\/wp-json\/wp\/v2\/media?parent=143547"}],"wp:term":[{"taxonomy":"category","embeddable":true,"href":"https:\/\/www.aarquiteta.com.br\/blog\/wp-json\/wp\/v2\/categories?post=143547"},{"taxonomy":"post_tag","embeddable":true,"href":"https:\/\/www.aarquiteta.com.br\/blog\/wp-json\/wp\/v2\/tags?post=143547"}],"curies":[{"name":"wp","href":"https:\/\/api.w.org\/{rel}","templated":true}]}}