{"id":143383,"date":"2025-02-10T14:58:00","date_gmt":"2025-02-10T17:58:00","guid":{"rendered":"https:\/\/www.aarquiteta.com.br\/blog\/pedras-decorativas\/"},"modified":"2025-02-10T14:58:00","modified_gmt":"2025-02-10T17:58:00","slug":"pedras-decorativas","status":"publish","type":"post","link":"https:\/\/www.aarquiteta.com.br\/blog\/pedras-decorativas\/","title":{"rendered":"Pedras decorativas: 60 inspira\u00e7\u00f5es fant\u00e1sticas de revestimento"},"content":{"rendered":"<p><body><\/p>\n<p>As <b>pedras decorativas<\/b> s\u00e3o uma escolha moderna e vers\u00e1til que podem transformar totalmente o visual da sua casa, seja em ambientes internos ou externos. Venha conhecer suas variedades e como utiliz\u00e1-las criando espa\u00e7o aconchegante e charmoso.<\/p>\n<h2>Introdu\u00e7\u00e3o<\/h2>\n<p>Acredito que as <b>pedras decorativas<\/b> s\u00e3o como uma obra de arte que traz a natureza para dentro da nossa casa. Elas oferecem est\u00e9tica e funcionalidade, e \u00e9 fascinante ver como podem ser utilizadas de diversas maneiras para embelezar qualquer ambiente. Vamos descobrir mais sobre elas!<\/p>\n<h2>Tipos de pedras decorativas<\/h2>\n<h3>1. Pedra S\u00e3o Tom\u00e9<\/h3>\n<figure style=\"width: 1024px\" class=\"wp-caption aligncenter\"><img decoding=\"async\" src=\"https:\/\/www.aarquiteta.com.br\/blog\/wp-content\/uploads\/2025\/02\/pedras-decorativas01.jpg\" alt=\"Pedras decorativas: 60 inspira\u00e7\u00f5es fant\u00e1sticas de revestimento\" width=\"1024\" height=\"1024\" title=\"\"><figcaption class=\"wp-caption-text\">Pedras decorativas: 60 inspira\u00e7\u00f5es fant\u00e1sticas de revestimento<\/figcaption><\/figure>\n<p>Ah, a <b>pedra S\u00e3o Tom\u00e9<\/b>, um verdadeiro cl\u00e1ssico! Ela \u00e9 extra\u00edda em S\u00e3o Tom\u00e9 das Letras e tem uma paleta de cores que varia entre rosa, cinza e amarelo, proporcionando um toque r\u00fastico e acolhedor. Eu gosto de usar essa pedra em \u00e1reas externas, como bordas de piscina e quintais, porque \u00e9 antiderrapante e resistente.<\/p>\n<h3>2. Pedra Portuguesa<\/h3>\n<figure style=\"width: 1024px\" class=\"wp-caption aligncenter\"><img decoding=\"async\" src=\"https:\/\/www.aarquiteta.com.br\/blog\/wp-content\/uploads\/2025\/02\/pedras-decorativas-005.jpg\" alt=\"Realce na lareira com a beleza das pedras decorativas\" title=\"\"><figcaption class=\"wp-caption-text\">Realce na lareira com a beleza das pedras decorativas<\/figcaption><\/figure>\n<p>A famosa <b>pedra Portuguesa<\/b>, tamb\u00e9m chamada de mosaico portugu\u00eas, \u00e9 uma \u00f3tima op\u00e7\u00e3o para quem deseja um visual charmoso nas cal\u00e7adas. Ela \u00e9 irregular e suas v\u00e1rias cores permitem a cria\u00e7\u00e3o de padr\u00f5es \u00fanicos. O que mais gosto dela \u00e9 sua facilidade de manuten\u00e7\u00e3o e rapidez na montagem.<\/p>\n<h3>3. Pedra Ferro<\/h3>\n<figure style=\"width: 1024px\" class=\"wp-caption aligncenter\"><img decoding=\"async\" src=\"https:\/\/www.aarquiteta.com.br\/blog\/wp-content\/uploads\/2025\/02\/pedras-decorativas-000.jpg\" alt=\"Inspira\u00e7\u00e3o fant\u00e1stica de revestimento com pedras decorativas\" title=\"\"><figcaption class=\"wp-caption-text\">Inspira\u00e7\u00e3o fant\u00e1stica de revestimento com pedras decorativas<\/figcaption><\/figure>\n<p>A <b>pedra Ferro<\/b> \u00e9 uma op\u00e7\u00e3o que adiciona um toque de sofistica\u00e7\u00e3o e modernidade \u00e0 qualquer projeto arquitet\u00f4nico. Com tonalidades que variam do marrom ao preto, essa pedra \u00e9 perfeita para fachadas e lareiras, criando um contraste marcante e aconchegante.<\/p>\n<h3>4. Pedra Moledo<\/h3>\n<figure style=\"width: 1024px\" class=\"wp-caption aligncenter\"><img decoding=\"async\" src=\"https:\/\/www.aarquiteta.com.br\/blog\/wp-content\/uploads\/2025\/02\/pedras-decorativas02.jpg\" alt=\"Pedras decorativas: 60 inspira\u00e7\u00f5es fant\u00e1sticas de revestimento\" width=\"1024\" height=\"1024\" title=\"\"><figcaption class=\"wp-caption-text\">Pedras decorativas: 60 inspira\u00e7\u00f5es fant\u00e1sticas de revestimento<\/figcaption><\/figure>\n<p>Quando se fala em <b>pedra Moledo<\/b>, eu logo imagino um ambiente r\u00fastico e acolhedor. Com suas cores terrosas e apar\u00eancia porosa, \u00e9 ideal para quem busca um visual natural. Gosto de utilizar em paredes externas e em detalhes decorativos que trazem uma sensa\u00e7\u00e3o de liberdade.<\/p>\n<h3>5. Pedra Ard\u00f3sia<\/h3>\n<figure style=\"width: 1024px\" class=\"wp-caption aligncenter\"><img decoding=\"async\" src=\"https:\/\/www.aarquiteta.com.br\/blog\/wp-content\/uploads\/2025\/02\/pedras-decorativas-003.jpg\" alt=\"Tipo de pedra - pedras decorativas de v\u00e1rias cores e texturas\" title=\"\"><figcaption class=\"wp-caption-text\">Tipo de pedra &#8211; pedras decorativas de v\u00e1rias cores e texturas<\/figcaption><\/figure>\n<p>A <b>pedra ard\u00f3sia<\/b> \u00e9 um material pr\u00e1tico e de baixo custo. Embora seja mais conhecida pelo seu tom cinza, esse material pode apresentar cores diversas. O cuidado aqui \u00e9 n\u00e3o utiliz\u00e1-la em \u00e1reas externas, pois fica escorregadia com \u00e1gua. Eu a recomendo para revestimentos de paredes e bancadas, garantindo sofistica\u00e7\u00e3o sem complica\u00e7\u00e3o.<\/p>\n<h3>6. Pedra Madeira<\/h3>\n<figure style=\"width: 1024px\" class=\"wp-caption aligncenter\"><img decoding=\"async\" src=\"https:\/\/www.aarquiteta.com.br\/blog\/wp-content\/uploads\/2025\/02\/pedras-decorativas03.jpg\" alt=\"Pedras decorativas: 60 inspira\u00e7\u00f5es fant\u00e1sticas de revestimento\" width=\"1024\" height=\"1024\" title=\"\"><figcaption class=\"wp-caption-text\">Pedras decorativas: 60 inspira\u00e7\u00f5es fant\u00e1sticas de revestimento<\/figcaption><\/figure>\n<p>Quem n\u00e3o ama a apar\u00eancia da <b>pedra Madeira<\/b>? Ela \u00e9 a escolha perfeita se voc\u00ea deseja um efeito de madeira sem o trabalho de manuten\u00e7\u00e3o que a madeira tradicional exige. Seu uso em fachadas e \u00e1reas externas garante um charme natural, al\u00e9m de ser antiderrapante. \u00c9 uma combina\u00e7\u00e3o perfeita de beleza e funcionalidade!<\/p>\n<h2>Inspira\u00e7\u00f5es para ambientes com pedras decorativas<\/h2>\n<h3>1. Integra\u00e7\u00e3o com a natureza<\/h3>\n<figure style=\"width: 1024px\" class=\"wp-caption aligncenter\"><img decoding=\"async\" src=\"https:\/\/www.aarquiteta.com.br\/blog\/wp-content\/uploads\/2025\/02\/pedras-decorativas-007.jpg\" alt=\"Uso r\u00fastico e aconchegante em projeto\" title=\"\"><figcaption class=\"wp-caption-text\">Uso r\u00fastico e aconchegante em projeto<\/figcaption><\/figure>\n<p>As <b>pedras decorativas<\/b> podem criar uma harmonia incr\u00edvel com o ambiente natural. Ao incorpor\u00e1-las em \u00e1reas externas, \u00e9 poss\u00edvel misturar vegeta\u00e7\u00e3o com texturas, criando um espa\u00e7o relaxante e convidativo. Imagina um canto do jardim com pedras, flores e at\u00e9 uma fonte!<\/p>\n<h3>2. Pedras em lareiras<\/h3>\n<figure style=\"width: 1024px\" class=\"wp-caption aligncenter\"><img decoding=\"async\" src=\"https:\/\/www.aarquiteta.com.br\/blog\/wp-content\/uploads\/2025\/02\/pedras-decorativas4.jpg\" alt=\"Pedras decorativas: 60 inspira\u00e7\u00f5es fant\u00e1sticas de revestimento\" width=\"1024\" height=\"1024\" title=\"\"><figcaption class=\"wp-caption-text\">Pedras decorativas: 60 inspira\u00e7\u00f5es fant\u00e1sticas de revestimento<\/figcaption><\/figure>\n<p>Colocar pedras em lareiras me deixa sempre animado! O calor que elas emanam, combinado com o visual r\u00fastico, \u00e9 de deixar qualquer um apaixonado. As <b>pedras decorativas<\/b> n\u00e3o s\u00f3 trazem aconchego, mas tamb\u00e9m s\u00e3o \u00f3timas aliadas na decora\u00e7\u00e3o, criando um ponto focal lindo e eficiente.<\/p>\n<h3>3. Pedras na varanda<\/h3>\n<figure style=\"width: 1024px\" class=\"wp-caption aligncenter\"><img decoding=\"async\" src=\"https:\/\/www.aarquiteta.com.br\/blog\/wp-content\/uploads\/2025\/02\/pedras-decorativas-006.jpg\" alt=\"Variedade de tamanhos e formas para integra\u00e7\u00e3o com a natureza\" title=\"\"><figcaption class=\"wp-caption-text\">Variedade de tamanhos e formas para integra\u00e7\u00e3o com a natureza<\/figcaption><\/figure>\n<p>As varandas precisam de estilo, n\u00e3o \u00e9 mesmo? Ao utilizar <b>pedras decorativas<\/b> na decora\u00e7\u00e3o, voc\u00ea traz b\u00ean\u00e7\u00e3os da natureza para essa \u00e1rea t\u00e3o especial. Uma obra com pedras naturalizadas pode transformar qualquer espa\u00e7o para um happy hour relaxante ao fim do dia. Que tal apostar nisso?<\/p>\n<h3>4. Fachadas com pedras decorativas<\/h3>\n<p><iframe title=\"YouTube video player\" src=\"https:\/\/www.youtube.com\/embed\/ix8xsM6IO6Q\" width=\"560\" height=\"315\" frameborder=\"0\" allowfullscreen=\"allowfullscreen\"><\/iframe><\/p>\n<p>Se a ideia \u00e9 impressionar, as fachadas s\u00e3o o lugar certo para ousar no uso de <b>pedras decorativas<\/b>. Combin\u00e1-las a outros elementos, como madeira e metais, cria um contraste formid\u00e1vel. J\u00e1 vi lugares que utilizam a <b>pedra ferro<\/b> como destaque e fica um show!<\/p>\n<h3>5. Pedras no banheiro<\/h3>\n<p>Sim, voc\u00ea pode usar pedras decorativas no banheiro e ficar maravilhado! Desde bancadas at\u00e9 revestimentos de paredes, o uso de pedras como a <b>pedra ard\u00f3sia<\/b> traz uma beleza \u00fanica e um toque de spa para o seu dia a dia. Quem n\u00e3o sonha com um banheiro assim?<\/p>\n<h3>6. Combina\u00e7\u00f5es com madeira<\/h3>\n<figure style=\"width: 1024px\" class=\"wp-caption aligncenter\"><img decoding=\"async\" src=\"https:\/\/www.aarquiteta.com.br\/blog\/wp-content\/uploads\/2025\/02\/pedras-decorativas-001.jpg\" alt=\"Inspira\u00e7\u00e3o em varanda utilizando pedras\" title=\"\"><figcaption class=\"wp-caption-text\">Inspira\u00e7\u00e3o em varanda utilizando pedras<\/figcaption><\/figure>\n<p>Combina\u00e7\u00f5es de <b>pedras<\/b> com madeira s\u00e3o como um casamento perfeito. A rusticidade das pedras e a calorosidade da madeira causam um impacto visual maravilhoso. Eu gosto muito de v\u00ea-las juntas nas salas, criando um ambiente acolhedor e cheio de personalidade.<\/p>\n<h2>Conclus\u00e3o<\/h2>\n<p>Em resumo, as <b>pedras decorativas<\/b> s\u00e3o uma alternativa incr\u00edvel para quem busca renovar ambientes com charme. Com uma grande variedade de tipos e aplica\u00e7\u00f5es, voc\u00ea com certeza encontrar\u00e1 a op\u00e7\u00e3o perfeita para sua casa. Explore suas possibilidades e veja como essas pedras podem transformar seu lar em um espa\u00e7o \u00fanico e acolhedor!<\/p>\n<p><\/body><\/p>\n","protected":false},"excerpt":{"rendered":"<p>Descubra 60 ideias incr\u00edveis de pedras decorativas que encaixam beleza e charme em cada espa\u00e7o da sua casa.<\/p>\n","protected":false},"author":102,"featured_media":143376,"comment_status":"closed","ping_status":"closed","sticky":false,"template":"","format":"standard","meta":{"footnotes":""},"categories":[1507,249],"tags":[],"class_list":["post-143383","post","type-post","status-publish","format-standard","has-post-thumbnail","category-arquitetura","category-engenharia-e-construcao-civil"],"_wp_attached_file":null,"_wp_attachment_metadata":null,"_wp_attachment_context":null,"_wp_attachment_is_custom_header":null,"geo_longitude":null,"geo_public":null,"geo_latitude":null,"_publicize_done_external":null,"_wpas_done_3897181":null,"publicize_twitter_user":null,"_wpas_done_3897175":null,"_wpas_skip_3897181":null,"_wpas_skip_3897175":null,"_wpas_skip_3924723":null,"_wpas_mess":null,"_wpas_done_3924723":null,"wps_subtitle":"","_links":{"self":[{"href":"https:\/\/www.aarquiteta.com.br\/blog\/wp-json\/wp\/v2\/posts\/143383","targetHints":{"allow":["GET"]}}],"collection":[{"href":"https:\/\/www.aarquiteta.com.br\/blog\/wp-json\/wp\/v2\/posts"}],"about":[{"href":"https:\/\/www.aarquiteta.com.br\/blog\/wp-json\/wp\/v2\/types\/post"}],"author":[{"embeddable":true,"href":"https:\/\/www.aarquiteta.com.br\/blog\/wp-json\/wp\/v2\/users\/102"}],"replies":[{"embeddable":true,"href":"https:\/\/www.aarquiteta.com.br\/blog\/wp-json\/wp\/v2\/comments?post=143383"}],"version-history":[{"count":0,"href":"https:\/\/www.aarquiteta.com.br\/blog\/wp-json\/wp\/v2\/posts\/143383\/revisions"}],"wp:featuredmedia":[{"embeddable":true,"href":"https:\/\/www.aarquiteta.com.br\/blog\/wp-json\/wp\/v2\/media\/143376"}],"wp:attachment":[{"href":"https:\/\/www.aarquiteta.com.br\/blog\/wp-json\/wp\/v2\/media?parent=143383"}],"wp:term":[{"taxonomy":"category","embeddable":true,"href":"https:\/\/www.aarquiteta.com.br\/blog\/wp-json\/wp\/v2\/categories?post=143383"},{"taxonomy":"post_tag","embeddable":true,"href":"https:\/\/www.aarquiteta.com.br\/blog\/wp-json\/wp\/v2\/tags?post=143383"}],"curies":[{"name":"wp","href":"https:\/\/api.w.org\/{rel}","templated":true}]}}