{"id":143240,"date":"2025-02-08T18:51:31","date_gmt":"2025-02-08T21:51:31","guid":{"rendered":"https:\/\/www.aarquiteta.com.br\/blog\/banquetas-para-cozinha-imagens\/"},"modified":"2025-02-08T18:51:31","modified_gmt":"2025-02-08T21:51:31","slug":"banquetas-para-cozinha-imagens","status":"publish","type":"post","link":"https:\/\/www.aarquiteta.com.br\/blog\/banquetas-para-cozinha-imagens\/","title":{"rendered":"Banquetas para Cozinha: Estilos e Tend\u00eancias"},"content":{"rendered":"<p><body><\/p>\n<p>As banquetas s\u00e3o verdadeiros coringas na cozinha! Elas n\u00e3o s\u00f3 otimizam o espa\u00e7o, mas tamb\u00e9m trazem estilo e funcionalidade, permitindo que voc\u00ea crie um ambiente aconchegante e pr\u00e1tico.<\/p>\n<h2>A Import\u00e2ncia das Banquetas na Cozinha<\/h2>\n<p>Quando falamos sobre a <b>funcionalidade<\/b> de uma cozinha, as banquetas se tornam um dos elementos mais importantes. Elas <b>maximizam o espa\u00e7o<\/b> e oferecem um lugar confort\u00e1vel para amigos e familiares. \u00c9 incr\u00edvel como uma simples banqueta pode transformar um ambiente apressado em um local de socializa\u00e7\u00e3o agrad\u00e1vel.<\/p>\n<h2>Estilos de Banquetas que Voc\u00ea Pode Usar<\/h2>\n<h3>Banquetas Altas<\/h3>\n<figure style=\"width: 1024px\" class=\"wp-caption aligncenter\"><img decoding=\"async\" src=\"https:\/\/www.aarquiteta.com.br\/blog\/wp-content\/uploads\/2025\/02\/banquetas-para-cozinha-imagens01.jpg\" alt=\"Banquetas para Cozinha: Estilos e Tend\u00eancias\" width=\"1024\" height=\"1024\" title=\"\"><figcaption class=\"wp-caption-text\">Banquetas para Cozinha: Estilos e Tend\u00eancias<\/figcaption><\/figure>\n<p>As <b>banquetas altas<\/b> s\u00e3o perfeitas para aqueles que adoram um ar moderno. Elas se encaixam perfeitamente em balc\u00f5es e ilhas, criando um espa\u00e7o contempor\u00e2neo e estiloso. Al\u00e9m disso, quem n\u00e3o ama a sensa\u00e7\u00e3o de estar em um bar, mesmo que seja na cozinha, n\u00e3o \u00e9 mesmo?<\/p>\n<h3>Banquetas Baixas<\/h3>\n<figure style=\"width: 1024px\" class=\"wp-caption aligncenter\"><img decoding=\"async\" src=\"https:\/\/www.aarquiteta.com.br\/blog\/wp-content\/uploads\/2025\/02\/decorar-apartamento-alugado.jpg\" alt=\"Imagem de apartamento alugado decorado\" title=\"\"><figcaption class=\"wp-caption-text\">Imagem de apartamento alugado decorado<\/figcaption><\/figure>\n<p>J\u00e1 as <b>banquetas baixas<\/b> t\u00eam um charme todo especial. Elas se destacam em mesas de cozinha, proporcionando um <b>aconchego incompar\u00e1vel<\/b>. Ideal para caf\u00e9s da manh\u00e3 em fam\u00edlia ou longas conversas \u00e0 noite, essa op\u00e7\u00e3o \u00e9 perfeita para tornar suas refei\u00e7\u00f5es ainda mais deliciosas.<\/p>\n<h2>Materiais Comuns para Banquetas de Cozinha<\/h2>\n<h3>Madeira<\/h3>\n<figure style=\"width: 1024px\" class=\"wp-caption aligncenter\"><img decoding=\"async\" src=\"https:\/\/www.aarquiteta.com.br\/blog\/wp-content\/uploads\/2025\/02\/banquetas-para-cozinha.jpeg-1200x900.webp\" alt=\"Imagem de banquetas para cozinha\" title=\"\"><figcaption class=\"wp-caption-text\">Imagem de banquetas para cozinha<\/figcaption><\/figure>\n<p>As banquetas de <b>madeira<\/b> transmitem calor e eleg\u00e2ncia a qualquer espa\u00e7o. Elas s\u00e3o dur\u00e1veis e podem ser encontradas em diversas tonalidades, que v\u00e3o do mais claro ao mais escuro.<\/p>\n<h3>Metal<\/h3>\n<figure style=\"width: 1024px\" class=\"wp-caption aligncenter\"><img decoding=\"async\" src=\"https:\/\/www.aarquiteta.com.br\/blog\/wp-content\/uploads\/2025\/02\/banquetas-para-cozinha-imagens02.jpg\" alt=\"Banquetas para Cozinha: Estilos e Tend\u00eancias\" width=\"1024\" height=\"1024\" title=\"\"><figcaption class=\"wp-caption-text\">Banquetas para Cozinha: Estilos e Tend\u00eancias<\/figcaption><\/figure>\n<p>Por outro lado, as banquetas de <b>metal<\/b> trazem uma est\u00e9tica moderna e ao mesmo tempo industrial. Al\u00e9m de serem f\u00e1ceis de limpar, elas costumam ser bastante leves, facilitando a movimenta\u00e7\u00e3o dentro da cozinha.<\/p>\n<h3>Pl\u00e1stico<\/h3>\n<figure style=\"width: 1024px\" class=\"wp-caption aligncenter\"><img decoding=\"async\" src=\"https:\/\/www.aarquiteta.com.br\/blog\/wp-content\/uploads\/2025\/02\/banquetas-para-cozinha-1.jpeg-1200x900.webp\" alt=\"Imagem de banquetas para cozinha\" title=\"\"><figcaption class=\"wp-caption-text\">Imagem de banquetas para cozinha<\/figcaption><\/figure>\n<p>Por fim, n\u00e3o podemos esquecer das banquetas de <b>pl\u00e1stico<\/b>. Elas s\u00e3o leves, vers\u00e1teis e incrivelmente pr\u00e1ticas, sendo ideais para ambientes informais e descontra\u00eddos. Se voc\u00ea t\u00e1 querendo algo pr\u00e1tico e divertido, essas s\u00e3o as suas melhores amigas!<\/p>\n<h2>Como Escolher a Altura Ideal da Banqueta<\/h2>\n<p>A altura da banqueta \u00e9 fundamental para garantir conforto. Geralmente, a medida ideal da banqueta deve ser cerca de <b>30 cm<\/b> abaixo da mesa. Dessa forma, voc\u00ea evita desconfortos e garante uma harmonia perfeita no ambiente.<\/p>\n<h2>Combina\u00e7\u00f5es de Cores e Estilos<\/h2>\n<p>Agora, vamos falar sobre as <b>cores<\/b>! Escolher a combina\u00e7\u00e3o certa pode fazer toda a diferen\u00e7a no visual da sua cozinha. Opte por banquetas que harmonizem com a decora\u00e7\u00e3o existente, criando um espa\u00e7o coeso e est\u00e9tico. Cores vibrantes podem ser \u00f3timas para adicionar um toque de personalidade e alegria!<\/p>\n<h2>Onde Comprar Banquetas para Cozinha<\/h2>\n<p>Se voc\u00ea t\u00e1 pensando em adquirir novas banquetas, existem diversas lojas f\u00edsicas e online que oferecem \u00f3timas op\u00e7\u00f5es. D\u00ea uma olhadinha em lojas de m\u00f3veis, onde voc\u00ea pode encontrar modelos incr\u00edveis que combinam com seu estilo e or\u00e7amento.<\/p>\n<h2>Conclus\u00e3o<\/h2>\n<p>Em resumo, as banquetas s\u00e3o uma excelente escolha para quem deseja modernizar e otimizar a cozinha. Escolha o estilo certo e <b>transforme seu espa\u00e7o<\/b> num convite ao conv\u00edvio e \u00e0 alegria. Aposte nas banquetas e fa\u00e7a de sua cozinha um lugar ainda mais especial!<\/p>\n<p><\/body><br \/>\n<figure style=\"width: 1024px\" class=\"wp-caption aligncenter\"><img decoding=\"async\" src=\"https:\/\/www.aarquiteta.com.br\/blog\/wp-content\/uploads\/2025\/02\/banquetas-para-cozinha-imagens03.jpg\" alt=\"Banquetas para Cozinha: Estilos e Tend\u00eancias\" width=\"1024\" height=\"1024\" title=\"\"><figcaption class=\"wp-caption-text\">Banquetas para Cozinha: Estilos e Tend\u00eancias<\/figcaption><\/figure>\n<figure style=\"width: 1024px\" class=\"wp-caption aligncenter\"><img decoding=\"async\" src=\"https:\/\/www.aarquiteta.com.br\/blog\/wp-content\/uploads\/2025\/02\/banquetas-para-cozinha-2.jpeg-1200x675.webp\" alt=\"Imagem de banquetas para cozinha\" title=\"\"><figcaption class=\"wp-caption-text\">Imagem de banquetas para cozinha<\/figcaption><\/figure>\n<figure style=\"width: 1024px\" class=\"wp-caption aligncenter\"><img decoding=\"async\" src=\"https:\/\/www.aarquiteta.com.br\/blog\/wp-content\/uploads\/2025\/02\/banquetas-para-cozinha-imagens4.jpg\" alt=\"Banquetas para Cozinha: Estilos e Tend\u00eancias\" width=\"1024\" height=\"1024\" title=\"\"><figcaption class=\"wp-caption-text\">Banquetas para Cozinha: Estilos e Tend\u00eancias<\/figcaption><\/figure>\n<figure style=\"width: 1024px\" class=\"wp-caption aligncenter\"><img decoding=\"async\" src=\"https:\/\/www.aarquiteta.com.br\/blog\/wp-content\/uploads\/2025\/02\/banquetas-para-cozinha-3.jpeg.webp\" alt=\"Imagem de banquetas para cozinha\" title=\"\"><figcaption class=\"wp-caption-text\">Imagem de banquetas para cozinha<\/figcaption><\/figure>\n<p><iframe title=\"YouTube video player\" src=\"https:\/\/www.youtube.com\/embed\/dTZ2y6kxmlk\" width=\"560\" height=\"315\" frameborder=\"0\" allowfullscreen=\"allowfullscreen\"><\/iframe><\/p>\n<figure style=\"width: 1024px\" class=\"wp-caption aligncenter\"><img decoding=\"async\" src=\"https:\/\/www.aarquiteta.com.br\/blog\/wp-content\/uploads\/2025\/02\/cores-de-armario-de-cozinha.jpg\" alt=\"Imagem de cozinha com arm\u00e1rios brancos\" title=\"\"><figcaption class=\"wp-caption-text\">Imagem de cozinha com arm\u00e1rios brancos<\/figcaption><\/figure>\n","protected":false},"excerpt":{"rendered":"<p>Descubra as melhores op\u00e7\u00f5es de banquetas para cozinha e transforme seu espa\u00e7o com estilo e funcionalidade.<\/p>\n","protected":false},"author":102,"featured_media":143232,"comment_status":"closed","ping_status":"closed","sticky":false,"template":"","format":"standard","meta":{"footnotes":""},"categories":[1507,6,249],"tags":[],"class_list":["post-143240","post","type-post","status-publish","format-standard","has-post-thumbnail","category-arquitetura","category-carreira-de-arquitetura","category-engenharia-e-construcao-civil"],"_wp_attached_file":null,"_wp_attachment_metadata":null,"_wp_attachment_context":null,"_wp_attachment_is_custom_header":null,"geo_longitude":null,"geo_public":null,"geo_latitude":null,"_publicize_done_external":null,"_wpas_done_3897181":null,"publicize_twitter_user":null,"_wpas_done_3897175":null,"_wpas_skip_3897181":null,"_wpas_skip_3897175":null,"_wpas_skip_3924723":null,"_wpas_mess":null,"_wpas_done_3924723":null,"wps_subtitle":"","_links":{"self":[{"href":"https:\/\/www.aarquiteta.com.br\/blog\/wp-json\/wp\/v2\/posts\/143240","targetHints":{"allow":["GET"]}}],"collection":[{"href":"https:\/\/www.aarquiteta.com.br\/blog\/wp-json\/wp\/v2\/posts"}],"about":[{"href":"https:\/\/www.aarquiteta.com.br\/blog\/wp-json\/wp\/v2\/types\/post"}],"author":[{"embeddable":true,"href":"https:\/\/www.aarquiteta.com.br\/blog\/wp-json\/wp\/v2\/users\/102"}],"replies":[{"embeddable":true,"href":"https:\/\/www.aarquiteta.com.br\/blog\/wp-json\/wp\/v2\/comments?post=143240"}],"version-history":[{"count":0,"href":"https:\/\/www.aarquiteta.com.br\/blog\/wp-json\/wp\/v2\/posts\/143240\/revisions"}],"wp:featuredmedia":[{"embeddable":true,"href":"https:\/\/www.aarquiteta.com.br\/blog\/wp-json\/wp\/v2\/media\/143232"}],"wp:attachment":[{"href":"https:\/\/www.aarquiteta.com.br\/blog\/wp-json\/wp\/v2\/media?parent=143240"}],"wp:term":[{"taxonomy":"category","embeddable":true,"href":"https:\/\/www.aarquiteta.com.br\/blog\/wp-json\/wp\/v2\/categories?post=143240"},{"taxonomy":"post_tag","embeddable":true,"href":"https:\/\/www.aarquiteta.com.br\/blog\/wp-json\/wp\/v2\/tags?post=143240"}],"curies":[{"name":"wp","href":"https:\/\/api.w.org\/{rel}","templated":true}]}}