{"id":143115,"date":"2025-02-07T12:49:35","date_gmt":"2025-02-07T15:49:35","guid":{"rendered":"https:\/\/www.aarquiteta.com.br\/blog\/design-em-pontos-2\/"},"modified":"2025-02-07T12:49:35","modified_gmt":"2025-02-07T15:49:35","slug":"design-em-pontos-2","status":"publish","type":"post","link":"https:\/\/www.aarquiteta.com.br\/blog\/design-em-pontos-2\/","title":{"rendered":"Pico: Design em Pontos por Irm\u00e3os Bouroullec"},"content":{"rendered":"<p>Pico \u00e9 uma cole\u00e7\u00e3o de revestimentos em cer\u00e2mica da Mutina, projetada pelos irm\u00e3os Bouroullec, que chegou ao Brasil pela Portobello Shop. Com seu design em pontos, o produto se destaca pela versatilidade e possibilidade de aplica\u00e7\u00e3o em diversos estilos de ambientes, trazendo um toque de autenticidade a projetos residenciais e comerciais.<\/p>\n<h2>1. Introdu\u00e7\u00e3o<\/h2>\n<p>Neste artigo, vou compartilhar tudo sobre a cole\u00e7\u00e3o de revestimentos Pico, que traz um design inovador e \u00e9 ideal para transformar ambientes. O que mais me fascina nessa cole\u00e7\u00e3o \u00e9 como ela consegue unir **beleza** e **praticidade** em um s\u00f3 produto. Vamos explorar suas caracter\u00edsticas, op\u00e7\u00f5es de cores e como aplic\u00e1-los nos seus projetos.<\/p>\n<h2>2. O Design por tr\u00e1s do Pico<\/h2>\n<h3>2.1 Personalidade e Estilo<\/h3>\n<figure style=\"width: 1024px\" class=\"wp-caption aligncenter\"><img decoding=\"async\" src=\"https:\/\/www.aarquiteta.com.br\/blog\/wp-content\/uploads\/2025\/02\/design-em-pontos-01.jpg\" alt=\"Pico: Design em Pontos por Irm\u00e3os Bouroullec\" width=\"1024\" height=\"1024\" title=\"\"><figcaption class=\"wp-caption-text\">Pico: Design em Pontos por Irm\u00e3os Bouroullec<\/figcaption><\/figure>\n<p>O design do Pico \u00e9 inconfund\u00edvel, com pontos que criam uma textura rica e envolvente. <b>Voc\u00ea j\u00e1 percebeu como um revestimento pode mudar completamente a atmosfera de um espa\u00e7o?<\/b> Os irm\u00e3os Bouroullec capturaram essa ess\u00eancia, utilizando formas simples para adicionar profundidade a qualquer ambiente. A personalidade do Pico se destaca, permitindo combina\u00e7\u00f5es \u00fanicas em qualquer projeto.<\/p>\n<h3>2.2 Elementos de Design Din\u00e2mico<\/h3>\n<figure style=\"width: 1024px\" class=\"wp-caption aligncenter\"><img decoding=\"async\" src=\"https:\/\/www.aarquiteta.com.br\/blog\/wp-content\/uploads\/2025\/02\/1_image-125-1200x1200.jpg\" alt=\"No piso, Pico Down Natural Argile comp\u00f5e um cen\u00e1rio intimista na su\u00edte contempor\u00e2nea (Projeto: Frederico Coelho \/ 3DFARARQUITETURA)\" title=\"\"><figcaption class=\"wp-caption-text\">No piso, Pico Down Natural Argile comp\u00f5e um cen\u00e1rio intimista na su\u00edte contempor\u00e2nea (Projeto: Frederico Coelho \/ 3DFARARQUITETURA)<\/figcaption><\/figure>\n<p>A din\u00e2mica do projeto Pico \u00e9 fascinante. Os pontos, que podem ser afundados ou elevados, proporcionam um jogo de luz e sombra que \u00e9 quase po\u00e9tico. <b>Essa irregularidade controlada<\/b> gera interesse visual, tornando cada pe\u00e7a uma verdadeira obra de arte. \u00c9 como se as paredes come\u00e7assem a **falar**, trazendo a hist\u00f3ria do espa\u00e7o \u00e0 vida!<\/p>\n<h2>3. Variedades e Cores do Revestimento<\/h2>\n<h3>3.1 Op\u00e7\u00f5es de Cores e Acabamentos<\/h3>\n<figure style=\"width: 1024px\" class=\"wp-caption aligncenter\"><img decoding=\"async\" src=\"https:\/\/www.aarquiteta.com.br\/blog\/wp-content\/uploads\/2025\/02\/picodesignponto-1200x750.jpg\" alt=\"Pico por Ronan e Erwan Bouroullec para Mutina distribu\u00eddo pela Portobello Shop (Foto: Mutina)\" title=\"\"><figcaption class=\"wp-caption-text\">Pico por Ronan e Erwan Bouroullec para Mutina distribu\u00eddo pela Portobello Shop (Foto: Mutina)<\/figcaption><\/figure>\n<p>A paleta de cores do Pico \u00e9 rica e diversificada, com op\u00e7\u00f5es que v\u00e3o desde tons terrosos a acabamentos mais vibrantes. <b>Essas escolhas n\u00e3o s\u00f3 agradam o olhar, mas tamb\u00e9m permitem combina\u00e7\u00f5es incr\u00edveis.<\/b> As tr\u00eas cores principais\u2014Argile, Gris e Satin\u2014s\u00e3o perfeitas para atender a diferentes estilos decorativos, sendo cl\u00e1ssicas e atemporais.<\/p>\n<h3>3.2 Combina\u00e7\u00f5es e Estilos Decorativos<\/h3>\n<figure style=\"width: 1024px\" class=\"wp-caption aligncenter\"><img decoding=\"async\" src=\"https:\/\/www.aarquiteta.com.br\/blog\/wp-content\/uploads\/2025\/02\/design-em-pontos-02.jpg\" alt=\"Pico: Design em Pontos por Irm\u00e3os Bouroullec\" width=\"1024\" height=\"1024\" title=\"\"><figcaption class=\"wp-caption-text\">Pico: Design em Pontos por Irm\u00e3os Bouroullec<\/figcaption><\/figure>\n<p>Uma das melhores partes do design do Pico \u00e9 sua versatilidade. <b>Ele pode facilmente se integrar a projetos minimalistas ou mais elaborados.<\/b> Imagine revestir uma parede com um padr\u00e3o de pontos encantadores, combinando com m\u00f3veis modernos ou um toque r\u00fastico, tudo fica harm\u00f4nico. As possibilidades s\u00e3o infinitas e estimulantes!<\/p>\n<h2>4. Aplica\u00e7\u00f5es do Pico em Projetos<\/h2>\n<h3>4.1 Uso em Ambientes Internos e Externos<\/h3>\n<figure style=\"width: 1024px\" class=\"wp-caption aligncenter\"><img decoding=\"async\" src=\"https:\/\/www.aarquiteta.com.br\/blog\/wp-content\/uploads\/2025\/02\/1_image-128-1200x1200.jpg\" alt=\"Pico por Ronan e Erwan Bouroullec para Mutina distribu\u00eddo pela Portobello Shop (Foto: Mutina)\" title=\"\"><figcaption class=\"wp-caption-text\">Pico por Ronan e Erwan Bouroullec para Mutina distribu\u00eddo pela Portobello Shop (Foto: Mutina)<\/figcaption><\/figure>\n<p>Pico \u00e9 extremamente vers\u00e1til, podendo ser aplicado em diversas \u00e1reas, tanto **internas** quanto **externas**. Desde banheiros luxuosos at\u00e9 \u00e1reas de lazer, a cer\u00e2mica resiste bem ao uso e \u00e0s intemp\u00e9ries. <b>A condi\u00e7\u00e3o de aplica\u00e7\u00e3o em ambientes molhados \u00e9 um grande diferencial.<\/b> Isso faz com que o design esteja presente ininterruptamente, tornando cada projeto \u00fanico.<\/p>\n<h3>4.2 Formando Detalhes e Texturas<\/h3>\n<figure style=\"width: 1024px\" class=\"wp-caption aligncenter\"><img decoding=\"async\" src=\"https:\/\/www.aarquiteta.com.br\/blog\/wp-content\/uploads\/2025\/02\/design-em-pontos-03.jpg\" alt=\"Pico: Design em Pontos por Irm\u00e3os Bouroullec\" width=\"1024\" height=\"1024\" title=\"\"><figcaption class=\"wp-caption-text\">Pico: Design em Pontos por Irm\u00e3os Bouroullec<\/figcaption><\/figure>\n<p>Uma das maneiras mais criativas de usar o Pico \u00e9 em detalhes\u2014pain\u00e9is, cabeceiras, prateleiras e nichos. <b>Esses pequenos toques adicionam profundidade a qualquer espa\u00e7o, praticamente contando uma hist\u00f3ria.<\/b> Um simples nicho revestido com Pico pode ser um ponto focal de um ambiente, proporcionando tanto beleza quanto funcionalidade.<\/p>\n<h2>5. Comparativo com Outros Produtos da Mutina<\/h2>\n<p>Quando comparamos o Pico com outros produtos da Mutina, como o Pico Bois, percebemos a ess\u00eancia da busca pela inova\u00e7\u00e3o. <b>Enquanto o Pico Bois traz a sensa\u00e7\u00e3o de aconchego da madeira, o Pico \u00e9 associado \u00e0 eleg\u00e2ncia e modernidade da cer\u00e2mica,<\/b> trazendo um novo contempor\u00e2neo ao ambiente. Cada produto tem sua identidade, mas todos compartilham a qualidade e o design excepcionais da marca italiana.<\/p>\n<h2>6. A Parceria entre Portobello e Mutina<\/h2>\n<p>O envio da Mutina ao Brasil via Portobello Shop \u00e9 um marco no design de revestimentos. <b>Ambas as marcas compartilham uma vis\u00e3o e um compromisso com a qualidade e inova\u00e7\u00e3o,<\/b> resultando em uma sele\u00e7\u00e3o de produtos que podem transformar qualquer projeto. Essa parceria \u00e9 um exemplo perfeito de como colabora\u00e7\u00e3o pode gerar grandes frutos na arquitetura e design de interiores.<\/p>\n<h2>7. Conclus\u00e3o<\/h2>\n<p>Em suma, a cole\u00e7\u00e3o Pico da Mutina, assinada pelos irm\u00e3os Bouroullec, \u00e9 uma verdadeira alian\u00e7a de arte e funcionalidade. <b>Com suas in\u00fameras possibilidades de aplica\u00e7\u00e3o, cores e texturas, \u00e9 a escolha perfeita para quem busca autenticidade e estilo.<\/b> Ter a coragem de explorar novos caminhos no design, como o Pico, pode criar ambientes que n\u00e3o s\u00f3 impressionam, mas tamb\u00e9m inspiram. Estou certo de que, ao considerar o Pico em seus projetos, voc\u00ea estar\u00e1 elevando o seu trabalho a um novo patamar!<\/p>\n<figure style=\"width: 1024px\" class=\"wp-caption aligncenter\"><img decoding=\"async\" src=\"https:\/\/www.aarquiteta.com.br\/blog\/wp-content\/uploads\/2025\/02\/image-131.jpg\" alt=\"Pico por Ronan e Erwan Bouroullec para Mutina distribu\u00eddo pela Portobello Shop (Foto: Mutina)\" title=\"\"><figcaption class=\"wp-caption-text\">Pico por Ronan e Erwan Bouroullec para Mutina distribu\u00eddo pela Portobello Shop (Foto: Mutina)<\/figcaption><\/figure>\n<figure style=\"width: 1024px\" class=\"wp-caption aligncenter\"><img decoding=\"async\" src=\"https:\/\/www.aarquiteta.com.br\/blog\/wp-content\/uploads\/2025\/02\/design-em-pontos-4.jpg\" alt=\"Pico: Design em Pontos por Irm\u00e3os Bouroullec\" width=\"1024\" height=\"1024\" title=\"\"><figcaption class=\"wp-caption-text\">Pico: Design em Pontos por Irm\u00e3os Bouroullec<\/figcaption><\/figure>\n<figure style=\"width: 1024px\" class=\"wp-caption aligncenter\"><img decoding=\"async\" src=\"https:\/\/www.aarquiteta.com.br\/blog\/wp-content\/uploads\/2025\/02\/image-132-801x1200.jpg\" alt=\"Pico por Ronan e Erwan Bouroullec para Mutina distribu\u00eddo pela Portobello Shop (Foto: Mutina)\" title=\"\"><figcaption class=\"wp-caption-text\">Pico por Ronan e Erwan Bouroullec para Mutina distribu\u00eddo pela Portobello Shop (Foto: Mutina)<\/figcaption><\/figure>\n<h3>Para se aprofundar mais sobre o tema, veja a minha recomenda\u00e7\u00e3o sobre o tema deste artigo no v\u00eddeo a seguir abaixo:<\/h3>\n<p><iframe title=\"YouTube video player\" src=\"https:\/\/www.youtube.com\/embed\/giOaTpN0LSE\" width=\"560\" height=\"315\" frameborder=\"0\" allowfullscreen=\"allowfullscreen\"><\/iframe><\/p>\n<figure style=\"width: 1024px\" class=\"wp-caption aligncenter\"><img decoding=\"async\" src=\"https:\/\/www.aarquiteta.com.br\/blog\/wp-content\/uploads\/2025\/02\/1_image-129-1200x1200.jpg\" alt=\"Moodboard com Pico Down Natural Satin 119x119\" title=\"\"><figcaption class=\"wp-caption-text\">Moodboard com Pico Down Natural Satin 119&#215;119<\/figcaption><\/figure>\n","protected":false},"excerpt":{"rendered":"<p>Descubra Pico, o revestimento inovador com design em pontos, assinado pelos irm\u00e3os Bouroullec e distribu\u00eddo pela Portobello.<\/p>\n","protected":false},"author":102,"featured_media":143104,"comment_status":"closed","ping_status":"closed","sticky":false,"template":"","format":"standard","meta":{"footnotes":""},"categories":[35375,971,19206],"tags":[],"class_list":["post-143115","post","type-post","status-publish","format-standard","has-post-thumbnail","category-acabamentos","category-design-de-interiores","category-revestimentos"],"_wp_attached_file":null,"_wp_attachment_metadata":null,"_wp_attachment_context":null,"_wp_attachment_is_custom_header":null,"geo_longitude":null,"geo_public":null,"geo_latitude":null,"_publicize_done_external":null,"_wpas_done_3897181":null,"publicize_twitter_user":null,"_wpas_done_3897175":null,"_wpas_skip_3897181":null,"_wpas_skip_3897175":null,"_wpas_skip_3924723":null,"_wpas_mess":null,"_wpas_done_3924723":null,"wps_subtitle":"","_links":{"self":[{"href":"https:\/\/www.aarquiteta.com.br\/blog\/wp-json\/wp\/v2\/posts\/143115","targetHints":{"allow":["GET"]}}],"collection":[{"href":"https:\/\/www.aarquiteta.com.br\/blog\/wp-json\/wp\/v2\/posts"}],"about":[{"href":"https:\/\/www.aarquiteta.com.br\/blog\/wp-json\/wp\/v2\/types\/post"}],"author":[{"embeddable":true,"href":"https:\/\/www.aarquiteta.com.br\/blog\/wp-json\/wp\/v2\/users\/102"}],"replies":[{"embeddable":true,"href":"https:\/\/www.aarquiteta.com.br\/blog\/wp-json\/wp\/v2\/comments?post=143115"}],"version-history":[{"count":0,"href":"https:\/\/www.aarquiteta.com.br\/blog\/wp-json\/wp\/v2\/posts\/143115\/revisions"}],"wp:featuredmedia":[{"embeddable":true,"href":"https:\/\/www.aarquiteta.com.br\/blog\/wp-json\/wp\/v2\/media\/143104"}],"wp:attachment":[{"href":"https:\/\/www.aarquiteta.com.br\/blog\/wp-json\/wp\/v2\/media?parent=143115"}],"wp:term":[{"taxonomy":"category","embeddable":true,"href":"https:\/\/www.aarquiteta.com.br\/blog\/wp-json\/wp\/v2\/categories?post=143115"},{"taxonomy":"post_tag","embeddable":true,"href":"https:\/\/www.aarquiteta.com.br\/blog\/wp-json\/wp\/v2\/tags?post=143115"}],"curies":[{"name":"wp","href":"https:\/\/api.w.org\/{rel}","templated":true}]}}