{"id":143052,"date":"2025-02-06T21:10:51","date_gmt":"2025-02-07T00:10:51","guid":{"rendered":"https:\/\/www.aarquiteta.com.br\/blog\/usar-nota-do-enem\/"},"modified":"2025-02-06T21:10:51","modified_gmt":"2025-02-07T00:10:51","slug":"usar-nota-do-enem","status":"publish","type":"post","link":"https:\/\/www.aarquiteta.com.br\/blog\/usar-nota-do-enem\/","title":{"rendered":"Descubra como usar sua nota do Enem para conquistar sua vaga."},"content":{"rendered":"<p>O Exame Nacional do Ensino M\u00e9dio (Enem) \u00e9 a chave que pode abrir as portas da faculdade para muitos estudantes. Com a nota do Enem, \u00e9 poss\u00edvel ingressar em institui\u00e7\u00f5es de ensino superior, tanto p\u00fablicas quanto privadas, al\u00e9m de garantir bolsas de estudo e financiamentos. Vamos explorar como voc\u00ea pode usar essa nota a seu favor!<\/p>\n<h2>Como usar a nota do Enem para ingressar na faculdade<\/h2>\n<h3>1. Compensa\u00e7\u00e3o na nota do vestibular<\/h3>\n<p>Uma das maneiras mais pr\u00e1ticas de utilizar a nota do Enem \u00e9 como <b>complemento ou substitui\u00e7\u00e3o<\/b> da pontua\u00e7\u00e3o do vestibular. Nas faculdades p\u00fablicas, essa utiliza\u00e7\u00e3o segue crit\u00e9rios espec\u00edficos, enquanto nas particulares, o processo \u00e9 mais flex\u00edvel. Por exemplo, na Anhanguera, o estudante pode apresentar sua nota do Enem e, se ela for satisfat\u00f3ria, pode at\u00e9 dispensar o vestibular. \u00c9 uma oportunidade e tanto para quem deseja acelerar o ingresso na faculdade!<\/p>\n<h3>2. Programa Universidade para Todos (Prouni)<\/h3>\n<figure style=\"width: 1024px\" class=\"wp-caption aligncenter\"><img decoding=\"async\" src=\"https:\/\/www.aarquiteta.com.br\/blog\/wp-content\/uploads\/2025\/02\/post_thumbnail-1cbc8984c7177171356853d56f1de4f1.jpg\" alt=\"Descubra como usar sua nota do Enem para conquistar sua vaga.\" width=\"1024\" height=\"1024\" title=\"\"><figcaption class=\"wp-caption-text\">Fonte: <a href=\"https:\/\/blog.anhanguera.com\/usar-nota-do-enem\/\" target=\"_blank\" rel=\"noopener\">Blog anhanguera<\/a><\/figcaption><\/figure>\n<p>O Prouni \u00e9 um programa do governo federal que oferece <b>bolsas de estudo<\/b> em faculdades particulares. Para participar, o estudante deve ter feito o Enem e atender a alguns requisitos socioecon\u00f4micos. O processo seletivo ocorre duas vezes ao ano e a nota do Enem \u00e9 o crit\u00e9rio principal para a concess\u00e3o das bolsas. \u00c9 uma chance incr\u00edvel para quem precisa de apoio financeiro para realizar o sonho da gradua\u00e7\u00e3o!<\/p>\n<h3>3. Fundo de Financiamento ao Estudante do Ensino Superior (FIES)<\/h3>\n<p>Outra op\u00e7\u00e3o \u00e9 o FIES, que permite ao estudante financiar suas mensalidades. Com o FIES, \u00e9 poss\u00edvel pagar as mensalidades de forma <b>parcelada e acess\u00edvel<\/b>, come\u00e7ando a quita\u00e7\u00e3o apenas ap\u00f3s a conclus\u00e3o do curso. Assim como o Prouni, o FIES tamb\u00e9m utiliza a nota do Enem como crit\u00e9rio de sele\u00e7\u00e3o, mas aceita candidatos que desejam financiar uma segunda gradua\u00e7\u00e3o. \u00c9 uma alternativa vi\u00e1vel para quem busca mais forma\u00e7\u00e3o!<\/p>\n<h3>4. Sistema de Sele\u00e7\u00e3o Unificada (Sisu)<\/h3>\n<p>O Sisu \u00e9 uma plataforma que permite aos estudantes concorrerem a vagas em institui\u00e7\u00f5es p\u00fablicas usando a nota do Enem. \u00c9 um sistema bastante concorrido, onde cada universidade define o peso da nota do Enem para a classifica\u00e7\u00e3o. Embora a concorr\u00eancia seja alta, \u00e9 uma forma de <b>acesso direto<\/b> ao ensino superior sem a necessidade de prestar vestibular. Contudo, \u00e9 importante estar ciente de que a nota m\u00ednima para ingresso pode ser mais alta do que nas faculdades particulares.<\/p>\n<h3>5. Faculdades que aceitam a nota do Enem<\/h3>\n<p>\u00c9 fundamental pesquisar as institui\u00e7\u00f5es que aceitam a nota do Enem. Muitas faculdades, como a Anhanguera, t\u00eam programas que facilitam o ingresso dos alunos. A Anhanguera, por exemplo, busca sempre <b>facilitar o acesso ao ensino superior<\/b> e oferece diversas op\u00e7\u00f5es para que os estudantes possam utilizar sua nota do Enem de maneira vantajosa. Portanto, n\u00e3o deixe de conferir as op\u00e7\u00f5es dispon\u00edveis e como elas podem se encaixar no seu perfil!<\/p>\n<h3>6. Dicas para maximizar sua nota do Enem<\/h3>\n<p><iframe width=\"560\" height=\"315\" src=\"https:\/\/www.youtube.com\/embed\/x9pPJ8cfHew\" title=\"YouTube video player\" frameborder=\"0\" allow=\"accelerometer; autoplay; clipboard-write; encrypted-media; gyroscope; picture-in-picture; web-share\" referrerpolicy=\"strict-origin-when-cross-origin\" allowfullscreen><\/iframe><\/p>\n<p>Para garantir que sua nota do Enem seja a melhor poss\u00edvel, \u00e9 importante se preparar adequadamente. Estudar com anteced\u00eancia, fazer simulados e revisar conte\u00fados s\u00e3o algumas das estrat\u00e9gias que podem ajudar. Al\u00e9m disso, \u00e9 essencial <b>manter a calma<\/b> no dia da prova e administrar bem o tempo. Uma boa prepara\u00e7\u00e3o pode fazer toda a diferen\u00e7a na hora de usar sua nota para ingressar na faculdade!<\/p>\n<h2>Conclus\u00e3o<\/h2>\n<p>Em resumo, a nota do Enem \u00e9 uma ferramenta poderosa que pode abrir muitas portas no mundo acad\u00eamico. Seja atrav\u00e9s do Prouni, FIES, Sisu ou mesmo como complemento no vestibular, as oportunidades s\u00e3o vastas. Portanto, se voc\u00ea est\u00e1 pensando em ingressar na faculdade, n\u00e3o deixe de considerar todas as formas de utilizar sua nota do Enem. Para mais informa\u00e7\u00f5es sobre como usar sua nota do Enem, acesse o conte\u00fado completo em <a href=\"https:\/\/www.anhanguera.com\/institucional\/enem\/?utm_source=blog&#038;utm_medium=post&#038;utm_campaign=enem+2024\" target=\"_blank\" rel=\"noopener\">Anhanguera<\/a>. Boa sorte na sua jornada acad\u00eamica!<\/p>\n","protected":false},"excerpt":{"rendered":"<p>O Exame Nacional do Ensino M\u00e9dio (Enem) \u00e9 a chave que pode abrir as portas da faculdade para muitos estudantes. Com a nota do Enem, \u00e9 poss\u00edvel ingressar em institui\u00e7\u00f5es de ensino superior, tanto p\u00fablicas quanto privadas, al\u00e9m de garantir bolsas de estudo e financiamentos. Vamos explorar como voc\u00ea pode usar essa nota a seu [&hellip;]<\/p>\n","protected":false},"author":20,"featured_media":143051,"comment_status":"closed","ping_status":"closed","sticky":false,"template":"","format":"standard","meta":{"footnotes":""},"categories":[6,35497],"tags":[],"class_list":["post-143052","post","type-post","status-publish","format-standard","has-post-thumbnail","category-carreira-de-arquitetura","category-estudante"],"_wp_attached_file":null,"_wp_attachment_metadata":null,"_wp_attachment_context":null,"_wp_attachment_is_custom_header":null,"geo_longitude":null,"geo_public":null,"geo_latitude":null,"_publicize_done_external":null,"_wpas_done_3897181":null,"publicize_twitter_user":null,"_wpas_done_3897175":null,"_wpas_skip_3897181":null,"_wpas_skip_3897175":null,"_wpas_skip_3924723":null,"_wpas_mess":null,"_wpas_done_3924723":null,"wps_subtitle":"","_links":{"self":[{"href":"https:\/\/www.aarquiteta.com.br\/blog\/wp-json\/wp\/v2\/posts\/143052","targetHints":{"allow":["GET"]}}],"collection":[{"href":"https:\/\/www.aarquiteta.com.br\/blog\/wp-json\/wp\/v2\/posts"}],"about":[{"href":"https:\/\/www.aarquiteta.com.br\/blog\/wp-json\/wp\/v2\/types\/post"}],"author":[{"embeddable":true,"href":"https:\/\/www.aarquiteta.com.br\/blog\/wp-json\/wp\/v2\/users\/20"}],"replies":[{"embeddable":true,"href":"https:\/\/www.aarquiteta.com.br\/blog\/wp-json\/wp\/v2\/comments?post=143052"}],"version-history":[{"count":0,"href":"https:\/\/www.aarquiteta.com.br\/blog\/wp-json\/wp\/v2\/posts\/143052\/revisions"}],"wp:featuredmedia":[{"embeddable":true,"href":"https:\/\/www.aarquiteta.com.br\/blog\/wp-json\/wp\/v2\/media\/143051"}],"wp:attachment":[{"href":"https:\/\/www.aarquiteta.com.br\/blog\/wp-json\/wp\/v2\/media?parent=143052"}],"wp:term":[{"taxonomy":"category","embeddable":true,"href":"https:\/\/www.aarquiteta.com.br\/blog\/wp-json\/wp\/v2\/categories?post=143052"},{"taxonomy":"post_tag","embeddable":true,"href":"https:\/\/www.aarquiteta.com.br\/blog\/wp-json\/wp\/v2\/tags?post=143052"}],"curies":[{"name":"wp","href":"https:\/\/api.w.org\/{rel}","templated":true}]}}