{"id":143048,"date":"2025-02-06T19:39:49","date_gmt":"2025-02-06T22:39:49","guid":{"rendered":"https:\/\/www.aarquiteta.com.br\/blog\/sofa-verde\/"},"modified":"2025-02-06T19:39:49","modified_gmt":"2025-02-06T22:39:49","slug":"sofa-verde","status":"publish","type":"post","link":"https:\/\/www.aarquiteta.com.br\/blog\/sofa-verde\/","title":{"rendered":"Sof\u00e1 Verde: 10 Ideias para Decorar Sua Sala"},"content":{"rendered":"<p><body><\/p>\n<p>O sof\u00e1 verde \u00e9 uma escolha perfeita para aqueles que desejam dar um toque vibrante e moderno \u00e0 sala de estar. Com varia\u00e7\u00f5es que v\u00e3o do delicado verde menta ao ousado verde musgo, essa cor combina com diferentes estilos de decora\u00e7\u00e3o e proporciona uma atmosfera \u00fanica. Vamos explorar juntos 35 ideias inspiradoras para integrar um sof\u00e1 verde ao seu ambiente!<\/p>\n<h2>Introdu\u00e7\u00e3o<\/h2>\n<p>Se voc\u00ea ainda n\u00e3o considera o sof\u00e1 verde na hora de decorar, \u00e9 hora de rever suas op\u00e7\u00f5es. Essa cor \u00e9 cada vez mais popular, oferecendo versatilidade e facilidade de combina\u00e7\u00e3o com outras cores e estilos. A seguir, vou compartilhar algumas ideias e combina\u00e7\u00f5es que podem te ajudar a incorporar um sof\u00e1 verde na sua sala de forma harm\u00f4nica e estilosa.<\/p>\n<h2>1. O Impacto do Sof\u00e1 Verde na Decora\u00e7\u00e3o<\/h2>\n<h3>1.1 Versatilidade do Verde<\/h3>\n<figure style=\"width: 1024px\" class=\"wp-caption aligncenter\"><img decoding=\"async\" src=\"https:\/\/www.aarquiteta.com.br\/blog\/wp-content\/uploads\/2025\/02\/sofa-verde-5.jpg\" alt=\"Sof\u00e1 verde vibrante harmonizando com outros elementos.\" title=\"\"><figcaption class=\"wp-caption-text\">Sof\u00e1 verde vibrante harmonizando com outros elementos.<\/figcaption><\/figure>\n<p>O verde \u00e9 uma cor que se adapta a diferentes ambientes, funcionando como um elo entre a natureza e o design moderno. Voc\u00ea pode escolher entre tons mais intensos ou mais suaves, dependendo da vibra\u00e7\u00e3o que deseja transmitir.<\/p>\n<h3>1.2 Combina\u00e7\u00f5es com Cores Neutras<\/h3>\n<figure style=\"width: 1024px\" class=\"wp-caption aligncenter\"><img decoding=\"async\" src=\"https:\/\/www.aarquiteta.com.br\/blog\/wp-content\/uploads\/2025\/02\/sofa-verde01.jpg\" alt=\"Sof\u00e1 Verde: 35 Ideias para Decorar Sua Sala\" width=\"1024\" height=\"1024\" title=\"\"><figcaption class=\"wp-caption-text\">Sof\u00e1 Verde: 35 Ideias para Decorar Sua Sala<\/figcaption><\/figure>\n<p>O sof\u00e1 verde se destaca quando combinado com <b>cores neutras<\/b> como branco, cinza e bege. Essas cores trazem equil\u00edbrio e permitem que o sof\u00e1 se torne o centro das aten\u00e7\u00f5es da sala.<\/p>\n<h3>1.3 O Sof\u00e1 Verde e o Aconchego do Ambiente<\/h3>\n<figure style=\"width: 1024px\" class=\"wp-caption aligncenter\"><img decoding=\"async\" src=\"https:\/\/www.aarquiteta.com.br\/blog\/wp-content\/uploads\/2025\/02\/sofa-verde.jpg\" alt=\"Sof\u00e1 verde em ambiente decorado.\" title=\"\"><figcaption class=\"wp-caption-text\">Sof\u00e1 verde em ambiente decorado.<\/figcaption><\/figure>\n<p>A cor verde \u00e9 muitas vezes associada \u00e0 natureza e ao bem-estar. Ao integrar um sof\u00e1 verde em seu espa\u00e7o, voc\u00ea cria um ambiente <b>acolhedor<\/b> onde as pessoas se sentem confort\u00e1veis e relaxadas.<\/p>\n<h2>2. Estilos de Sof\u00e1s Verdes<\/h2>\n<h3>2.1 Sof\u00e1s Modernos<\/h3>\n<figure style=\"width: 1024px\" class=\"wp-caption aligncenter\"><img decoding=\"async\" src=\"https:\/\/www.aarquiteta.com.br\/blog\/wp-content\/uploads\/2025\/02\/sofa-verde02.jpg\" alt=\"Sof\u00e1 Verde: 35 Ideias para Decorar Sua Sala\" width=\"1024\" height=\"1024\" title=\"\"><figcaption class=\"wp-caption-text\">Sof\u00e1 Verde: 35 Ideias para Decorar Sua Sala<\/figcaption><\/figure>\n<p>Os sof\u00e1s modernos em verde s\u00e3o designed with linhas limpas e tecidos contempor\u00e2neos, oferecendo um toque de sofistica\u00e7\u00e3o ao ambiente. Modelos com estrutura minimalista destacam ainda mais a cor.<\/p>\n<h3>2.2 Sof\u00e1s Retr\u00f4s<\/h3>\n<figure style=\"width: 1024px\" class=\"wp-caption aligncenter\"><img decoding=\"async\" src=\"https:\/\/www.aarquiteta.com.br\/blog\/wp-content\/uploads\/2025\/02\/sofa-verde-1-1072x1200.jpg\" alt=\"Sof\u00e1 verde com detalhes modernos e aconchegantes.\" title=\"\"><figcaption class=\"wp-caption-text\">Sof\u00e1 verde com detalhes modernos e aconchegantes.<\/figcaption><\/figure>\n<p>A est\u00e9tica retr\u00f4 traz um charme especial ao sof\u00e1 verde. Cores como <b>verde oliva<\/b> e formas arredondadas podem proporcionar um aspecto vintage que \u00e9 irresist\u00edvel para os amantes do design.<\/p>\n<h3>2.3 Sof\u00e1s Vintage<\/h3>\n<figure style=\"width: 1024px\" class=\"wp-caption aligncenter\"><img decoding=\"async\" src=\"https:\/\/www.aarquiteta.com.br\/blog\/wp-content\/uploads\/2025\/02\/sofa-verde03.jpg\" alt=\"Sof\u00e1 Verde: 35 Ideias para Decorar Sua Sala\" width=\"1024\" height=\"1024\" title=\"\"><figcaption class=\"wp-caption-text\">Sof\u00e1 Verde: 35 Ideias para Decorar Sua Sala<\/figcaption><\/figure>\n<p>Um sof\u00e1 verde vintage pode ser o destaque de sua sala, trazendo hist\u00f3ria e personalidade ao ambiente. Esses sof\u00e1s t\u00eam um apelo \u00fanico e transmitem um estilo mais pessoal e acolhedor.<\/p>\n<h2>3. Sof\u00e1s Verdes e Almofadas: A Combina\u00e7\u00e3o Perfeita<\/h2>\n<h3>3.1 Adicionando Conforto com Almofadas<\/h3>\n<figure style=\"width: 1024px\" class=\"wp-caption aligncenter\"><img decoding=\"async\" src=\"https:\/\/www.aarquiteta.com.br\/blog\/wp-content\/uploads\/2025\/02\/sofa-verde-2-961x1200.jpg\" alt=\"Sof\u00e1 verde em uma composi\u00e7\u00e3o leve.\" title=\"\"><figcaption class=\"wp-caption-text\">Sof\u00e1 verde em uma composi\u00e7\u00e3o leve.<\/figcaption><\/figure>\n<p>Almofadas coloridas e texturizadas s\u00e3o essenciais para complementar um sof\u00e1 verde. A mistura de padr\u00f5es e cores consegue transformar completamente o espa\u00e7o, tornando-o mais <b>vibrante<\/b>.<\/p>\n<h3>3.2 Playful Mantas e Acess\u00f3rios<\/h3>\n<figure style=\"width: 1024px\" class=\"wp-caption aligncenter\"><img decoding=\"async\" src=\"https:\/\/www.aarquiteta.com.br\/blog\/wp-content\/uploads\/2025\/02\/sofa-verde4.jpg\" alt=\"Sof\u00e1 Verde: 35 Ideias para Decorar Sua Sala\" width=\"1024\" height=\"1024\" title=\"\"><figcaption class=\"wp-caption-text\">Sof\u00e1 Verde: 35 Ideias para Decorar Sua Sala<\/figcaption><\/figure>\n<p>Uma manta bem escolhida n\u00e3o s\u00f3 adiciona <b>conforto<\/b>, mas tamb\u00e9m um toque de estilo ao sof\u00e1. Escolher mantas que contrastem ou harmonizem com o verde do sof\u00e1 pode criar uma composi\u00e7\u00e3o visual encantadora.<\/p>\n<h2>4. Tend\u00eancias de Cores com Sof\u00e1 Verde<\/h2>\n<h3>4.1 A Dupla Verde e Rosa<\/h3>\n<figure style=\"width: 1024px\" class=\"wp-caption aligncenter\"><img decoding=\"async\" src=\"https:\/\/www.aarquiteta.com.br\/blog\/wp-content\/uploads\/2025\/02\/sofa-verde-3-997x1200.jpg\" alt=\"Sof\u00e1 verde natural ao ambiente.\" title=\"\"><figcaption class=\"wp-caption-text\">Sof\u00e1 verde natural ao ambiente.<\/figcaption><\/figure>\n<p>A combina\u00e7\u00e3o de sof\u00e1 verde com detalhes em rosa \u00e9 uma tend\u00eancia que tem ganhado destaque e pode proporcionar um ambiente alegre e acolhedor. Pink e verde s\u00e3o como <b>dois amigos insepar\u00e1veis<\/b>.<\/p>\n<h3>4.2 Minimalismo com Verde<\/h3>\n<h3>Para se aprofundar mais sobre o tema, veja a minha recomenda\u00e7\u00e3o sobre o tema deste artigo no v\u00eddeo a seguir abaixo:<\/h3>\n<p><iframe title=\"YouTube video player\" src=\"https:\/\/www.youtube.com\/embed\/hWuNs_tmNJI\" width=\"560\" height=\"315\" frameborder=\"0\" allowfullscreen=\"allowfullscreen\"><\/iframe><\/p>\n<p>O estilo minimalista combina muito bem com o sof\u00e1 verde, criando um visual limpo e organizado. Combinando com m\u00f3veis em <b>madeira clara<\/b> e elementos decorativos discretos, voc\u00ea alcan\u00e7a um espa\u00e7o equilibrado.<\/p>\n<h3>4.3 Combina\u00e7\u00f5es Naturais com Plantas<\/h3>\n<figure style=\"width: 1024px\" class=\"wp-caption aligncenter\"><img decoding=\"async\" src=\"https:\/\/www.aarquiteta.com.br\/blog\/wp-content\/uploads\/2025\/02\/sofa-verde-4.jpg\" alt=\"Sof\u00e1 verde vers\u00e1til combinando com tons neutros.\" title=\"\"><figcaption class=\"wp-caption-text\">Sof\u00e1 verde vers\u00e1til combinando com tons neutros.<\/figcaption><\/figure>\n<p>Incluir plantas ao redor do sof\u00e1 verde traz um aspecto natural e refrescante ao ambiente. O verde do sof\u00e1 e o verde das plantas criam uma harmonia que \u00e9, sem d\u00favida, um banquete para os olhos.<\/p>\n<h2>5. Ideias de Decora\u00e7\u00e3o ao Redor do Sof\u00e1 Verde<\/h2>\n<h3>5.1 Utilizando Tapetes e Cortinas<\/h3>\n<p>O uso de tapetes e cortinas que completem a paleta de cores com o sof\u00e1 verde \u00e9 essencial. Um tapete com padr\u00f5es que incluam <b>tons verdes<\/b> ou que contrastem \u00e9 uma forma f\u00e1cil de real\u00e7ar o ambiente.<\/p>\n<h3>5.2 Elementos R\u00fasticos e Modernos<\/h3>\n<p>Investir em elementos decorativos r\u00fasticos, como mesas de madeira ou acess\u00f3rios em cer\u00e2mica, pode criar um contraste interessante com um sof\u00e1 verde moderno, trazendo riqueza \u00e0 decora\u00e7\u00e3o.<\/p>\n<h2>6. Onde Comprar Sof\u00e1s Verdes?<\/h2>\n<h3>6.1 Lojas Online<\/h3>\n<p>Se escolher comprar um sof\u00e1 verde online, existem diversas plataformas que oferecem uma variedade <b>ampla de modelos<\/b> e estilos. As avalia\u00e7\u00f5es de outros compradores tamb\u00e9m ajudam a guiar sua decis\u00e3o.<\/p>\n<h3>6.2 Considera\u00e7\u00f5es na Hora da Compra<\/h3>\n<p><\/body><\/p>\n","protected":false},"excerpt":{"rendered":"<p>Descubra 35 ideias inspiradoras de sof\u00e1s verdes que transformam sua sala em um espa\u00e7o charmoso e moderno.<\/p>\n","protected":false},"author":102,"featured_media":143038,"comment_status":"closed","ping_status":"closed","sticky":false,"template":"","format":"standard","meta":{"footnotes":""},"categories":[1484],"tags":[],"class_list":["post-143048","post","type-post","status-publish","format-standard","has-post-thumbnail","category-decoracao"],"_wp_attached_file":null,"_wp_attachment_metadata":null,"_wp_attachment_context":null,"_wp_attachment_is_custom_header":null,"geo_longitude":null,"geo_public":null,"geo_latitude":null,"_publicize_done_external":null,"_wpas_done_3897181":null,"publicize_twitter_user":null,"_wpas_done_3897175":null,"_wpas_skip_3897181":null,"_wpas_skip_3897175":null,"_wpas_skip_3924723":null,"_wpas_mess":null,"_wpas_done_3924723":null,"wps_subtitle":"","_links":{"self":[{"href":"https:\/\/www.aarquiteta.com.br\/blog\/wp-json\/wp\/v2\/posts\/143048","targetHints":{"allow":["GET"]}}],"collection":[{"href":"https:\/\/www.aarquiteta.com.br\/blog\/wp-json\/wp\/v2\/posts"}],"about":[{"href":"https:\/\/www.aarquiteta.com.br\/blog\/wp-json\/wp\/v2\/types\/post"}],"author":[{"embeddable":true,"href":"https:\/\/www.aarquiteta.com.br\/blog\/wp-json\/wp\/v2\/users\/102"}],"replies":[{"embeddable":true,"href":"https:\/\/www.aarquiteta.com.br\/blog\/wp-json\/wp\/v2\/comments?post=143048"}],"version-history":[{"count":0,"href":"https:\/\/www.aarquiteta.com.br\/blog\/wp-json\/wp\/v2\/posts\/143048\/revisions"}],"wp:featuredmedia":[{"embeddable":true,"href":"https:\/\/www.aarquiteta.com.br\/blog\/wp-json\/wp\/v2\/media\/143038"}],"wp:attachment":[{"href":"https:\/\/www.aarquiteta.com.br\/blog\/wp-json\/wp\/v2\/media?parent=143048"}],"wp:term":[{"taxonomy":"category","embeddable":true,"href":"https:\/\/www.aarquiteta.com.br\/blog\/wp-json\/wp\/v2\/categories?post=143048"},{"taxonomy":"post_tag","embeddable":true,"href":"https:\/\/www.aarquiteta.com.br\/blog\/wp-json\/wp\/v2\/tags?post=143048"}],"curies":[{"name":"wp","href":"https:\/\/api.w.org\/{rel}","templated":true}]}}