{"id":142838,"date":"2025-02-04T18:41:32","date_gmt":"2025-02-04T21:41:32","guid":{"rendered":"https:\/\/www.aarquiteta.com.br\/blog\/escada-de-concreto\/"},"modified":"2025-02-04T18:41:32","modified_gmt":"2025-02-04T21:41:32","slug":"escada-de-concreto","status":"publish","type":"post","link":"https:\/\/www.aarquiteta.com.br\/blog\/escada-de-concreto\/","title":{"rendered":"ESCADA DE CONCRETO: 40 IDEIAS PARA COMPROVAR A BELEZA DESTE MATERIAL"},"content":{"rendered":"<p><body><\/p>\n<p>As escadas de concreto n\u00e3o s\u00e3o apenas estruturas funcionais; elas s\u00e3o pe\u00e7as-chave de um design inteligente, trazendo beleza e praticidade aos espa\u00e7os. Neste artigo, vou compartilhar 40 ideias para voc\u00ea se inspirar e transformar sua casa usando esse material vers\u00e1til.<\/p>\n<h2>Introdu\u00e7\u00e3o<\/h2>\n<p>Quando penso em escadas de concreto, n\u00e3o consigo deixar de imaginar todo o potencial que esse material oferece. Mais do que apenas conectar diferentes n\u00edveis da casa, as escadas de concreto permitem explorar a criatividade e a est\u00e9tica de um ambiente. Aqui, vou explorar algumas ideias impressionantes que mostram como elas podem ser verdadeiras obras de arte.<\/p>\n<h2>1. Escadas de Concreto Integradas \u00e0 Natureza<\/h2>\n<h3>1.1 Harmonia com o Jardim<\/h3>\n<figure style=\"width: 1024px\" class=\"wp-caption aligncenter\"><img decoding=\"async\" src=\"https:\/\/www.aarquiteta.com.br\/blog\/wp-content\/uploads\/2025\/02\/escada-de-concreto01.jpg\" alt=\"ESCADA DE CONCRETO: 40 IDEIAS PARA COMPROVAR A BELEZA DESTE MATERIAL\" width=\"1024\" height=\"1024\" title=\"\"><figcaption class=\"wp-caption-text\">ESCADA DE CONCRETO: 40 IDEIAS PARA COMPROVAR A BELEZA DESTE MATERIAL<\/figcaption><\/figure>\n<p>Em muitos projetos, vejo escadas de cimento queimado que mesclam-se perfeitamente com a natureza ao redor. Imagine uma escada em meio a um jardim bem cuidado, onde o <b>contraste entre o verde e o cinza<\/b> real\u00e7a a beleza de ambos. Essa integra\u00e7\u00e3o \u00e9 n\u00e3o s\u00f3 charmosa, mas traz uma sensa\u00e7\u00e3o de tranquilidade e harmonia aos espa\u00e7os da casa.<\/p>\n<h2>2. Mescla de Materiais<\/h2>\n<h3>2.1 Cria\u00e7\u00e3o de Texturas e Cores<\/h3>\n<figure style=\"width: 1024px\" class=\"wp-caption aligncenter\"><img decoding=\"async\" src=\"https:\/\/www.aarquiteta.com.br\/blog\/wp-content\/uploads\/2025\/02\/escada-de-concreto-5-730x488.jpg\" alt=\"Possui formato em espiral com guarda-corpo em concreto e degraus que ganham uma bela pedra em tom bege.\" title=\"\"><figcaption class=\"wp-caption-text\">Possui formato em espiral com guarda-corpo em concreto e degraus que ganham uma bela pedra em tom bege.<\/figcaption><\/figure>\n<p>A combina\u00e7\u00e3o de materiais \u00e9 uma das tend\u00eancias mais empolgantes que j\u00e1 vi. Ao usar madeira e metal juntamente com o concreto, criamos uma <b>textura e um visual \u00fanicos<\/b>. Por exemplo, degraus de madeira com uma base de concreto n\u00e3o s\u00f3 s\u00e3o est\u00e9ticos, mas tamb\u00e9m trazem um toque r\u00fastico e moderno ao mesmo tempo.<\/p>\n<h2>3. Escadas Flutuantes e Minimalistas<\/h2>\n<h3>3.1 Op\u00e7\u00f5es Modernas e Elegantes<\/h3>\n<figure style=\"width: 1024px\" class=\"wp-caption aligncenter\"><img decoding=\"async\" src=\"https:\/\/www.aarquiteta.com.br\/blog\/wp-content\/uploads\/2025\/02\/escada-de-concreto-0.jpg\" alt=\"Foto: Reprodu\u00e7\u00e3o \/ Espa\u00e7o do Tra\u00e7o\" title=\"\"><figcaption class=\"wp-caption-text\">Foto: Reprodu\u00e7\u00e3o \/ Espa\u00e7o do Tra\u00e7o<\/figcaption><\/figure>\n<p>As escadas flutuantes t\u00eam o poder de transformar qualquer ambiente com uma <b>eleg\u00e2ncia minimalista<\/b>. Elas remetem a um design contempor\u00e2neo, leve e arejado, ideal para quem busca maximizar a sensa\u00e7\u00e3o de espa\u00e7o em casa. Uma escada flutuante pode se tornar a pe\u00e7a central de uma sala de estar, atraindo olhares e despertando admira\u00e7\u00e3o.<\/p>\n<h2>4. Aconchego e Funcionalidade<\/h2>\n<h3>4.1 Espa\u00e7os de Descanso Abaixo da Escada<\/h3>\n<figure style=\"width: 1024px\" class=\"wp-caption aligncenter\"><img decoding=\"async\" src=\"https:\/\/www.aarquiteta.com.br\/blog\/wp-content\/uploads\/2025\/02\/escada-de-concreto02.jpg\" alt=\"ESCADA DE CONCRETO: 40 IDEIAS PARA COMPROVAR A BELEZA DESTE MATERIAL\" width=\"1024\" height=\"1024\" title=\"\"><figcaption class=\"wp-caption-text\">ESCADA DE CONCRETO: 40 IDEIAS PARA COMPROVAR A BELEZA DESTE MATERIAL<\/figcaption><\/figure>\n<p>Dentre os meus projetos, sempre busco otimizar espa\u00e7os. Uma escada pode, por exemplo, servir para criar um cantinho de descanso. Imagine almofadas e uma pequena mesa bem posicionadas sob os degraus de concreto; isso n\u00e3o s\u00f3 oferece funcionalidade, mas um visual aconchegante e convidativo que todos adoram!<\/p>\n<h2>5. Estilo e Personalidade<\/h2>\n<h3>5.1 Mudando as Cores e Acabamentos<\/h3>\n<figure style=\"width: 1024px\" class=\"wp-caption aligncenter\"><img decoding=\"async\" src=\"https:\/\/www.aarquiteta.com.br\/blog\/wp-content\/uploads\/2025\/02\/escada-de-concreto-1-730x486.jpg\" alt=\"Foto: Reprodu\u00e7\u00e3o \/ House in Rio\" title=\"\"><figcaption class=\"wp-caption-text\">Foto: Reprodu\u00e7\u00e3o \/ House in Rio<\/figcaption><\/figure>\n<p>N\u00e3o podemos esquecer que a <b>personaliza\u00e7\u00e3o \u00e9 a alma do neg\u00f3cio<\/b>. Pintar a escada de concreto em cores diferentes ou aplicar acabamentos inovadores pode transformar um espa\u00e7o comum em algo extraordin\u00e1rio. Seja um tom neutro ou um vibrante, cada cor conta uma hist\u00f3ria e reflete a personalidade do propriet\u00e1rio.<\/p>\n<h2>6. Escadas Externas e Impon\u00eancia<\/h2>\n<h3>6.1 Projetos para Ambientes Externos<\/h3>\n<figure style=\"width: 1024px\" class=\"wp-caption aligncenter\"><img decoding=\"async\" src=\"https:\/\/www.aarquiteta.com.br\/blog\/wp-content\/uploads\/2025\/02\/escada-de-concreto03.jpg\" alt=\"ESCADA DE CONCRETO: 40 IDEIAS PARA COMPROVAR A BELEZA DESTE MATERIAL\" width=\"1024\" height=\"1024\" title=\"\"><figcaption class=\"wp-caption-text\">ESCADA DE CONCRETO: 40 IDEIAS PARA COMPROVAR A BELEZA DESTE MATERIAL<\/figcaption><\/figure>\n<p>No mundo exterior, as escadas de concreto se destacam pela sua robustez e durabilidade. Frequentemente, s\u00e3o projetadas para embelezar a entrada da casa, oferecendo uma <b>impon\u00eancia que impressiona<\/b> visitantes logo na chegada. Um projeto bem-executado n\u00e3o s\u00f3 serve como acesso, mas como uma verdadeira obra de arte arquitet\u00f4nica.<\/p>\n<h2>Conclus\u00e3o<\/h2>\n<p>As escadas de concreto s\u00e3o um investimento inteligente para quem valoriza a jun\u00e7\u00e3o de funcionalidade e est\u00e9tica. Com possibilidades infinitas de design, elas podem ser adaptadas a qualquer estilo, desde o mais r\u00fastico at\u00e9 o mais contempor\u00e2neo. Ao explorar as 40 ideias apresentadas, espero ter iluminado novos caminhos para <b>transformar<\/b> a sua casa e dar vida a ambientes \u00fanicos e cativantes.<\/p>\n<p><\/body><br \/>\n<figure style=\"width: 1024px\" class=\"wp-caption aligncenter\"><img decoding=\"async\" src=\"https:\/\/www.aarquiteta.com.br\/blog\/wp-content\/uploads\/2025\/02\/escada-de-concreto-2-730x486.jpg\" alt=\"Uma escada feita em cimento queimado que se localiza ao fundo da resid\u00eancia, em um espa\u00e7o que conta com uma ampla janela de vidro, deixando o jardim \u00e0 vista.\" title=\"\"><figcaption class=\"wp-caption-text\">Uma escada feita em cimento queimado que se localiza ao fundo da resid\u00eancia, em um espa\u00e7o que conta com uma ampla janela de vidro, deixando o jardim \u00e0 vista.<\/figcaption><\/figure>\n<figure style=\"width: 1024px\" class=\"wp-caption aligncenter\"><img decoding=\"async\" src=\"https:\/\/www.aarquiteta.com.br\/blog\/wp-content\/uploads\/2025\/02\/escada-de-concreto4.jpg\" alt=\"ESCADA DE CONCRETO: 40 IDEIAS PARA COMPROVAR A BELEZA DESTE MATERIAL\" width=\"1024\" height=\"1024\" title=\"\"><figcaption class=\"wp-caption-text\">ESCADA DE CONCRETO: 40 IDEIAS PARA COMPROVAR A BELEZA DESTE MATERIAL<\/figcaption><\/figure>\n<figure style=\"width: 1024px\" class=\"wp-caption aligncenter\"><img decoding=\"async\" src=\"https:\/\/www.aarquiteta.com.br\/blog\/wp-content\/uploads\/2025\/02\/escada-de-concreto-4-730x1095.jpg\" alt=\"Uma das formas mais comuns de utilizar a escada de concreto \u00e9 elaborar sua base com este material e optar por uma pedra, madeira ou metais para revestir os degraus.\" title=\"\"><figcaption class=\"wp-caption-text\">Uma das formas mais comuns de utilizar a escada de concreto \u00e9 elaborar sua base com este material e optar por uma pedra, madeira ou metais para revestir os degraus.<\/figcaption><\/figure>\n<p><iframe title=\"YouTube video player\" src=\"https:\/\/www.youtube.com\/embed\/k5X0LCwcM-M\" width=\"560\" height=\"315\" frameborder=\"0\" allowfullscreen=\"allowfullscreen\"><\/iframe><\/p>\n<figure style=\"width: 1024px\" class=\"wp-caption aligncenter\"><img decoding=\"async\" src=\"https:\/\/www.aarquiteta.com.br\/blog\/wp-content\/uploads\/2025\/02\/escada-de-concreto-6-730x1095.jpg\" alt=\"Um belo exemplo de como o uso do cimento ganha um lindo contraste ao ser utilizado pr\u00f3ximo ao contato com a natureza.\" title=\"\"><figcaption class=\"wp-caption-text\">Um belo exemplo de como o uso do cimento ganha um lindo contraste ao ser utilizado pr\u00f3ximo ao contato com a natureza.<\/figcaption><\/figure>\n","protected":false},"excerpt":{"rendered":"<p>Descubra 40 ideias de escadas de concreto que aliam beleza e funcionalidade em projetos internos e externos.<\/p>\n","protected":false},"author":102,"featured_media":142831,"comment_status":"closed","ping_status":"closed","sticky":false,"template":"","format":"standard","meta":{"footnotes":""},"categories":[1507,249],"tags":[],"class_list":["post-142838","post","type-post","status-publish","format-standard","has-post-thumbnail","category-arquitetura","category-engenharia-e-construcao-civil"],"_wp_attached_file":null,"_wp_attachment_metadata":null,"_wp_attachment_context":null,"_wp_attachment_is_custom_header":null,"geo_longitude":null,"geo_public":null,"geo_latitude":null,"_publicize_done_external":null,"_wpas_done_3897181":null,"publicize_twitter_user":null,"_wpas_done_3897175":null,"_wpas_skip_3897181":null,"_wpas_skip_3897175":null,"_wpas_skip_3924723":null,"_wpas_mess":null,"_wpas_done_3924723":null,"wps_subtitle":"","_links":{"self":[{"href":"https:\/\/www.aarquiteta.com.br\/blog\/wp-json\/wp\/v2\/posts\/142838","targetHints":{"allow":["GET"]}}],"collection":[{"href":"https:\/\/www.aarquiteta.com.br\/blog\/wp-json\/wp\/v2\/posts"}],"about":[{"href":"https:\/\/www.aarquiteta.com.br\/blog\/wp-json\/wp\/v2\/types\/post"}],"author":[{"embeddable":true,"href":"https:\/\/www.aarquiteta.com.br\/blog\/wp-json\/wp\/v2\/users\/102"}],"replies":[{"embeddable":true,"href":"https:\/\/www.aarquiteta.com.br\/blog\/wp-json\/wp\/v2\/comments?post=142838"}],"version-history":[{"count":0,"href":"https:\/\/www.aarquiteta.com.br\/blog\/wp-json\/wp\/v2\/posts\/142838\/revisions"}],"wp:featuredmedia":[{"embeddable":true,"href":"https:\/\/www.aarquiteta.com.br\/blog\/wp-json\/wp\/v2\/media\/142831"}],"wp:attachment":[{"href":"https:\/\/www.aarquiteta.com.br\/blog\/wp-json\/wp\/v2\/media?parent=142838"}],"wp:term":[{"taxonomy":"category","embeddable":true,"href":"https:\/\/www.aarquiteta.com.br\/blog\/wp-json\/wp\/v2\/categories?post=142838"},{"taxonomy":"post_tag","embeddable":true,"href":"https:\/\/www.aarquiteta.com.br\/blog\/wp-json\/wp\/v2\/tags?post=142838"}],"curies":[{"name":"wp","href":"https:\/\/api.w.org\/{rel}","templated":true}]}}