{"id":142770,"date":"2025-02-06T07:30:46","date_gmt":"2025-02-06T10:30:46","guid":{"rendered":"https:\/\/www.aarquiteta.com.br\/blog\/?p=142770"},"modified":"2025-02-12T08:40:23","modified_gmt":"2025-02-12T11:40:23","slug":"reforma-de-cozinha-e-sala-de-jantar-integracao-e-sofisticacao-para-um-lar-moderno","status":"publish","type":"post","link":"https:\/\/www.aarquiteta.com.br\/blog\/reforma-de-cozinha-e-sala-de-jantar-integracao-e-sofisticacao-para-um-lar-moderno\/","title":{"rendered":"Reforma de Cozinha e Sala de Jantar: Integra\u00e7\u00e3o e Sofistica\u00e7\u00e3o para um Lar Moderno"},"content":{"rendered":"<p>Carla, nossa cliente, nos procurou com um desafio envolvente: ela queria transformar sua <a href=\"https:\/\/www.aarquiteta.com.br\/blog\/decoracao\/ambientes-na-decoracao\/decoracao-de-cozinha\/\">cozinha<\/a> e sala de jantar, atualmente separadas, em um ambiente integrado que fosse funcional, aconchegante e visualmente sofisticado. Residente em sua casa h\u00e1 quase quatro anos,<\/p><p>Carla buscava mudan\u00e7as que refletissem melhor sua personalidade e seu estilo de vida, ao mesmo tempo que otimizassem o espa\u00e7o dispon\u00edvel.<\/p><p>Neste artigo, apresentamos todos os detalhes do <a href=\"https:\/\/www.aarquiteta.com.br\/blog\/?s=PROJETO\">projeto<\/a>, desde a an\u00e1lise inicial at\u00e9 as solu\u00e7\u00f5es criativas que trouxeram harmonia e praticidade ao ambiente.<\/p><h3>A Situa\u00e7\u00e3o Inicial<\/h3><p><img decoding=\"async\" class=\"aligncenter size-full wp-image-50596\" src=\"https:\/\/www.aarquiteta.com.br\/blog\/wp-content\/uploads\/2025\/02\/WhatsApp-Image-2025-01-30-at-10.26.54-4.jpg\" alt=\"\" width=\"1200\" height=\"540\" title=\"\"><\/p><p>A cozinha da casa de Carla, embora bem conservada e pr\u00e1tica, tinha algumas limita\u00e7\u00f5es que dificultavam sua funcionalidade e integra\u00e7\u00e3o com os demais ambientes.<\/p><p>Uma <a href=\"https:\/\/www.aarquiteta.com.br\/blog\/?s=PAREDE\">parede<\/a> s\u00f3lida separava a cozinha da sala de jantar, criando uma barreira f\u00edsica e visual que n\u00e3o favorecia a intera\u00e7\u00e3o familiar nem a fluidez do espa\u00e7o.<\/p><p>Al\u00e9m disso, a disposi\u00e7\u00e3o dos eletrodom\u00e9sticos e arm\u00e1rios n\u00e3o aproveitava o potencial do layout, e a presen\u00e7a de uma coluna estrutural na parede entre os ambientes apresentava um desafio t\u00e9cnico.<\/p><p>Carla tamb\u00e9m mencionou o desejo de modernizar o espa\u00e7o com materiais sofisticados, como o porcelanato calacatta gold, e a necessidade de repensar a paleta de <a href=\"https:\/\/www.aarquiteta.com.br\/blog\/?s=CORES\">cores<\/a> para criar um ambiente mais acolhedor e personalizado.<\/p><h3>Os Objetivos do Projeto<\/h3><p><img decoding=\"async\" class=\"aligncenter size-full wp-image-50597\" src=\"https:\/\/www.aarquiteta.com.br\/blog\/wp-content\/uploads\/2025\/02\/modulo2121_httpss.mj_.run49AQTFEaKSs_A_modern_open-concept_kit_7dcadcfd-d4c1-4608-ba8a-97825ef8297d_2.jpg\" alt=\"\" width=\"1024\" height=\"1024\" title=\"\"><\/p><p>O projeto foi desenvolvido com base nos seguintes objetivos principais:<\/p><ol><li><strong>Integrar a cozinha \u00e0 sala de jantar<\/strong> de forma harm\u00f4nica, criando um ambiente \u00fanico e funcional.<\/li><li><strong>Reorganizar o layout da cozinha<\/strong>, otimizando a localiza\u00e7\u00e3o dos eletrodom\u00e9sticos e ampliando a <a href=\"https:\/\/www.aarquiteta.com.br\/blog\/?s=BANCADA\">bancada<\/a> de trabalho.<\/li><li><strong>Adicionar sofistica\u00e7\u00e3o ao espa\u00e7o<\/strong> por meio da escolha de materiais modernos e uma paleta de cores elegante.<\/li><li><strong>Aproveitar elementos existentes<\/strong>, como os arm\u00e1rios planejados inferiores, minimizando desperd\u00edcios e custos.<\/li><li><strong>Criar um balc\u00e3o funcional<\/strong> entre os ambientes, transformando a coluna estrutural em parte do design.<\/li><\/ol><h3>As Solu\u00e7\u00f5es Criativas Implementadas<\/h3><p><img decoding=\"async\" class=\"aligncenter size-full wp-image-50598\" src=\"https:\/\/www.aarquiteta.com.br\/blog\/wp-content\/uploads\/2025\/02\/modulo2121_httpss.mj_.runcyOcjUXaynM_httpss.mj_.runt-_vZiXTpls__8568ff21-27c2-46ce-987f-19cb02951117_0.jpg\" alt=\"\" width=\"1024\" height=\"1024\" title=\"\"><\/p><h4><strong>1. Integra\u00e7\u00e3o entre Cozinha e Sala de Jantar<\/strong><\/h4><p>A integra\u00e7\u00e3o dos ambientes foi alcan\u00e7ada com a remo\u00e7\u00e3o parcial da parede que dividia a cozinha da sala de jantar.<\/p><p>Em seu lugar, criamos um balc\u00e3o de aproximadamente 1,70m de comprimento, posicionado ao lado da coluna estrutural.<\/p><p>Esse balc\u00e3o funciona tanto como \u00e1rea de refei\u00e7\u00f5es r\u00e1pidas quanto como ponto de intera\u00e7\u00e3o entre os ambientes, facilitando a comunica\u00e7\u00e3o e ampliando a sensa\u00e7\u00e3o de espa\u00e7o.<\/p><h4><strong>2. Reorganiza\u00e7\u00e3o do Layout<\/strong><\/h4><p><img decoding=\"async\" class=\"aligncenter size-full wp-image-50599\" src=\"https:\/\/www.aarquiteta.com.br\/blog\/wp-content\/uploads\/2025\/02\/modulo2121_httpss.mj_.runcyOcjUXaynM_httpss.mj_.runt-_vZiXTpls__67773060-6753-4c0a-88cd-0b27c583d181_3.jpg\" alt=\"\" width=\"1024\" height=\"1024\" title=\"\"><\/p><p>A reorganiza\u00e7\u00e3o do layout foi fundamental para melhorar a funcionalidade da cozinha. A geladeira foi relocada para a lateral esquerda, liberando espa\u00e7o para a amplia\u00e7\u00e3o da pia e facilitando o fluxo de circula\u00e7\u00e3o.<\/p><p>O fog\u00e3o e o forno foram reposicionados no canto oposto, aproveitando uma instala\u00e7\u00e3o hidr\u00e1ulica pr\u00e9-existente, planejada para receber uma m\u00e1quina de lavar lou\u00e7as no futuro.<\/p><h4><strong>3. Materiais e Paleta de Cores<\/strong><\/h4><p><img decoding=\"async\" class=\"aligncenter size-full wp-image-50600\" src=\"https:\/\/www.aarquiteta.com.br\/blog\/wp-content\/uploads\/2025\/02\/modulo2121_httpss.mj_.run49AQTFEaKSs_A_modern_open-concept_kit_b31f227d-87ef-4c9a-b9b3-3e0325381c2c_3.jpg\" alt=\"\" width=\"1024\" height=\"1024\" title=\"\"><\/p><p>Para trazer a sofistica\u00e7\u00e3o desejada por Carla, optamos por uma combina\u00e7\u00e3o de materiais nobres e cores modernas:<\/p><ul><li><strong>Balc\u00e3o:<\/strong> Quartzo cinza escuro, que adiciona contraste e eleg\u00e2ncia.<\/li><li><strong>Bancadas e Backsplash:<\/strong> Porcelanato calacatta gold, destacando-se como elemento de sofistica\u00e7\u00e3o no design.<\/li><li><strong>Arm\u00e1rios Inferiores:<\/strong> Mantivemos os planejados brancos existentes, em perfeito estado, como forma de reduzir custos sem comprometer a est\u00e9tica.<\/li><li><strong>Arm\u00e1rios Superiores:<\/strong> Foram projetados em madeira clara, proporcionando um equil\u00edbrio visual e uma atmosfera acolhedora.<\/li><li><strong>Parede Principal da Sala de Jantar:<\/strong> Pintada em um tom de azul escuro, trazendo profundidade e personalidade ao ambiente.<\/li><\/ul><h4><strong>4. Ilumina\u00e7\u00e3o Estrat\u00e9gica<\/strong><\/h4><p><img decoding=\"async\" class=\"aligncenter size-full wp-image-50601\" src=\"https:\/\/www.aarquiteta.com.br\/blog\/wp-content\/uploads\/2025\/02\/modulo2121_httpss.mj_.runcyOcjUXaynM_httpss.mj_.runt-_vZiXTpls__67773060-6753-4c0a-88cd-0b27c583d181_2.jpg\" alt=\"\" width=\"1024\" height=\"1024\" title=\"\"><\/p><p>A ilumina\u00e7\u00e3o desempenha um papel central na transforma\u00e7\u00e3o do espa\u00e7o. Spots de LED embutidos no teto proporcionam luz geral uniforme, enquanto pendentes modernos sobre o balc\u00e3o criam um ponto focal atraente.<\/p><p>Essa combina\u00e7\u00e3o garante funcionalidade e beleza, destacando os materiais utilizados no projeto.<\/p><h3>A Solu\u00e7\u00e3o para a Coluna Estrutural<\/h3><p>A coluna estrutural, inicialmente vista como uma limita\u00e7\u00e3o, foi incorporada de forma criativa ao design do balc\u00e3o. Recebeu acabamento no mesmo tom do quartzo utilizado na bancada, garantindo harmonia visual e funcionalidade.<\/p><p>Esse elemento estrutural, muitas vezes desafiador em projetos de integra\u00e7\u00e3o, tornou-se um componente discreto e elegante no ambiente.<\/p><h3>O Resultado Final<\/h3><p><img decoding=\"async\" class=\"aligncenter size-full wp-image-50602\" src=\"https:\/\/www.aarquiteta.com.br\/blog\/wp-content\/uploads\/2025\/02\/modulo2121_httpss.mj_.runcyOcjUXaynM_httpss.mj_.runt-_vZiXTpls__1950a22f-1458-406d-9e10-5b1233dc9981_1.jpg\" alt=\"\" width=\"1024\" height=\"1024\" title=\"\"><\/p><p>Ap\u00f3s a implementa\u00e7\u00e3o das mudan\u00e7as, a casa de Carla se transformou completamente. A cozinha e a sala de jantar agora se conectam de forma harmoniosa, criando um espa\u00e7o convidativo e funcional para o dia a dia e para momentos especiais em fam\u00edlia ou com amigos.<\/p><p>O balc\u00e3o centralizou a integra\u00e7\u00e3o dos ambientes, servindo tanto como ponto de encontro quanto como elemento decorativo.<\/p><p>O projeto n\u00e3o apenas atendeu \u00e0s suas expectativas, mas tamb\u00e9m trouxe uma nova din\u00e2mica \u00e0 casa, valorizando os espa\u00e7os e otimizando a funcionalidade.<\/p><h3><strong>Conclus\u00e3o:<\/strong><\/h3><h5>Um Espa\u00e7o Totalmente Renovado e Adaptado \u00e0s Necessidades de Carla<\/h5><p><img decoding=\"async\" class=\"aligncenter size-full wp-image-50603\" src=\"https:\/\/www.aarquiteta.com.br\/blog\/wp-content\/uploads\/2025\/02\/modulo2121_httpss.mj_.runasryy7jyFq8_httpss.mj_.run49AQTFEaKSs__cf950f97-fd32-404c-b63a-700cfd05848c_1.png\" alt=\"\" width=\"1200\" height=\"992\" title=\"\"><\/p><p>A reforma da cozinha e da sala de jantar da Carla representa muito mais do que uma simples atualiza\u00e7\u00e3o est\u00e9tica. Essa transforma\u00e7\u00e3o trouxe <strong>funcionalidade, conforto e personalidade<\/strong> para os ambientes, criando um espa\u00e7o acolhedor e pr\u00e1tico para o dia a dia da fam\u00edlia.<\/p><p>Ao integrar os dois espa\u00e7os, conseguimos criar <strong>uma fluidez natural<\/strong>, permitindo que a cozinha deixasse de ser um ambiente isolado para se tornar um ponto central da casa. O balc\u00e3o desempenhou um papel fundamental nessa transi\u00e7\u00e3o, garantindo que a sala de jantar e a cozinha dialogassem harmoniosamente, tanto do ponto de vista visual quanto funcional.<\/p><p>A escolha dos materiais tamb\u00e9m \u00e9 um diferencial importante. O uso do <strong>porcelanato <\/strong>na bancada traz eleg\u00e2ncia e sofistica\u00e7\u00e3o, enquanto os <strong>tons neutros e madeira clara<\/strong> dos arm\u00e1rios criaram um ambiente equilibrado e atemporal. A decis\u00e3o de manter os arm\u00e1rios inferiores brancos foi uma solu\u00e7\u00e3o inteligente, que permitiu otimizar os custos sem comprometer o resultado final.<\/p><p>Outro ponto essencial \u00e9 a ilumina\u00e7\u00e3o, cuidadosamente planejada para valorizar os acabamentos e proporcionar <strong>conforto visual<\/strong>. Os <strong>pendentes sobre o balc\u00e3o<\/strong> trouxeram um toque moderno e elegante, enquanto os <strong>spots embutidos<\/strong> garantiram uma ilumina\u00e7\u00e3o uniforme e bem distribu\u00edda em toda a cozinha.<\/p><p>O novo espa\u00e7o reflete sua identidade e atende \u00e0s suas necessidades di\u00e1rias, provando que uma reforma bem planejada pode transformar completamente a experi\u00eancia de morar em um lugar.<\/p><p>Essa proposta demonstra como a arquitetura e o design de interiores podem <strong>valorizar os espa\u00e7os e melhorar a qualidade de vida<\/strong>, criando lares que combinam <strong>praticidade, conforto e sofistica\u00e7\u00e3o<\/strong> em perfeita harmonia.<\/p><div class=\"td_block_wrap tdb_title tdi_41 tdb-category-title td-pb-border-top td_block_template_1\" data-td-block-uid=\"tdi_41\"><div class=\"tdb-block-inner td-fix-index\"><span style=\"color: var(--td_text_color, #111111); font-family: var(--td_default_google_font_2, 'Roboto', sans-serif); font-size: 32px;\">Sugest\u00f5es de Projetos para clientes<\/span><\/div><\/div><div class=\"td_block_wrap tdb_category_description tdi_42 td-pb-border-top td_block_template_1 tdb-post-meta\" data-td-block-uid=\"tdi_42\"><div class=\"tdb-block-inner td-fix-index tagdiv-type\"><div class=\"td_block_wrap tdb_title tdi_41 tdb-category-title td-pb-border-top td_block_template_1\" data-td-block-uid=\"tdi_41\"><div class=\"tdb-block-inner td-fix-index\"><div><\/div><\/div><\/div><div class=\"td_block_wrap tdb_category_description tdi_42 td-pb-border-top td_block_template_1 tdb-post-meta\" data-td-block-uid=\"tdi_42\"><div class=\"tdb-block-inner td-fix-index tagdiv-type\"><p><span class=\"selectable-text copyable-text false\">Ol\u00e1!\u00a0<\/span><span class=\"x19la9d6 x1fc57z9 x6ikm8r x10wlt62 x19co3pv x1g5zs5t xfibh0p xiy17q3 x1xsqp64 x1lkfr7t xexx8yu x4uap5 x18d9i69 xkhd6sd\"><span class=\"xrtxmta x1bhl96m\">\ud83d\ude0a<\/span><\/span><span class=\"selectable-text copyable-text false\">\u00a0<\/span><\/p><h3><em><strong>O que \u00e9 um projeto inspira\u00e7\u00e3o?<\/strong><\/em><\/h3><p>Um projeto inspira\u00e7\u00e3o funciona como um \u201cguia visual\u201d que re\u00fane ideias de cores, acabamentos, texturas e at\u00e9 sugest\u00f5es de m\u00f3veis e objetos decorativos.<\/p><p>Diferentemente de um projeto executivo (que traz medidas e detalhes construtivos precisos), o projeto inspira\u00e7\u00e3o n\u00e3o se prende \u00e0 exatid\u00e3o de plantas ou disposi\u00e7\u00e3o de portas e janelas.<\/p><p>Seu objetivo principal \u00e9 ajudar voc\u00ea a visualizar estilos, combina\u00e7\u00f5es de materiais e a atmosfera que se deseja criar no ambiente.<\/p><p>A partir dele, podemos adaptar e ajustar tudo \u00e0 realidade do seu espa\u00e7o, definindo exatamente como ficar\u00e1 cada elemento quando partirmos para o projeto definitivo.<\/p><h3><em><strong>Aceitamos ideias para \u00e1reas residenciais e comerciais.<\/strong><\/em><\/h3><p><span class=\"selectable-text copyable-text false\">\u00c9 importante que voc\u00ea inclua o m\u00e1ximo de detalhes poss\u00edveis para podermos compreender suas necessidades e oferecer a melhor solu\u00e7\u00e3o.<\/span><\/p><h3><span class=\"selectable-text copyable-text false\">Dados Necess\u00e1rios:<\/span><\/h3><p><span class=\"selectable-text copyable-text false\"><strong>Informa\u00e7\u00f5es Pessoais:<\/strong>\u00a0Nome completo. Telefone de contato.<\/span><\/p><p><span class=\"selectable-text copyable-text false\"><strong>Descri\u00e7\u00e3o do Projeto:<\/strong>\u00a0Tipo de projeto (reforma, decora\u00e7\u00e3o, design de interiores, projeto arquitet\u00f4nico, etc.).<\/span><\/p><p><span class=\"selectable-text copyable-text false\"><strong>Descri\u00e7\u00e3o do que voc\u00ea deseja fazer:<\/strong>\u00a0(ex.: renova\u00e7\u00e3o de um ambiente espec\u00edfico, mudan\u00e7a de layout, escolha de materiais, etc.).<\/span><\/p><p><span class=\"selectable-text copyable-text false\"><strong>Local do Projeto:<\/strong>\u00a0Tipo de im\u00f3vel (casa, apartamento, escrit\u00f3rio, loja, etc.).<\/span><\/p><p><span class=\"selectable-text copyable-text false\"><strong>Dimens\u00f5es e Fotos:<\/strong>\u00a0\u00c1rea aproximada do espa\u00e7o (em metros quadrados). e X de comprimento por y de largura.<\/span><\/p><p><strong><span class=\"selectable-text copyable-text false\">Fotos do ambiente atual.<\/span><\/strong><\/p><p><span class=\"selectable-text copyable-text false\">Aguardo seu \u00e1udio explicando o projeto, fotos e o tamanho do local. E estou \u00e0 disposi\u00e7\u00e3o para tirar d\u00favidas e ajudar a transformar seu projeto em realidade!<\/span><\/p><p><span class=\"x19la9d6 x1fc57z9 x6ikm8r x10wlt62 x19co3pv x1g5zs5t xfibh0p xiy17q3 x1xsqp64 x1lkfr7t xexx8yu x4uap5 x18d9i69 xkhd6sd\"><span class=\"xrtxmta x1bhl96m\">\u2728<\/span><\/span><span class=\"selectable-text copyable-text false\"> Atenciosamente, Luciana Paix\u00e3o A Arquiteta \u2013 Transformando espa\u00e7os, inspirando vidas.<\/span><\/p><\/div><\/div><\/div><\/div><p>&nbsp;<\/p><p>&nbsp;<\/p>","protected":false},"excerpt":{"rendered":"<p>Carla, nossa cliente, nos procurou com um desafio envolvente: ela queria transformar sua cozinha e sala de jantar, atualmente separadas, em um ambiente integrado que fosse funcional, aconchegante e visualmente sofisticado. Residente em sua casa h\u00e1 quase quatro anos,Carla buscava mudan\u00e7as que refletissem melhor sua personalidade e seu estilo de vida, ao mesmo tempo que [&hellip;]<\/p>\n","protected":false},"author":102,"featured_media":142771,"comment_status":"closed","ping_status":"closed","sticky":false,"template":"","format":"standard","meta":{"footnotes":""},"categories":[1484,971,35522],"tags":[],"class_list":["post-142770","post","type-post","status-publish","format-standard","has-post-thumbnail","category-decoracao","category-design-de-interiores","category-sugestoes-de-projetos-para-clientes"],"_wp_attached_file":null,"_wp_attachment_metadata":null,"_wp_attachment_context":null,"_wp_attachment_is_custom_header":null,"geo_longitude":null,"geo_public":null,"geo_latitude":null,"_publicize_done_external":null,"_wpas_done_3897181":null,"publicize_twitter_user":null,"_wpas_done_3897175":null,"_wpas_skip_3897181":null,"_wpas_skip_3897175":null,"_wpas_skip_3924723":null,"_wpas_mess":null,"_wpas_done_3924723":null,"wps_subtitle":"","_links":{"self":[{"href":"https:\/\/www.aarquiteta.com.br\/blog\/wp-json\/wp\/v2\/posts\/142770","targetHints":{"allow":["GET"]}}],"collection":[{"href":"https:\/\/www.aarquiteta.com.br\/blog\/wp-json\/wp\/v2\/posts"}],"about":[{"href":"https:\/\/www.aarquiteta.com.br\/blog\/wp-json\/wp\/v2\/types\/post"}],"author":[{"embeddable":true,"href":"https:\/\/www.aarquiteta.com.br\/blog\/wp-json\/wp\/v2\/users\/102"}],"replies":[{"embeddable":true,"href":"https:\/\/www.aarquiteta.com.br\/blog\/wp-json\/wp\/v2\/comments?post=142770"}],"version-history":[{"count":0,"href":"https:\/\/www.aarquiteta.com.br\/blog\/wp-json\/wp\/v2\/posts\/142770\/revisions"}],"wp:featuredmedia":[{"embeddable":true,"href":"https:\/\/www.aarquiteta.com.br\/blog\/wp-json\/wp\/v2\/media\/142771"}],"wp:attachment":[{"href":"https:\/\/www.aarquiteta.com.br\/blog\/wp-json\/wp\/v2\/media?parent=142770"}],"wp:term":[{"taxonomy":"category","embeddable":true,"href":"https:\/\/www.aarquiteta.com.br\/blog\/wp-json\/wp\/v2\/categories?post=142770"},{"taxonomy":"post_tag","embeddable":true,"href":"https:\/\/www.aarquiteta.com.br\/blog\/wp-json\/wp\/v2\/tags?post=142770"}],"curies":[{"name":"wp","href":"https:\/\/api.w.org\/{rel}","templated":true}]}}