{"id":142758,"date":"2025-02-05T12:30:58","date_gmt":"2025-02-05T15:30:58","guid":{"rendered":"https:\/\/www.aarquiteta.com.br\/blog\/?p=142758"},"modified":"2025-02-05T09:18:09","modified_gmt":"2025-02-05T12:18:09","slug":"transformando-o-banheiro-da-suite-da-patricia-uma-reforma-elegante-com-solucoes-personalizadas","status":"publish","type":"post","link":"https:\/\/www.aarquiteta.com.br\/blog\/transformando-o-banheiro-da-suite-da-patricia-uma-reforma-elegante-com-solucoes-personalizadas\/","title":{"rendered":"Transformando o Banheiro da Su\u00edte da Patr\u00edcia: Uma Reforma Elegante com Solu\u00e7\u00f5es Personalizadas"},"content":{"rendered":"<p>Reformar um <a href=\"https:\/\/www.aarquiteta.com.br\/blog\/?s=BANHEIRO\">banheiro<\/a> n\u00e3o \u00e9 apenas uma quest\u00e3o de funcionalidade, mas tamb\u00e9m uma oportunidade de transformar um espa\u00e7o essencial em um ambiente que reflita sofistica\u00e7\u00e3o e estilo.<\/p><p>Neste projeto, estamos ajudando a cliente Patr\u00edcia a renovar completamente o banheiro da sua su\u00edte, criando um espa\u00e7o moderno, funcional e que esteja em harmonia com seu <a href=\"https:\/\/www.aarquiteta.com.br\/blog\/?s=PISO\">piso<\/a> cinza nevado acetinado.<\/p><p>Com foco na escolha certa de revestimentos e na personaliza\u00e7\u00e3o do design, nosso objetivo \u00e9 entregar uma solu\u00e7\u00e3o que atenda \u00e0s suas necessidades e supere suas expectativas.<\/p><h3><strong>Como \u00e9 o banheiro antes da proposta<\/strong><\/h3><p><img decoding=\"async\" class=\"aligncenter size-full wp-image-50533\" src=\"https:\/\/www.aarquiteta.com.br\/blog\/wp-content\/uploads\/2025\/02\/WhatsApp-Image-2025-01-30-at-19.04.58.jpg\" alt=\"\" width=\"541\" height=\"1200\" title=\"\"><\/p><p>Antes da <a href=\"https:\/\/www.aarquiteta.com.br\/blog\/cursos-de-arquitetura-e-decoracao\/curso-de-gerenciamento-de-obras\">reforma<\/a>, o banheiro da su\u00edte da Patr\u00edcia apresentava um visual simples e funcional, mas com elementos que j\u00e1 estavam ultrapassados e n\u00e3o refletiam o estilo moderno que ela desejava.<\/p><p>As <a href=\"https:\/\/www.aarquiteta.com.br\/blog\/?s=PAREDE\">paredes<\/a> eram revestidas com azulejos claros, por\u00e9m sem uma identidade marcante, e acess\u00f3rios como espelhos e suportes met\u00e1licos estavam desalinhados com a proposta de um design mais sofisticado.<\/p><p>O piso acetinado em tom cinza nevado era um dos destaques do espa\u00e7o, trazendo um toque contempor\u00e2neo, mas ele estava ofuscado pela falta de harmonia nos revestimentos das paredes e pela aus\u00eancia de um ponto focal que valorizasse o ambiente. Al\u00e9m disso, a <a href=\"https:\/\/www.aarquiteta.com.br\/blog\/?s=ILUMINA%C3%87%C3%83O\">ilumina\u00e7\u00e3o<\/a> n\u00e3o era planejada para destacar os detalhes ou criar uma atmosfera aconchegante, deixando o banheiro com um aspecto frio e pouco convidativo.<\/p><h3><strong>1. O Piso Cinza Nevado: A Base para o Projeto<\/strong><\/h3><p><img decoding=\"async\" class=\"aligncenter size-full wp-image-50534\" src=\"https:\/\/www.aarquiteta.com.br\/blog\/wp-content\/uploads\/2025\/02\/modulo2121_httpss.mj_.runCD4R6JZ9KUs_A_sophisticated_and_moder_036fa956-28c2-4299-9003-10ceec346aed_1.jpg\" alt=\"\" width=\"800\" height=\"1200\" title=\"\"><\/p><p>O piso acetinado em tom cinza nevado, j\u00e1 existente no banheiro da Patr\u00edcia, \u00e9 a base perfeita para o novo design. Seu acabamento fosco evita reflexos e proporciona um visual suave e moderno, ideal para ambientes de banho.<\/p><p>Essa escolha neutra permite flexibilidade no design, criando oportunidades para explorar revestimentos e acess\u00f3rios que complementem essa tonalidade.<\/p><h4><strong>Por que manter o piso acetinado?<\/strong><\/h4><ul><li><strong>Estilo contempor\u00e2neo:<\/strong> O tom cinza traz uma est\u00e9tica moderna, que combina bem com materiais marmorizados e detalhes met\u00e1licos.<\/li><li><strong>Praticidade:<\/strong> O acabamento fosco \u00e9 resistente e f\u00e1cil de limpar, ideal para o dia a dia.<\/li><li><strong>Versatilidade:<\/strong> Permite harmonizar cores neutras e criar um espa\u00e7o visualmente equilibrado.<\/li><\/ul><hr \/><h3><strong>2. O Novo Visual das Paredes<\/strong><\/h3><p><img decoding=\"async\" class=\"aligncenter size-full wp-image-50535\" src=\"https:\/\/www.aarquiteta.com.br\/blog\/wp-content\/uploads\/2025\/02\/modulo2121_httpss.mj_.runCD4R6JZ9KUs_httpss.mj_.run6Q1PMGx_dsk__b59c1150-86b7-479e-93b4-a0da4166dd18_1.jpg\" alt=\"\" width=\"800\" height=\"1200\" title=\"\"><\/p><p>Com o piso definido como base, o foco agora est\u00e1 em renovar as paredes para destacar o espa\u00e7o e valorizar os detalhes do ambiente.<\/p><h4><strong>Parede do Fundo (\u00c1rea do Box)<\/strong><\/h4><p>A parede do fundo ser\u00e1 o grande ponto focal do banheiro. A sugest\u00e3o para a Patr\u00edcia \u00e9 aplicar um revestimento marmorizado em tom de cinza claro, com veios brancos sutis. Esse material adiciona sofistica\u00e7\u00e3o ao espa\u00e7o e cria um contraste elegante com o piso.<\/p><ul><li><strong>Material:<\/strong> Porcelanato marmorizado cinza acetinado.<\/li><li><strong>Formato:<\/strong> Placas grandes (60x120cm ou 80x80cm) para reduzir juntas e dar um ar mais clean.<\/li><li><strong>Funcionalidade:<\/strong> Al\u00e9m de ser f\u00e1cil de limpar, o porcelanato marmorizado \u00e9 dur\u00e1vel e resistente \u00e0 umidade.<\/li><\/ul><h4><strong>Paredes Laterais<\/strong><\/h4><p><img decoding=\"async\" class=\"aligncenter size-full wp-image-50536\" src=\"https:\/\/www.aarquiteta.com.br\/blog\/wp-content\/uploads\/2025\/02\/modulo2121_A_sophisticated_and_modern_bathroom_design_with_a__1c06f845-63f6-409c-8ac4-6223670738ac_3.jpg\" alt=\"\" width=\"673\" height=\"1200\" title=\"\"><\/p><p>As paredes laterais receber\u00e3o um revestimento branco liso, criando um equil\u00edbrio visual com o marmorizado e ampliando o ambiente.<\/p><ul><li><strong>Material:<\/strong> Porcelanato branco fosco ou acetinado.<\/li><li><strong>Benef\u00edcios:<\/strong> Amplia a luz natural do espa\u00e7o e proporciona uma sensa\u00e7\u00e3o de limpeza.<\/li><li><strong>Estilo:<\/strong> Minimalista, refor\u00e7ando a eleg\u00e2ncia e a funcionalidade.<\/li><\/ul><h4><strong>Detalhes Adicionais nas Paredes<\/strong><\/h4><ul><li><strong>Nicho Embutido:<\/strong> Adicionar um nicho na parede do box, revestido com o mesmo porcelanato marmorizado, \u00e9 uma solu\u00e7\u00e3o pr\u00e1tica e est\u00e9tica para organizar produtos de banho.<\/li><li><strong>Rodap\u00e9 Revestido:<\/strong> Para uniformidade, as paredes ter\u00e3o um rodap\u00e9 discreto no mesmo material do piso.<\/li><\/ul><hr \/><h3><strong>3. Ilumina\u00e7\u00e3o: Real\u00e7ando o Design<\/strong><\/h3><p><img decoding=\"async\" class=\"aligncenter size-full wp-image-50539\" src=\"https:\/\/www.aarquiteta.com.br\/blog\/wp-content\/uploads\/2025\/02\/modulo2121_httpss.mj_.runCD4R6JZ9KUs_httpss.mj_.run6Q1PMGx_dsk__b59c1150-86b7-479e-93b4-a0da4166dd18_1-1.jpg\" alt=\"\" width=\"800\" height=\"1200\" title=\"\"><\/p><p>A ilumina\u00e7\u00e3o \u00e9 essencial para criar uma atmosfera aconchegante e destacar os acabamentos escolhidos.<\/p><h4><strong>Solu\u00e7\u00f5es para o Banheiro da Patr\u00edcia<\/strong><\/h4><ul><li><strong>Spots de LED:<\/strong> Luzes embutidas no teto, estrategicamente posicionadas, garantem uma ilumina\u00e7\u00e3o uniforme.<\/li><li><strong>Fita de LED:<\/strong> Uma fita de LED atr\u00e1s do espelho adiciona um toque moderno e sofisticado.<\/li><li><strong>Tonalidade:<\/strong> Luz branca quente (3000K a 4000K) para uma ilumina\u00e7\u00e3o aconchegante, que real\u00e7a o revestimento marmorizado e os detalhes do ambiente.<\/li><\/ul><hr \/><h3><strong>4. Acess\u00f3rios e Metais<\/strong><\/h3><p><img decoding=\"async\" class=\"aligncenter size-full wp-image-50538\" src=\"https:\/\/www.aarquiteta.com.br\/blog\/wp-content\/uploads\/2025\/02\/modulo2121_httpss.mj_.runCD4R6JZ9KUs_httpss.mj_.run6Q1PMGx_dsk__b59c1150-86b7-479e-93b4-a0da4166dd18_2.jpg\" alt=\"\" width=\"800\" height=\"1200\" title=\"\"><\/p><p>Os acess\u00f3rios e metais escolhidos para o banheiro da Patr\u00edcia complementam o estilo moderno e funcional.<\/p><ul><li><strong>Metais:<\/strong> Torneiras, chuveiro e suportes em acabamento cromado ou preto fosco, dependendo do contraste desejado.<\/li><li><strong>Espelho:<\/strong> Um espelho grande, com bordas iluminadas por LED, ser\u00e1 instalado acima da pia, ampliando o espa\u00e7o visualmente.<\/li><li><strong>Porta do Box:<\/strong> Vidro temperado transparente com ferragens cromadas, para um visual clean.<\/li><\/ul><hr \/><h3><strong>5. Toques Finais para Personaliza\u00e7\u00e3o<\/strong><\/h3><p><img decoding=\"async\" class=\"aligncenter size-full wp-image-50540\" src=\"https:\/\/www.aarquiteta.com.br\/blog\/wp-content\/uploads\/2025\/02\/modulo2121_httpss.mj_.run6Q1PMGx_dsk_httpss.mj_.runiPwrcMochIQ__c9327776-c4a8-4778-8a0c-6156aa17f8d0_3.jpg\" alt=\"\" width=\"800\" height=\"1200\" title=\"\"><\/p><p>Para tornar o espa\u00e7o mais acolhedor e refletir o estilo da Patr\u00edcia, adicionaremos detalhes decorativos sutis:<\/p><ul><li><strong>Plantinhas em Vaso:<\/strong> Pequenos vasos com plantas resistentes \u00e0 umidade, como samambaias ou jiboias, podem ser posicionados em um canto estrat\u00e9gico.<\/li><li><strong>Aromatizadores:<\/strong> Velas arom\u00e1ticas ou difusores em tons neutros, para complementar o ambiente.<\/li><li><strong>Tapete para o Box:<\/strong> Um tapete em algod\u00e3o ou material antiderrapante, em tons de cinza ou branco, finaliza o espa\u00e7o com conforto.<\/li><\/ul><hr \/><h3><strong>Conclus\u00e3o<\/strong><\/h3><p><img decoding=\"async\" class=\"aligncenter size-full wp-image-50542\" src=\"https:\/\/www.aarquiteta.com.br\/blog\/wp-content\/uploads\/2025\/02\/modulo2121_httpss.mj_.run6Q1PMGx_dsk_httpss.mj_.runiPwrcMochIQ__1296be29-2897-46c8-a6ab-c0f461005ecd_0.jpg\" alt=\"\" width=\"1200\" height=\"948\" title=\"\"><\/p><p>A renova\u00e7\u00e3o do banheiro da su\u00edte da Patr\u00edcia \u00e9 uma oportunidade de criar um ambiente sofisticado e funcional. Com o piso cinza nevado como base e a escolha de revestimentos marmorizados e brancos, o espa\u00e7o ganhar\u00e1 um visual moderno e harmonioso. A ilumina\u00e7\u00e3o bem planejada e os acess\u00f3rios de qualidade complementam o design, garantindo um resultado que une est\u00e9tica e praticidade.<\/p><p>Patr\u00edcia, com essas solu\u00e7\u00f5es, seu banheiro ser\u00e1 transformado em um ref\u00fagio elegante e acolhedor, perfeito para atender \u00e0s suas necessidades e refletir seu bom gosto.<\/p><div class=\"td_block_wrap tdb_title tdi_41 tdb-category-title td-pb-border-top td_block_template_1\" data-td-block-uid=\"tdi_41\"><div class=\"tdb-block-inner td-fix-index\"><span style=\"color: var(--td_text_color, #111111); font-family: var(--td_default_google_font_2, 'Roboto', sans-serif); font-size: 32px;\">Sugest\u00f5es de Projetos para clientes<\/span><\/div><\/div><div class=\"td_block_wrap tdb_category_description tdi_42 td-pb-border-top td_block_template_1 tdb-post-meta\" data-td-block-uid=\"tdi_42\"><div class=\"tdb-block-inner td-fix-index tagdiv-type\"><div class=\"td_block_wrap tdb_title tdi_41 tdb-category-title td-pb-border-top td_block_template_1\" data-td-block-uid=\"tdi_41\"><div class=\"tdb-block-inner td-fix-index\"><div><\/div><\/div><\/div><div class=\"td_block_wrap tdb_category_description tdi_42 td-pb-border-top td_block_template_1 tdb-post-meta\" data-td-block-uid=\"tdi_42\"><div class=\"tdb-block-inner td-fix-index tagdiv-type\"><p><span class=\"selectable-text copyable-text false\">Ol\u00e1!\u00a0<\/span><span class=\"x19la9d6 x1fc57z9 x6ikm8r x10wlt62 x19co3pv x1g5zs5t xfibh0p xiy17q3 x1xsqp64 x1lkfr7t xexx8yu x4uap5 x18d9i69 xkhd6sd\"><span class=\"xrtxmta x1bhl96m\">\ud83d\ude0a<\/span><\/span><span class=\"selectable-text copyable-text false\">\u00a0<\/span><\/p><h3><em><strong>O que \u00e9 um projeto inspira\u00e7\u00e3o?<\/strong><\/em><\/h3><p>Um projeto inspira\u00e7\u00e3o funciona como um \u201cguia visual\u201d que re\u00fane ideias de cores, acabamentos, texturas e at\u00e9 sugest\u00f5es de m\u00f3veis e objetos decorativos.<\/p><p>Diferentemente de um projeto executivo (que traz medidas e detalhes construtivos precisos), o projeto inspira\u00e7\u00e3o n\u00e3o se prende \u00e0 exatid\u00e3o de plantas ou disposi\u00e7\u00e3o de portas e janelas.<\/p><p>Seu objetivo principal \u00e9 ajudar voc\u00ea a visualizar estilos, combina\u00e7\u00f5es de materiais e a atmosfera que se deseja criar no ambiente.<\/p><p>A partir dele, podemos adaptar e ajustar tudo \u00e0 realidade do seu espa\u00e7o, definindo exatamente como ficar\u00e1 cada elemento quando partirmos para o projeto definitivo.<\/p><h3><em><strong>Aceitamos ideias para \u00e1reas residenciais e comerciais.<\/strong><\/em><\/h3><p><span class=\"selectable-text copyable-text false\">\u00c9 importante que voc\u00ea inclua o m\u00e1ximo de detalhes poss\u00edveis para podermos compreender suas necessidades e oferecer a melhor solu\u00e7\u00e3o.<\/span><\/p><h3><span class=\"selectable-text copyable-text false\">Dados Necess\u00e1rios:<\/span><\/h3><p><span class=\"selectable-text copyable-text false\"><strong>Informa\u00e7\u00f5es Pessoais:<\/strong>\u00a0Nome completo. Telefone de contato.<\/span><\/p><p><span class=\"selectable-text copyable-text false\"><strong>Descri\u00e7\u00e3o do Projeto:<\/strong>\u00a0Tipo de projeto (reforma, decora\u00e7\u00e3o, design de interiores, projeto arquitet\u00f4nico, etc.).<\/span><\/p><p><span class=\"selectable-text copyable-text false\"><strong>Descri\u00e7\u00e3o do que voc\u00ea deseja fazer:<\/strong>\u00a0(ex.: renova\u00e7\u00e3o de um ambiente espec\u00edfico, mudan\u00e7a de layout, escolha de materiais, etc.).<\/span><\/p><p><span class=\"selectable-text copyable-text false\"><strong>Local do Projeto:<\/strong>\u00a0Tipo de im\u00f3vel (casa, apartamento, escrit\u00f3rio, loja, etc.).<\/span><\/p><p><span class=\"selectable-text copyable-text false\"><strong>Dimens\u00f5es e Fotos:<\/strong>\u00a0\u00c1rea aproximada do espa\u00e7o (em metros quadrados). e X de comprimento por y de largura.<\/span><\/p><p><strong><span class=\"selectable-text copyable-text false\">Fotos do ambiente atual.<\/span><\/strong><\/p><p><span class=\"selectable-text copyable-text false\">Aguardo seu \u00e1udio explicando o projeto, fotos e o tamanho do local. E estou \u00e0 disposi\u00e7\u00e3o para tirar d\u00favidas e ajudar a transformar seu projeto em realidade!<\/span><\/p><h3><strong>Valores:<\/strong><\/h3><h3><strong>\u00c1reas internas: R$ 280,00 \u201cpor comodo\u201d\u00a0<\/strong><\/h3><h3><strong>\u00c1reas externas: R$ 450,00 \u201cpor \u00e1rea\u201d.\u00a0<\/strong><\/h3><p><span class=\"x19la9d6 x1fc57z9 x6ikm8r x10wlt62 x19co3pv x1g5zs5t xfibh0p xiy17q3 x1xsqp64 x1lkfr7t xexx8yu x4uap5 x18d9i69 xkhd6sd\"><span class=\"xrtxmta x1bhl96m\">\u2728<\/span><\/span><span class=\"selectable-text copyable-text false\"> Atenciosamente, Luciana Paix\u00e3o A Arquiteta \u2013 Transformando espa\u00e7os, inspirando vidas.<\/span><\/p><\/div><\/div><\/div><\/div><p>&nbsp;<\/p>","protected":false},"excerpt":{"rendered":"<p>Reformar um banheiro n\u00e3o \u00e9 apenas uma quest\u00e3o de funcionalidade, mas tamb\u00e9m uma oportunidade de transformar um espa\u00e7o essencial em um ambiente que reflita sofistica\u00e7\u00e3o e estilo.Neste projeto, estamos ajudando a cliente Patr\u00edcia a renovar completamente o banheiro da sua su\u00edte, criando um espa\u00e7o moderno, funcional e que esteja em harmonia com seu piso cinza [&hellip;]<\/p>\n","protected":false},"author":102,"featured_media":142759,"comment_status":"closed","ping_status":"closed","sticky":false,"template":"","format":"standard","meta":{"footnotes":""},"categories":[1484,971,35522],"tags":[],"class_list":["post-142758","post","type-post","status-publish","format-standard","has-post-thumbnail","category-decoracao","category-design-de-interiores","category-sugestoes-de-projetos-para-clientes"],"_wp_attached_file":null,"_wp_attachment_metadata":null,"_wp_attachment_context":null,"_wp_attachment_is_custom_header":null,"geo_longitude":null,"geo_public":null,"geo_latitude":null,"_publicize_done_external":null,"_wpas_done_3897181":null,"publicize_twitter_user":null,"_wpas_done_3897175":null,"_wpas_skip_3897181":null,"_wpas_skip_3897175":null,"_wpas_skip_3924723":null,"_wpas_mess":null,"_wpas_done_3924723":null,"wps_subtitle":"","_links":{"self":[{"href":"https:\/\/www.aarquiteta.com.br\/blog\/wp-json\/wp\/v2\/posts\/142758","targetHints":{"allow":["GET"]}}],"collection":[{"href":"https:\/\/www.aarquiteta.com.br\/blog\/wp-json\/wp\/v2\/posts"}],"about":[{"href":"https:\/\/www.aarquiteta.com.br\/blog\/wp-json\/wp\/v2\/types\/post"}],"author":[{"embeddable":true,"href":"https:\/\/www.aarquiteta.com.br\/blog\/wp-json\/wp\/v2\/users\/102"}],"replies":[{"embeddable":true,"href":"https:\/\/www.aarquiteta.com.br\/blog\/wp-json\/wp\/v2\/comments?post=142758"}],"version-history":[{"count":0,"href":"https:\/\/www.aarquiteta.com.br\/blog\/wp-json\/wp\/v2\/posts\/142758\/revisions"}],"wp:featuredmedia":[{"embeddable":true,"href":"https:\/\/www.aarquiteta.com.br\/blog\/wp-json\/wp\/v2\/media\/142759"}],"wp:attachment":[{"href":"https:\/\/www.aarquiteta.com.br\/blog\/wp-json\/wp\/v2\/media?parent=142758"}],"wp:term":[{"taxonomy":"category","embeddable":true,"href":"https:\/\/www.aarquiteta.com.br\/blog\/wp-json\/wp\/v2\/categories?post=142758"},{"taxonomy":"post_tag","embeddable":true,"href":"https:\/\/www.aarquiteta.com.br\/blog\/wp-json\/wp\/v2\/tags?post=142758"}],"curies":[{"name":"wp","href":"https:\/\/api.w.org\/{rel}","templated":true}]}}