{"id":142698,"date":"2025-02-03T18:46:21","date_gmt":"2025-02-03T21:46:21","guid":{"rendered":"https:\/\/www.aarquiteta.com.br\/blog\/bancada-de-madeira\/"},"modified":"2025-02-03T18:46:21","modified_gmt":"2025-02-03T21:46:21","slug":"bancada-de-madeira","status":"publish","type":"post","link":"https:\/\/www.aarquiteta.com.br\/blog\/bancada-de-madeira\/","title":{"rendered":"Bancadas de Madeira: Funcionalidade e Estilo para seu Ambiente 10"},"content":{"rendered":"<p><body><\/p>\n<p>A <b>bancada de madeira<\/b> \u00e9 uma verdadeira joia na decora\u00e7\u00e3o, trazendo beleza e funcionalidade para ambientes diversos. Na cozinha, banheiro ou at\u00e9 na \u00e1rea gourmet, ela se adapta e transforma cada espa\u00e7o, oferecendo um toque aconchegante e sofisticado que merece ser explorado.<\/p>\n<h2>Introdu\u00e7\u00e3o<\/h2>\n<p>Neste artigo, vou te guiar por tudo o que voc\u00ea precisa saber sobre <b>bancadas de madeira<\/b>. Desde os estilos e usos at\u00e9 combina\u00e7\u00f5es e dicas de sustentabilidade, vamos juntos entender como esse m\u00f3vel pode se tornar o cora\u00e7\u00e3o de qualquer ambiente.<\/p>\n<h2>1. Estilos de Bancadas de Madeira<\/h2>\n<p>As bancadas de madeira aparecem em diversas op\u00e7\u00f5es que se adequam a diferentes estilos de interiores. Vamos explorar algumas delas:<\/p>\n<h3>1.1 R\u00fasticas<\/h3>\n<figure style=\"width: 1024px\" class=\"wp-caption aligncenter\"><img decoding=\"async\" src=\"https:\/\/www.aarquiteta.com.br\/blog\/wp-content\/uploads\/2025\/02\/bancada-de-madeira-5-730x730.jpg\" alt=\"Foto: Reprodu\u00e7\u00e3o \/ Cia Decore\" title=\"\"><figcaption class=\"wp-caption-text\">Foto: Reprodu\u00e7\u00e3o \/ Cia Decore<\/figcaption><\/figure>\n<p>As barreiras de madeira <b>r\u00fasticas<\/b> trazem um charme do campo para dentro de casa. Com sua textura natural e acabamentos mais simples, elas s\u00e3o ideais para quem quer aconchego e um toque de natureza.<\/p>\n<h3>1.2 Modernas<\/h3>\n<figure style=\"width: 1024px\" class=\"wp-caption aligncenter\"><img decoding=\"async\" src=\"https:\/\/www.aarquiteta.com.br\/blog\/wp-content\/uploads\/2025\/02\/bancada-de-madeira01.jpg\" alt=\"Bancadas de Madeira: Funcionalidade e Estilo para seu Ambiente\" width=\"1024\" height=\"1024\" title=\"\"><figcaption class=\"wp-caption-text\">Bancadas de Madeira: Funcionalidade e Estilo para seu Ambiente<\/figcaption><\/figure>\n<p>As bancadas <b>modernas<\/b>, por outro lado, abusam de linhas retas e minimalistas. Elas s\u00e3o perfeitas para quem busca um design clean e contempor\u00e2neo, podendo ser combinadas com outros materiais como vidro e metal.<\/p>\n<h3>1.3 Cl\u00e1ssicas<\/h3>\n<figure style=\"width: 1024px\" class=\"wp-caption aligncenter\"><img decoding=\"async\" src=\"https:\/\/www.aarquiteta.com.br\/blog\/wp-content\/uploads\/2025\/02\/bancada-de-madeira-0.jpg\" alt=\"Foto: Reprodu\u00e7\u00e3o \/ Simone Duarte\" title=\"\"><figcaption class=\"wp-caption-text\">Foto: Reprodu\u00e7\u00e3o \/ Simone Duarte<\/figcaption><\/figure>\n<p>As bancadas <b>cl\u00e1ssicas<\/b> oferecem um ar de sofistica\u00e7\u00e3o, com acabamentos elaborados e madeiras nobres. Esse estilo \u00e9 ideal para quem deseja uma decora\u00e7\u00e3o mais formal e atemporal.<\/p>\n<h2>2. Uso na Cozinha<\/h2>\n<p>A cozinha \u00e9 um dos ambientes que mais se beneficiam da presen\u00e7a de bancadas de madeira. Vamos ver algumas vantagens:<\/p>\n<h3>2.1 Integra\u00e7\u00e3o com Espa\u00e7os<\/h3>\n<figure style=\"width: 1024px\" class=\"wp-caption aligncenter\"><img decoding=\"async\" src=\"https:\/\/www.aarquiteta.com.br\/blog\/wp-content\/uploads\/2025\/02\/bancada-de-madeira02.jpg\" alt=\"Bancadas de Madeira: Funcionalidade e Estilo para seu Ambiente\" width=\"1024\" height=\"1024\" title=\"\"><figcaption class=\"wp-caption-text\">Bancadas de Madeira: Funcionalidade e Estilo para seu Ambiente<\/figcaption><\/figure>\n<p>Uma bancada de madeira pode ajudar a <b>integrar<\/b> a cozinha com outros ambientes, como a sala de jantar. Uma ilha central, por exemplo, pode servir como um ponto de intera\u00e7\u00e3o durante as refei\u00e7\u00f5es.<\/p>\n<h3>2.2 Bancadas para Refei\u00e7\u00f5es R\u00e1pidas<\/h3>\n<figure style=\"width: 1024px\" class=\"wp-caption aligncenter\"><img decoding=\"async\" src=\"https:\/\/www.aarquiteta.com.br\/blog\/wp-content\/uploads\/2025\/02\/bancada-de-madeira-1-730x908.jpg\" alt=\"Foto: Reprodu\u00e7\u00e3o \/ Camila Ferreira\" title=\"\"><figcaption class=\"wp-caption-text\">Foto: Reprodu\u00e7\u00e3o \/ Camila Ferreira<\/figcaption><\/figure>\n<p>O uso de <b>bancadas<\/b> para refei\u00e7\u00f5es r\u00e1pidas tem se tornado cada vez mais comum. Bancadas estreitas, com bancos ou banquetas, s\u00e3o pr\u00e1ticas e econ\u00f4micas, permitindo que a cozinha cumpra seu papel funcional.<\/p>\n<h2>3. Funcionalidade em Ambientes Pequenos<\/h2>\n<p>Em pequenos espa\u00e7os, a escolha correta da bancada pode fazer toda a diferen\u00e7a:<\/p>\n<h3>3.1 Otimiza\u00e7\u00e3o de Espa\u00e7o<\/h3>\n<figure style=\"width: 1024px\" class=\"wp-caption aligncenter\"><img decoding=\"async\" src=\"https:\/\/www.aarquiteta.com.br\/blog\/wp-content\/uploads\/2025\/02\/bancada-de-madeira03.jpg\" alt=\"Bancadas de Madeira: Funcionalidade e Estilo para seu Ambiente\" width=\"1024\" height=\"1024\" title=\"\"><figcaption class=\"wp-caption-text\">Bancadas de Madeira: Funcionalidade e Estilo para seu Ambiente<\/figcaption><\/figure>\n<p>Uma bancada de madeira pode ser planejada para <b>otimizar<\/b> cada metro quadrado. M\u00f3veis com compartimentos embutidos ajudam a manter a organiza\u00e7\u00e3o sem abrir m\u00e3o do estilo.<\/p>\n<h3>3.2 M\u00f3veis Sob Medida<\/h3>\n<figure style=\"width: 1024px\" class=\"wp-caption aligncenter\"><img decoding=\"async\" src=\"https:\/\/www.aarquiteta.com.br\/blog\/wp-content\/uploads\/2025\/02\/bancada-de-madeira-2-730x913.jpg\" alt=\"Foto: Reprodu\u00e7\u00e3o \/ Lelalo\" title=\"\"><figcaption class=\"wp-caption-text\">Foto: Reprodu\u00e7\u00e3o \/ Lelalo<\/figcaption><\/figure>\n<p>A cria\u00e7\u00e3o de <b>m\u00f3veis sob medida<\/b> garante que cada canto do espa\u00e7o seja utilizado de forma inteligente. Isso \u00e9 especialmente \u00fatil em apartamentos menores, onde cada detalhe conta.<\/p>\n<h2>4. Bancadas em \u00c1reas Gourmet<\/h2>\n<p>As \u00e1reas gourmet est\u00e3o em alta e uma boa bancada de madeira pode ser o destaque:<\/p>\n<h3>4.1 Combina\u00e7\u00e3o de Estilos<\/h3>\n<figure style=\"width: 1024px\" class=\"wp-caption aligncenter\"><img decoding=\"async\" src=\"https:\/\/www.aarquiteta.com.br\/blog\/wp-content\/uploads\/2025\/02\/bancada-de-madeira4.jpg\" alt=\"Bancadas de Madeira: Funcionalidade e Estilo para seu Ambiente\" width=\"1024\" height=\"1024\" title=\"\"><figcaption class=\"wp-caption-text\">Bancadas de Madeira: Funcionalidade e Estilo para seu Ambiente<\/figcaption><\/figure>\n<p>Uma bancada pode <b>harmonizar<\/b> diferentes estilos, unindo madeira, metal e pedras. Isso cria um espa\u00e7o divertido e convidativo para as reuni\u00f5es familiares e com amigos.<\/p>\n<h3>4.2 Conforto e Praticidade<\/h3>\n<figure style=\"width: 1024px\" class=\"wp-caption aligncenter\"><img decoding=\"async\" src=\"https:\/\/www.aarquiteta.com.br\/blog\/wp-content\/uploads\/2025\/02\/bancada-de-madeira-3-730x913.jpg\" alt=\"Foto: Reprodu\u00e7\u00e3o \/ Apartamento 704\" title=\"\"><figcaption class=\"wp-caption-text\">Foto: Reprodu\u00e7\u00e3o \/ Apartamento 704<\/figcaption><\/figure>\n<p>Al\u00e9m da est\u00e9tica, a praticidade \u00e9 fundamental. Uma boa bancada gourmet deve oferecer <b>conforto<\/b> para quem cozinha e tamb\u00e9m para quem se re\u00fane \u00e0 mesa.<\/p>\n<h2>5. Reaproveitamento de Materiais<\/h2>\n<p>O uso respons\u00e1vel de materiais se tornou essencial nos dias de hoje:<\/p>\n<h3>5.1 Madeira de Demoli\u00e7\u00e3o<\/h3>\n<h3>Para se aprofundar mais sobre o tema, veja a minha recomenda\u00e7\u00e3o sobre o tema deste artigo no v\u00eddeo a seguir abaixo:<\/h3>\n<p><iframe title=\"YouTube video player\" src=\"https:\/\/www.youtube.com\/embed\/3rsFzaCARbQ\" width=\"560\" height=\"315\" frameborder=\"0\" allowfullscreen=\"allowfullscreen\"><\/iframe><\/p>\n<p>A <b>madeira de demoli\u00e7\u00e3o<\/b> \u00e9 uma escolha sustent\u00e1vel que traz um toque \u00fanico. Cada pe\u00e7a carrega hist\u00f3rias e caracter\u00edsticas que a tornam especial.<\/p>\n<h3>5.2 Materiais Sustent\u00e1veis<\/h3>\n<figure style=\"width: 1024px\" class=\"wp-caption aligncenter\"><img decoding=\"async\" src=\"https:\/\/www.aarquiteta.com.br\/blog\/wp-content\/uploads\/2025\/02\/bancada-de-madeira-4-730x913.jpg\" alt=\"Foto: Reprodu\u00e7\u00e3o \/ OficinaTRio Arquitetura\" title=\"\"><figcaption class=\"wp-caption-text\">Foto: Reprodu\u00e7\u00e3o \/ OficinaTRio Arquitetura<\/figcaption><\/figure>\n<p>Optar por <b>materiais sustent\u00e1veis<\/b> foi al\u00e9m de uma tend\u00eancia; \u00e9 uma necessidade. A utiliza\u00e7\u00e3o de madeiras com certifica\u00e7\u00e3o \u00e9 um exemplo de como podemos decorar com consci\u00eancia.<\/p>\n<h2>6. Combina\u00e7\u00f5es de Cores e Texturas<\/h2>\n<p>As cores e texturas que envolvem as bancadas podem definir todo o ambiente:<\/p>\n<h3>6.1 Madeira e Branco<\/h3>\n<p>A combina\u00e7\u00e3o de <b>madeira<\/b> com branco \u00e9 sempre uma boa escolha. Ela traz leveza e eleg\u00e2ncia, combinando com diversos estilos decorativos.<\/p>\n<h3>6.2 Elementos Decorativos<\/h3>\n<p>Adicionar elementos decorativos, como <b>plantas<\/b> e utens\u00edlios, pode real\u00e7ar ainda mais a beleza da bancada, criando um ambiente alegre e acolhedor.<\/p>\n<h2>Conclus\u00e3o<\/h2>\n<p>Investir em bancadas de madeira \u00e9 uma decis\u00e3o acertada para quem busca <b>estilo<\/b> e funcionalidade em qualquer ambiente da casa. Com diversas op\u00e7\u00f5es, \u00e9 poss\u00edvel garantir uma decora\u00e7\u00e3o ao mesmo tempo \u00fanica e aconchegante. Cada escolha deve refletir o seu estilo e proporcionar uma experi\u00eancia agrad\u00e1vel para todos que utilizam o espa\u00e7o.<\/p>\n<p><\/body><\/p>\n","protected":false},"excerpt":{"rendered":"<p>Explore as 30 inspira\u00e7\u00f5es de bancadas de madeira, unindo estilo e funcionalidade para diversos ambientes da sua casa.<\/p>\n","protected":false},"author":102,"featured_media":142691,"comment_status":"closed","ping_status":"closed","sticky":false,"template":"","format":"standard","meta":{"footnotes":""},"categories":[1484],"tags":[],"class_list":["post-142698","post","type-post","status-publish","format-standard","has-post-thumbnail","category-decoracao"],"_wp_attached_file":null,"_wp_attachment_metadata":null,"_wp_attachment_context":null,"_wp_attachment_is_custom_header":null,"geo_longitude":null,"geo_public":null,"geo_latitude":null,"_publicize_done_external":null,"_wpas_done_3897181":null,"publicize_twitter_user":null,"_wpas_done_3897175":null,"_wpas_skip_3897181":null,"_wpas_skip_3897175":null,"_wpas_skip_3924723":null,"_wpas_mess":null,"_wpas_done_3924723":null,"wps_subtitle":"","_links":{"self":[{"href":"https:\/\/www.aarquiteta.com.br\/blog\/wp-json\/wp\/v2\/posts\/142698","targetHints":{"allow":["GET"]}}],"collection":[{"href":"https:\/\/www.aarquiteta.com.br\/blog\/wp-json\/wp\/v2\/posts"}],"about":[{"href":"https:\/\/www.aarquiteta.com.br\/blog\/wp-json\/wp\/v2\/types\/post"}],"author":[{"embeddable":true,"href":"https:\/\/www.aarquiteta.com.br\/blog\/wp-json\/wp\/v2\/users\/102"}],"replies":[{"embeddable":true,"href":"https:\/\/www.aarquiteta.com.br\/blog\/wp-json\/wp\/v2\/comments?post=142698"}],"version-history":[{"count":0,"href":"https:\/\/www.aarquiteta.com.br\/blog\/wp-json\/wp\/v2\/posts\/142698\/revisions"}],"wp:featuredmedia":[{"embeddable":true,"href":"https:\/\/www.aarquiteta.com.br\/blog\/wp-json\/wp\/v2\/media\/142691"}],"wp:attachment":[{"href":"https:\/\/www.aarquiteta.com.br\/blog\/wp-json\/wp\/v2\/media?parent=142698"}],"wp:term":[{"taxonomy":"category","embeddable":true,"href":"https:\/\/www.aarquiteta.com.br\/blog\/wp-json\/wp\/v2\/categories?post=142698"},{"taxonomy":"post_tag","embeddable":true,"href":"https:\/\/www.aarquiteta.com.br\/blog\/wp-json\/wp\/v2\/tags?post=142698"}],"curies":[{"name":"wp","href":"https:\/\/api.w.org\/{rel}","templated":true}]}}