{"id":142686,"date":"2025-02-03T18:19:39","date_gmt":"2025-02-03T21:19:39","guid":{"rendered":"https:\/\/www.aarquiteta.com.br\/blog\/tons-de-cinza\/"},"modified":"2025-02-03T18:19:39","modified_gmt":"2025-02-03T21:19:39","slug":"tons-de-cinza","status":"publish","type":"post","link":"https:\/\/www.aarquiteta.com.br\/blog\/tons-de-cinza\/","title":{"rendered":"Cores neutras: como usar tons de cinza na decora\u00e7\u00e3o da sua casa com 10 dicas."},"content":{"rendered":"<p><body><\/p>\n<p>Os tons de cinza s\u00e3o uma escolha vers\u00e1til e sofisticada na decora\u00e7\u00e3o. Ao combinar essa cor neutra com diversas paletas, podemos criar ambientes \u00fanicos e acolhedores que falam diretamente ao estilo e \u00e0 personalidade de cada um de n\u00f3s.<\/p>\n<h2>Introdu\u00e7\u00e3o<\/h2>\n<p>Por serem neutros e elegantes, <b>os tons de cinza<\/b> trazem um charme especial a qualquer ambiente. Neste artigo, vou compartilhar segredos sobre como escolher e aplicar esses tons de forma criativa em diferentes espa\u00e7os da sua casa, resultando em decora\u00e7\u00f5es que s\u00e3o tanto funcionais quanto est\u00e9ticas.<\/p>\n<h2>Quais s\u00e3o os tons de cinza?<\/h2>\n<p>O universo do cinza \u00e9 vasto e repleto de <b>nuances<\/b>. Desde os mais claros at\u00e9 os mais escuros, cada um possui uma personalidade \u00fanica que pode transformar a aura do ambiente. Aqui est\u00e3o algumas varia\u00e7\u00f5es populares:<\/p>\n<ul>\n<li><b>Cinza Claro<\/b>: Ideal para dar uma sensa\u00e7\u00e3o de amplitude e leveza.<\/li>\n<li><b>Cinza M\u00e9dio<\/b>: Uma excelente ponte entre os tons claros e escuros, oferece sofistica\u00e7\u00e3o.<\/li>\n<li><b>Cinza Escuro<\/b>: Proporciona um ar de eleg\u00e2ncia e modernidade, quando bem usado.<\/li>\n<li><b>Cinza Azulado<\/b>: Uma mistura que pode trazer frescor e energia ao espa\u00e7o.<\/li>\n<li><b>Cinza Quente<\/b>: \u00d3timo para ambientes que buscam aconchego.<\/li>\n<\/ul>\n<h2>Como escolher o tom de cinza?<\/h2>\n<p>Escolher o <b>tom de cinza<\/b> ideal envolve an\u00e1lise e sensibilidade ao ambiente. Abaixo, listo algumas estrat\u00e9gias essenciais.<\/p>\n<h3>Tons de cinza na parede externa<\/h3>\n<figure style=\"width: 1024px\" class=\"wp-caption aligncenter\"><img decoding=\"async\" src=\"https:\/\/www.aarquiteta.com.br\/blog\/wp-content\/uploads\/2025\/02\/tons-de-cinza-01-730x487.jpg\" alt=\"Cadda Arquitetura\" title=\"\"><figcaption class=\"wp-caption-text\">Cadda Arquitetura<\/figcaption><\/figure>\n<p>Ao selecionar um cinza para \u00e1reas externas, \u00e9 crucial considerar a durabilidade e a resist\u00eancia aos elementos. Recomendo especialmente o uso de <b>cimento queimado<\/b> e <b>concreto aparente<\/b>, que s\u00e3o pr\u00e1ticas e possuem um toque est\u00e9tico atraente.<\/p>\n<h3>Em apartamentos<\/h3>\n<figure style=\"width: 1024px\" class=\"wp-caption aligncenter\"><img decoding=\"async\" src=\"https:\/\/www.aarquiteta.com.br\/blog\/wp-content\/uploads\/2025\/02\/tons-de-cinza01.jpg\" alt=\"Cores neutras: como usar tons de cinza na decora\u00e7\u00e3o da sua casa\" width=\"1024\" height=\"1024\" title=\"\"><figcaption class=\"wp-caption-text\">Cores neutras: como usar tons de cinza na decora\u00e7\u00e3o da sua casa<\/figcaption><\/figure>\n<p>Os apartamentos geralmente possuem <b>espa\u00e7os menores<\/b>. Por isso, usar tons de cinza mais claros na pintura das paredes pode criar uma ilus\u00e3o de maior amplitude. Essencialmente, o segredo aqui \u00e9 equilibrar o uso de tons mais escuros em m\u00f3veis ou detalhes decorativos.<\/p>\n<h3>Decorando a sala com tons de cinza<\/h3>\n<figure style=\"width: 1024px\" class=\"wp-caption aligncenter\"><img decoding=\"async\" src=\"https:\/\/www.aarquiteta.com.br\/blog\/wp-content\/uploads\/2025\/02\/tons-de-cinza-00.jpg\" alt=\"Triplex Arquitetura\" title=\"\"><figcaption class=\"wp-caption-text\">Triplex Arquitetura<\/figcaption><\/figure>\n<p>A sala \u00e9 o cora\u00e7\u00e3o da casa e precisa transmitir aconchego. Ao usar tons de cinza, a ideia \u00e9 que os m\u00f3veis maiores sejam em cores mais escuras, enquanto os acess\u00f3rios, como <b>almofadas<\/b>, podem adicionar toques de cor para quebrar a sobriedade.<\/p>\n<h3>Tons de cinza na cozinha<\/h3>\n<figure style=\"width: 1024px\" class=\"wp-caption aligncenter\"><img decoding=\"async\" src=\"https:\/\/www.aarquiteta.com.br\/blog\/wp-content\/uploads\/2025\/02\/tons-de-cinza02.jpg\" alt=\"Cores neutras: como usar tons de cinza na decora\u00e7\u00e3o da sua casa\" width=\"1024\" height=\"1024\" title=\"\"><figcaption class=\"wp-caption-text\">Cores neutras: como usar tons de cinza na decora\u00e7\u00e3o da sua casa<\/figcaption><\/figure>\n<p>Harmonizar o cinza na cozinha \u00e9 um desafio excitante. Uma tend\u00eancia \u00e9 combinar <b>cabinets<\/b> cinza com partes inferiores em cores mais vibrantes, como azul ou verde, criando um layout <b>impec\u00e1vel<\/b> e moderno.<\/p>\n<h2>Fotos inspiradoras de decora\u00e7\u00e3o em tons de cinza<\/h2>\n<p>Olhar inspira\u00e7\u00f5es visuais \u00e9 uma excelente forma de entender a aplica\u00e7\u00e3o pr\u00e1tica dos tons de cinza. Vamos conferir algumas ideias ao longo deste t\u00f3pico!<\/p>\n<h2>Conclus\u00e3o<\/h2>\n<p>Os tons de cinza oferecem uma base vers\u00e1til para a decora\u00e7\u00e3o de qualquer ambiente. Com as dicas apresentadas neste artigo, estou seguro de que voc\u00ea poder\u00e1 transformar sua casa em um espa\u00e7o elegante e aconchegante que reflete seu estilo pessoal. Ao mixar e combinar esses tons, voc\u00ea encontra a express\u00e3o perfeita para sua individualidade.<\/p>\n<p><\/body><br \/>\n<figure style=\"width: 1024px\" class=\"wp-caption aligncenter\"><img decoding=\"async\" src=\"https:\/\/www.aarquiteta.com.br\/blog\/wp-content\/uploads\/2025\/02\/tons-de-cinza-00-4-730x1036.png\" alt=\"Sheila Almendros\" title=\"\"><figcaption class=\"wp-caption-text\">Sheila Almendros<\/figcaption><\/figure>\n<figure style=\"width: 1024px\" class=\"wp-caption aligncenter\"><img decoding=\"async\" src=\"https:\/\/www.aarquiteta.com.br\/blog\/wp-content\/uploads\/2025\/02\/tons-de-cinza03.jpg\" alt=\"Cores neutras: como usar tons de cinza na decora\u00e7\u00e3o da sua casa\" width=\"1024\" height=\"1024\" title=\"\"><figcaption class=\"wp-caption-text\">Cores neutras: como usar tons de cinza na decora\u00e7\u00e3o da sua casa<\/figcaption><\/figure>\n<figure style=\"width: 1024px\" class=\"wp-caption aligncenter\"><img decoding=\"async\" src=\"https:\/\/www.aarquiteta.com.br\/blog\/wp-content\/uploads\/2025\/02\/inspiracao-sofa-cinza-decoracao-27-286x160.jpg\" alt=\"Como usar o vers\u00e1til sof\u00e1 cinza na sua decora\u00e7\u00e3o\" title=\"\"><figcaption class=\"wp-caption-text\">Como usar o vers\u00e1til sof\u00e1 cinza na sua decora\u00e7\u00e3o<\/figcaption><\/figure>\n<figure style=\"width: 1024px\" class=\"wp-caption aligncenter\"><img decoding=\"async\" src=\"https:\/\/www.aarquiteta.com.br\/blog\/wp-content\/uploads\/2025\/02\/tons-de-cinza4.jpg\" alt=\"Cores neutras: como usar tons de cinza na decora\u00e7\u00e3o da sua casa\" width=\"1024\" height=\"1024\" title=\"\"><figcaption class=\"wp-caption-text\">Cores neutras: como usar tons de cinza na decora\u00e7\u00e3o da sua casa<\/figcaption><\/figure>\n<figure style=\"width: 1024px\" class=\"wp-caption aligncenter\"><img decoding=\"async\" src=\"https:\/\/www.aarquiteta.com.br\/blog\/wp-content\/uploads\/2025\/02\/cores-para-quarto-131-286x160.jpg\" alt=\"Cores para quarto: 130 ideias cheias de personalidade\" title=\"\"><figcaption class=\"wp-caption-text\">Cores para quarto: 130 ideias cheias de personalidade<\/figcaption><\/figure>\n<h3>Para se aprofundar mais sobre o tema, veja a minha recomenda\u00e7\u00e3o sobre o tema deste artigo no v\u00eddeo a seguir abaixo:<\/h3>\n<p><iframe title=\"YouTube video player\" src=\"https:\/\/www.youtube.com\/embed\/XM-T_ttHOYQ\" width=\"560\" height=\"315\" frameborder=\"0\" allowfullscreen=\"allowfullscreen\"><\/iframe><\/p>\n<figure style=\"width: 1024px\" class=\"wp-caption aligncenter\"><img decoding=\"async\" src=\"https:\/\/www.aarquiteta.com.br\/blog\/wp-content\/uploads\/2025\/02\/cor-off-white-00-286x160.jpg\" alt=\"Cor off-white: dicas e combina\u00e7\u00f5es para usar o tom na decora\u00e7\u00e3o\" title=\"\"><figcaption class=\"wp-caption-text\">Cor off-white: dicas e combina\u00e7\u00f5es para usar o tom na decora\u00e7\u00e3o<\/figcaption><\/figure>\n","protected":false},"excerpt":{"rendered":"<p>Descubra como adicionar tons de cinza de forma criativa na decora\u00e7\u00e3o da sua casa com dicas e inspira\u00e7\u00f5es.<\/p>\n","protected":false},"author":102,"featured_media":142679,"comment_status":"closed","ping_status":"closed","sticky":false,"template":"","format":"standard","meta":{"footnotes":""},"categories":[1484],"tags":[],"class_list":["post-142686","post","type-post","status-publish","format-standard","has-post-thumbnail","category-decoracao"],"_wp_attached_file":null,"_wp_attachment_metadata":null,"_wp_attachment_context":null,"_wp_attachment_is_custom_header":null,"geo_longitude":null,"geo_public":null,"geo_latitude":null,"_publicize_done_external":null,"_wpas_done_3897181":null,"publicize_twitter_user":null,"_wpas_done_3897175":null,"_wpas_skip_3897181":null,"_wpas_skip_3897175":null,"_wpas_skip_3924723":null,"_wpas_mess":null,"_wpas_done_3924723":null,"wps_subtitle":"","_links":{"self":[{"href":"https:\/\/www.aarquiteta.com.br\/blog\/wp-json\/wp\/v2\/posts\/142686","targetHints":{"allow":["GET"]}}],"collection":[{"href":"https:\/\/www.aarquiteta.com.br\/blog\/wp-json\/wp\/v2\/posts"}],"about":[{"href":"https:\/\/www.aarquiteta.com.br\/blog\/wp-json\/wp\/v2\/types\/post"}],"author":[{"embeddable":true,"href":"https:\/\/www.aarquiteta.com.br\/blog\/wp-json\/wp\/v2\/users\/102"}],"replies":[{"embeddable":true,"href":"https:\/\/www.aarquiteta.com.br\/blog\/wp-json\/wp\/v2\/comments?post=142686"}],"version-history":[{"count":0,"href":"https:\/\/www.aarquiteta.com.br\/blog\/wp-json\/wp\/v2\/posts\/142686\/revisions"}],"wp:featuredmedia":[{"embeddable":true,"href":"https:\/\/www.aarquiteta.com.br\/blog\/wp-json\/wp\/v2\/media\/142679"}],"wp:attachment":[{"href":"https:\/\/www.aarquiteta.com.br\/blog\/wp-json\/wp\/v2\/media?parent=142686"}],"wp:term":[{"taxonomy":"category","embeddable":true,"href":"https:\/\/www.aarquiteta.com.br\/blog\/wp-json\/wp\/v2\/categories?post=142686"},{"taxonomy":"post_tag","embeddable":true,"href":"https:\/\/www.aarquiteta.com.br\/blog\/wp-json\/wp\/v2\/tags?post=142686"}],"curies":[{"name":"wp","href":"https:\/\/api.w.org\/{rel}","templated":true}]}}