{"id":142628,"date":"2025-02-03T13:00:12","date_gmt":"2025-02-03T16:00:12","guid":{"rendered":"https:\/\/www.aarquiteta.com.br\/blog\/desvendando-estilo-provencal-tudo-que-principiante-precisa-saber\/"},"modified":"2025-02-03T13:00:12","modified_gmt":"2025-02-03T16:00:12","slug":"desvendando-estilo-provencal-tudo-que-principiante-precisa-saber","status":"publish","type":"post","link":"https:\/\/www.aarquiteta.com.br\/blog\/desvendando-estilo-provencal-tudo-que-principiante-precisa-saber\/","title":{"rendered":"Desvendando o Estilo Proven\u00e7al: Tudo o que o Principiante Precisa Saber"},"content":{"rendered":"<p><body><\/p>\n<p>O estilo proven\u00e7al \u00e9 uma tend\u00eancia de decora\u00e7\u00e3o que traz a eleg\u00e2ncia e o charme do sul da Fran\u00e7a para os lares, caracterizado por cores suaves, m\u00f3veis r\u00fasticos e uma atmosfera acolhedora. Descubra tudo o que voc\u00ea precisa saber para adotar esse estilo encantador em sua casa.<\/p>\n<h2>Destaques principais<\/h2>\n<ul>\n<li><b>O que \u00e9 o Estilo Proven\u00e7al?<\/b> &#8211; Uma introdu\u00e7\u00e3o ao conceito e \u00e0 origem desse estilo encantador.<\/li>\n<li><b>Caracter\u00edsticas Principais<\/b> &#8211; Detalhes sobre cores, materiais e m\u00f3veis que definem o estilo.<\/li>\n<li><b>Como Incorporar na Decora\u00e7\u00e3o<\/b> &#8211; Dicas pr\u00e1ticas para trazer o proven\u00e7al para o seu lar.<\/li>\n<\/ul>\n<h2>O que \u00e9 o Estilo Proven\u00e7al?<\/h2>\n<p>O <b>estilo proven\u00e7al<\/b> \u00e9 uma forma de decora\u00e7\u00e3o que se inspira na vida rural do sul da Fran\u00e7a, especialmente na regi\u00e3o da Proven\u00e7a. Este estilo \u00e9 conhecido por sua <b>eleg\u00e2ncia simples<\/b> e por criar um ambiente acolhedor e convidativo. A combina\u00e7\u00e3o de elementos r\u00fasticos e detalhes delicados resulta em um espa\u00e7o que \u00e9 ao mesmo tempo <b>charmoso<\/b> e funcional.<\/p>\n<h2>Caracter\u00edsticas Principais do Estilo Proven\u00e7al<\/h2>\n<h3>Cores e Paletas<\/h3>\n<figure style=\"width: 1024px\" class=\"wp-caption aligncenter\"><img decoding=\"async\" src=\"https:\/\/www.aarquiteta.com.br\/blog\/wp-content\/uploads\/2025\/02\/desvendando-estilo-provencal-tudo-que-principiante-precisa-saber04.jpg\" alt=\"Desvendando o Estilo Proven\u00e7al: Tudo o que o Principiante Precisa Saber\" width=\"1024\" height=\"1024\" title=\"\"><figcaption class=\"wp-caption-text\">Desvendando o Estilo Proven\u00e7al: Tudo o que o Principiante Precisa Saber<\/figcaption><\/figure>\n<p>As cores do estilo proven\u00e7al s\u00e3o predominantemente <b>suaves<\/b> e <b>neutras<\/b>, como o branco, creme, azul claro e lavanda. Essas tonalidades ajudam a criar uma atmosfera <b>tranquila<\/b> e relaxante, perfeita para qualquer ambiente.<\/p>\n<h3>Materiais Utilizados<\/h3>\n<figure style=\"width: 1024px\" class=\"wp-caption aligncenter\"><img decoding=\"async\" src=\"https:\/\/www.aarquiteta.com.br\/blog\/wp-content\/uploads\/2025\/02\/desvendando-estilo-provencal-tudo-que-principiante-precisa-saber03.jpg\" alt=\"Desvendando o Estilo Proven\u00e7al: Tudo o que o Principiante Precisa Saber\" width=\"1024\" height=\"1024\" title=\"\"><figcaption class=\"wp-caption-text\">Desvendando o Estilo Proven\u00e7al: Tudo o que o Principiante Precisa Saber<\/figcaption><\/figure>\n<p>Os materiais mais comuns incluem <b>madeira<\/b>, <b>ferro forjado<\/b> e <b>t\u00eaxteis naturais<\/b>. A madeira, muitas vezes, \u00e9 patinada ou envelhecida, trazendo um toque r\u00fastico e aut\u00eantico ao espa\u00e7o.<\/p>\n<h3>M\u00f3veis e Acess\u00f3rios<\/h3>\n<figure style=\"width: 1024px\" class=\"wp-caption aligncenter\"><img decoding=\"async\" src=\"https:\/\/www.aarquiteta.com.br\/blog\/wp-content\/uploads\/2025\/02\/desvendando-estilo-provencal-tudo-que-principiante-precisa-saber02.jpg\" alt=\"Desvendando o Estilo Proven\u00e7al: Tudo o que o Principiante Precisa Saber\" width=\"1024\" height=\"1024\" title=\"\"><figcaption class=\"wp-caption-text\">Desvendando o Estilo Proven\u00e7al: Tudo o que o Principiante Precisa Saber<\/figcaption><\/figure>\n<p>Os m\u00f3veis s\u00e3o geralmente <b>r\u00fasticos<\/b> e <b>confort\u00e1veis<\/b>, com linhas simples e elegantes. Acess\u00f3rios como <b>almofadas florais<\/b>, <b>cortinas leves<\/b> e <b>objetos de cer\u00e2mica<\/b> complementam a decora\u00e7\u00e3o, adicionando um toque de charme.<\/p>\n<h2>Como Incorporar o Estilo Proven\u00e7al na Sua Decora\u00e7\u00e3o<\/h2>\n<h3>Escolhendo as Cores Certas<\/h3>\n<figure style=\"width: 1024px\" class=\"wp-caption aligncenter\"><img decoding=\"async\" src=\"https:\/\/www.aarquiteta.com.br\/blog\/wp-content\/uploads\/2025\/02\/desvendando-estilo-provencal-tudo-que-principiante-precisa-saber01.jpg\" alt=\"Desvendando o Estilo Proven\u00e7al: Tudo o que o Principiante Precisa Saber\" width=\"1024\" height=\"1024\" title=\"\"><figcaption class=\"wp-caption-text\">Desvendando o Estilo Proven\u00e7al: Tudo o que o Principiante Precisa Saber<\/figcaption><\/figure>\n<p>Para trazer o estilo proven\u00e7al para sua casa, comece escolhendo uma paleta de cores que remeta \u00e0 natureza. <b>Combina\u00e7\u00f5es de azul e branco<\/b> ou <b>tons terrosos<\/b> s\u00e3o ideais para criar um ambiente acolhedor.<\/p>\n<h3>Selecionando M\u00f3veis e Acess\u00f3rios<\/h3>\n<p style=\"text-align: center;\">[amazon table=&#8221;90360&#8243;]\n<p>Opte por m\u00f3veis de madeira com acabamentos <b>patinados<\/b> e busque acess\u00f3rios que tenham <b>motivos florais<\/b> ou <b>texturas naturais<\/b>. Isso ajudar\u00e1 a criar um espa\u00e7o que \u00e9 ao mesmo tempo elegante e confort\u00e1vel.<\/p>\n<h2>Erros Comuns a Evitar<\/h2>\n<p>Um erro comum ao tentar adotar o estilo proven\u00e7al \u00e9 exagerar na quantidade de <b>decora\u00e7\u00e3o<\/b>. \u00c9 importante manter um equil\u00edbrio e n\u00e3o sobrecarregar o ambiente. Al\u00e9m disso, evite cores muito vibrantes que n\u00e3o se encaixam na paleta suave do estilo.<\/p>\n<h2>Inspira\u00e7\u00f5es de Ambientes Proven\u00e7ais<\/h2>\n<p>Para se inspirar, pense em ambientes que misturam <b>conforto<\/b> e <b>eleg\u00e2ncia<\/b>. Salas de estar com sof\u00e1s de linho, mesas de madeira r\u00fastica e detalhes florais nas almofadas s\u00e3o exemplos perfeitos. Cozinhas com arm\u00e1rios brancos e utens\u00edlios de cer\u00e2mica tamb\u00e9m s\u00e3o uma \u00f3tima maneira de incorporar o estilo.<\/p>\n<h2>Conclus\u00e3o<\/h2>\n<p>Adotar o <b>estilo proven\u00e7al<\/b> em sua casa \u00e9 uma maneira maravilhosa de trazer um pouco do charme do sul da Fran\u00e7a para o seu dia a dia. Com cores suaves, m\u00f3veis r\u00fasticos e uma aten\u00e7\u00e3o especial aos detalhes, voc\u00ea pode criar um espa\u00e7o que \u00e9 ao mesmo tempo <b>elegante<\/b> e <b>acolhedor<\/b>. Lembre-se de que a chave para um ambiente proven\u00e7al \u00e9 a simplicidade e a harmonia entre os elementos.<\/p>\n<p><\/body><\/p>\n<h3>Assista agora a minha recomenda\u00e7\u00e3o de video abaixo sobre o tema que estamos tratando neste artigo: <\/h3>\n<p><div class=\"youtube-embed\" data-video_id=\"OdGSW0CRh9Q\"><iframe title=\"Cozinha estilo proven\u00e7al sem emenda na moldura muito led\" width=\"696\" height=\"392\" src=\"https:\/\/www.youtube.com\/embed\/OdGSW0CRh9Q?feature=oembed&#038;enablejsapi=1\" frameborder=\"0\" allow=\"accelerometer; autoplay; clipboard-write; encrypted-media; gyroscope; picture-in-picture; web-share\" referrerpolicy=\"strict-origin-when-cross-origin\" allowfullscreen><\/iframe><\/div><\/p>\n","protected":false},"excerpt":{"rendered":"<p>Inspire-se na decora\u00e7\u00e3o rom\u00e2ntica e delicada do sul da Fran\u00e7a, com m\u00f3veis patinados e detalhes florais.<\/p>\n","protected":false},"author":102,"featured_media":142625,"comment_status":"closed","ping_status":"closed","sticky":false,"template":"","format":"standard","meta":{"footnotes":""},"categories":[1484,971,18792,18794],"tags":[],"class_list":["post-142628","post","type-post","status-publish","format-standard","has-post-thumbnail","category-decoracao","category-design-de-interiores","category-decoracao-de-apartamento","category-projetos-de-decoracao-de-casas"],"_wp_attached_file":null,"_wp_attachment_metadata":null,"_wp_attachment_context":null,"_wp_attachment_is_custom_header":null,"geo_longitude":null,"geo_public":null,"geo_latitude":null,"_publicize_done_external":null,"_wpas_done_3897181":null,"publicize_twitter_user":null,"_wpas_done_3897175":null,"_wpas_skip_3897181":null,"_wpas_skip_3897175":null,"_wpas_skip_3924723":null,"_wpas_mess":null,"_wpas_done_3924723":null,"wps_subtitle":"","_links":{"self":[{"href":"https:\/\/www.aarquiteta.com.br\/blog\/wp-json\/wp\/v2\/posts\/142628","targetHints":{"allow":["GET"]}}],"collection":[{"href":"https:\/\/www.aarquiteta.com.br\/blog\/wp-json\/wp\/v2\/posts"}],"about":[{"href":"https:\/\/www.aarquiteta.com.br\/blog\/wp-json\/wp\/v2\/types\/post"}],"author":[{"embeddable":true,"href":"https:\/\/www.aarquiteta.com.br\/blog\/wp-json\/wp\/v2\/users\/102"}],"replies":[{"embeddable":true,"href":"https:\/\/www.aarquiteta.com.br\/blog\/wp-json\/wp\/v2\/comments?post=142628"}],"version-history":[{"count":0,"href":"https:\/\/www.aarquiteta.com.br\/blog\/wp-json\/wp\/v2\/posts\/142628\/revisions"}],"wp:featuredmedia":[{"embeddable":true,"href":"https:\/\/www.aarquiteta.com.br\/blog\/wp-json\/wp\/v2\/media\/142625"}],"wp:attachment":[{"href":"https:\/\/www.aarquiteta.com.br\/blog\/wp-json\/wp\/v2\/media?parent=142628"}],"wp:term":[{"taxonomy":"category","embeddable":true,"href":"https:\/\/www.aarquiteta.com.br\/blog\/wp-json\/wp\/v2\/categories?post=142628"},{"taxonomy":"post_tag","embeddable":true,"href":"https:\/\/www.aarquiteta.com.br\/blog\/wp-json\/wp\/v2\/tags?post=142628"}],"curies":[{"name":"wp","href":"https:\/\/api.w.org\/{rel}","templated":true}]}}