{"id":142621,"date":"2025-02-04T11:09:43","date_gmt":"2025-02-04T14:09:43","guid":{"rendered":"https:\/\/www.aarquiteta.com.br\/blog\/?p=142621"},"modified":"2025-02-04T11:21:17","modified_gmt":"2025-02-04T14:21:17","slug":"transformacao-suite-dormitorio-2-harmonia-praticidade","status":"publish","type":"post","link":"https:\/\/www.aarquiteta.com.br\/blog\/transformacao-suite-dormitorio-2-harmonia-praticidade\/","title":{"rendered":"Transformando a Su\u00edte com Dormit\u00f3rio: Harmonia e Praticidade em um Espa\u00e7o Compacto"},"content":{"rendered":"<p>Ao projetar a Su\u00edte Dormit\u00f3rio 2, enfrentamos o desafio de criar um ambiente funcional e harm\u00f4nico que se integre ao restante do <a href=\"https:\/\/www.aarquiteta.com.br\/blog\/?s=APARTAMENTO\">apartamento<\/a>.<\/p><p>Com medidas reduzidas (2,40m x 3,21m), o espa\u00e7o deve atender \u00e0s necessidades pr\u00e1ticas do cliente, sem perder a conex\u00e3o est\u00e9tica com o restante da resid\u00eancia, onde predominam acabamentos como portas mimetizadas em MDF e <a href=\"https:\/\/www.aarquiteta.com.br\/blog\/?s=PORCELANATO\">porcelanato<\/a> uniforme.<\/p><p>Neste artigo, exploraremos solu\u00e7\u00f5es personalizadas para maximizar o uso do espa\u00e7o, garantir conforto e alinhar o estilo ao contexto geral do im\u00f3vel.<\/p><figure id=\"attachment_142644\" aria-describedby=\"caption-attachment-142644\" style=\"width: 828px\" class=\"wp-caption alignnone\"><img decoding=\"async\" class=\"size-full wp-image-142644\" src=\"https:\/\/www.aarquiteta.com.br\/blog\/wp-content\/uploads\/2025\/02\/Transformando-a-Suite-Dormitorio-2-Harmonia-e-Praticidade-em-um-Espaco-Compacto-PLANTA-BAIXA.jpg\" alt=\"Transformando a Su\u00edte Dormit\u00f3rio 2 Harmonia e Praticidade em um Espa\u00e7o Compacto PLANTA BAIXA\" width=\"828\" height=\"671\" title=\"\"><figcaption id=\"caption-attachment-142644\" class=\"wp-caption-text\">Transformando a Su\u00edte Dormit\u00f3rio 2 Harmonia e Praticidade em um Espa\u00e7o Compacto PLANTA BAIXA<\/figcaption><\/figure><h3>Desafios, sugest\u00f5es e Necessidades da cliente:<\/h3><p><em>&#8220;Eu quero que esse <a href=\"https:\/\/www.aarquiteta.com.br\/blog\/?s=quarto\">quarto<\/a> de h\u00f3spedes esteja em harmonia com o restante do apartamento, especialmente porque o espa\u00e7o \u00e9 pequeno e seria estranho se n\u00e3o combinasse. Vou te explicar como estamos planejando o restante do ambiente para alinhar tudo. No hallzinho, onde ficam o lavabo e as duas portas dos quartos, todas as portas ser\u00e3o mimetizadas, criando um visual cont\u00ednuo com revestimento em MDF que vai cobrir as paredes. Essa ideia tamb\u00e9m ser\u00e1 aplicada na entrada da sala, garantindo unidade visual.<\/em><\/p><p><em>O porcelanato escolhido para o ch\u00e3o \u00e9 o <strong>York SGR NAT<\/strong>, e no quarto teremos um guarda-roupa feito em <strong>MDF Tauari<\/strong> para manter a uniformidade com os outros acabamentos. Al\u00e9m disso, planejamos instalar uma persiana para as janelas e, como cama, estamos decidindo entre uma de solteiro ou de vi\u00favo, dependendo do espa\u00e7o e da funcionalidade. Queremos um ambiente pr\u00e1tico, acolhedor e que reflita o estilo do restante do apartamento.&#8221;<\/em><\/p><ul data-spread=\"false\"><li><strong>Espa\u00e7o limitado<\/strong>: A \u00e1rea dispon\u00edvel exige otimiza\u00e7\u00e3o sem comprometer a funcionalidade e o conforto.<\/li><li><strong>Est\u00e9tica uniforme<\/strong>: A su\u00edte deve refletir a paleta e os materiais usados no restante do apartamento, como o MDF Tauari e o porcelanato apresentado.<\/li><li><strong>Funcionalidade<\/strong>: O quarto deve incluir um guarda-roupa espa\u00e7oso, uma cama (de solteiro ou vi\u00favo) e ilumina\u00e7\u00e3o adequada.<\/li><li><strong>Integra\u00e7\u00e3o visual: considerando<\/strong>\u00a0o conceito de portas mimetizadas e revestimentos uniformes, o design precisa transmitir uma sensa\u00e7\u00e3o de continuidade.<\/li><\/ul><h3>Solu\u00e7\u00f5es Propostas<\/h3><div style=\"width: 696px;\" class=\"wp-video\"><video class=\"wp-video-shortcode\" id=\"video-142621-1\" width=\"696\" height=\"391\" preload=\"metadata\" controls=\"controls\"><source type=\"video\/mp4\" src=\"https:\/\/www.aarquiteta.com.br\/blog\/wp-content\/uploads\/2025\/02\/Transformando-a-Suite-Dormitorio-2-Harmonia-e-Praticidade-em-um-Espaco-Compacto-VIDEO.mp4?_=1\" \/><a href=\"https:\/\/www.aarquiteta.com.br\/blog\/wp-content\/uploads\/2025\/02\/Transformando-a-Suite-Dormitorio-2-Harmonia-e-Praticidade-em-um-Espaco-Compacto-VIDEO.mp4\">https:\/\/www.aarquiteta.com.br\/blog\/wp-content\/uploads\/2025\/02\/Transformando-a-Suite-Dormitorio-2-Harmonia-e-Praticidade-em-um-Espaco-Compacto-VIDEO.mp4<\/a><\/video><\/div><h4>1. Mobili\u00e1rio Planejado e Funcional<\/h4><ul data-spread=\"false\"><li><strong>Guarda-Roupas em MDF Tauari<\/strong>: Projetado at\u00e9 o teto, com portas de correr para economizar espa\u00e7o. Internamente, incluir nichos, cabideiros e gavetas organizadas ergonomicamente.<\/li><li><strong>Cama Compacta com Armazenamento<\/strong>: Uma cama de solteiro ou vi\u00favo com gavet\u00f5es, ou ba\u00fa integrado, otimizando o espa\u00e7o para roupas de cama ou objetos menos usados.<\/li><li><strong>Criado-Mudo Suspenso<\/strong>: Economiza espa\u00e7o visual e funcional, mantendo os itens essenciais \u00e0 m\u00e3o.<\/li><\/ul><figure id=\"attachment_142633\" aria-describedby=\"caption-attachment-142633\" style=\"width: 1024px\" class=\"wp-caption alignnone\"><img decoding=\"async\" class=\"wp-image-142633 size-full\" title=\"Transformando a Su\u00edte Dormit\u00f3rio 2 Harmonia e Praticidade em um Espa\u00e7o Compacto (sugest\u00e3o).\" src=\"https:\/\/www.aarquiteta.com.br\/blog\/wp-content\/uploads\/2025\/02\/Transformando-a-Suite-Dormitorio-2-Harmonia-e-Praticidade-em-um-Espaco-Compacto-1.png\" alt=\"Transformando a Su\u00edte Dormit\u00f3rio 2 Harmonia e Praticidade em um Espa\u00e7o Compacto (sugest\u00e3o).\" width=\"1024\" height=\"1024\" \/><figcaption id=\"caption-attachment-142633\" class=\"wp-caption-text\">Transformando a Su\u00edte Dormit\u00f3rio 2 Harmonia e Praticidade em um Espa\u00e7o Compacto (sugest\u00e3o).<\/figcaption><\/figure><h2>An\u00e1lise do espa\u00e7o<\/h2><p>O quarto em planta possui <strong>2,40 m<\/strong> no sentido horizontal e <strong>3,21 m<\/strong> no sentido vertical, com a porta de entrada localizada no canto superior esquerdo e a porta do banheiro (su\u00edte) \u00e0 direita. Essas dimens\u00f5es limitam a disposi\u00e7\u00e3o dos m\u00f3veis, pois \u00e9 preciso manter boa circula\u00e7\u00e3o e evitar bloquear o acesso \u00e0s portas.<\/p><h3>Melhor local para a cama de solteiro<\/h3><ol><li><strong>Encostar a cabeceira na <a href=\"https:\/\/www.aarquiteta.com.br\/blog\/?s=PAREDE\">parede<\/a> inferior (2,40 m)<\/strong><ul><li><strong>Aproveitamento da dimens\u00e3o maior (3,21 m)<\/strong> no sentido vertical para acomodar o comprimento da cama (cerca de 1,88\u20132,00 m) e ainda ter espa\u00e7o de circula\u00e7\u00e3o.<\/li><li>Facilita a vis\u00e3o da porta de entrada, deixando a entrada livre de obst\u00e1culos e permitindo um fluxo mais natural ao entrar no quarto.<\/li><\/ul><\/li><li><strong>Vantagens dessa posi\u00e7\u00e3o<\/strong><ul><li>Mant\u00e9m a porta do banheiro livre de bloqueios.<\/li><li>Garante espa\u00e7o para um pequeno criado-mudo ao lado da cama (se desejado).<\/li><li>A circula\u00e7\u00e3o entre a cama e as paredes fica mais fluida, pois a cama n\u00e3o \u201catravanca\u201d o meio do ambiente.<\/li><\/ul><\/li><\/ol><figure id=\"attachment_142636\" aria-describedby=\"caption-attachment-142636\" style=\"width: 1024px\" class=\"wp-caption alignnone\"><img decoding=\"async\" class=\"wp-image-142636 size-full\" title=\"Transformando a Su\u00edte Dormit\u00f3rio 2 Harmonia e Praticidade em um Espa\u00e7o Compacto (sugest\u00e3o).\" src=\"https:\/\/www.aarquiteta.com.br\/blog\/wp-content\/uploads\/2025\/02\/Transformando-a-Suite-Dormitorio-2-Harmonia-e-Praticidade-em-um-Espaco-Compacto-4.png\" alt=\"Transformando a Su\u00edte Dormit\u00f3rio 2 Harmonia e Praticidade em um Espa\u00e7o Compacto (sugest\u00e3o).\" width=\"1024\" height=\"1024\" \/><figcaption id=\"caption-attachment-142636\" class=\"wp-caption-text\">Transformando a Su\u00edte Dormit\u00f3rio 2 Harmonia e Praticidade em um Espa\u00e7o Compacto (sugest\u00e3o).<\/figcaption><\/figure><h3>Melhor local para o arm\u00e1rio<\/h3><ol><li><strong>Arm\u00e1rio na parede direita ou superior<\/strong><ul><li><strong>Parede Direita (parcialmente entre a porta do banheiro e a parede inferior)<\/strong>: se houver espa\u00e7o suficiente, pode-se colocar um arm\u00e1rio estreito ou um guarda-roupa planejado, garantindo f\u00e1cil acesso ao banheiro.<\/li><li><strong>Parede Superior<\/strong>: se a porta de entrada n\u00e3o ocupar toda a extens\u00e3o, pode-se instalar um arm\u00e1rio que v\u00e1 at\u00e9 pr\u00f3ximo \u00e0 porta do banheiro, deixando a \u00e1rea pr\u00f3xima \u00e0 cama mais livre.<\/li><\/ul><\/li><li><strong>Justificativa<\/strong><ul><li>Dessa forma, o arm\u00e1rio n\u00e3o interfere na entrada principal nem na circula\u00e7\u00e3o para o banheiro.<\/li><li>Caso seja um guarda-roupa planejado, \u00e9 poss\u00edvel adequar a profundidade (geralmente 55\u201360 cm) para n\u00e3o \u201croubar\u201d muito espa\u00e7o de circula\u00e7\u00e3o.<\/li><\/ul><h2>Layout Sugerido (Vis\u00e3o em texto)<\/h2><div class=\"contain-inline-size rounded-md border-[0.5px] border-token-border-medium relative bg-token-sidebar-surface-primary dark:bg-gray-950\"><div class=\"overflow-y-auto p-4\" dir=\"ltr\"><code class=\"!whitespace-pre\"><br \/><\/code><\/div><\/div><h3>Passo a Passo do Layout<\/h3><ol><li><strong>Posicionar a cama<\/strong> com a cabeceira na parede inferior, centralizada ou levemente deslocada, aproveitando os 3,21 m de comprimento para acomodar a cama e permitir circula\u00e7\u00e3o na lateral.<\/li><li><strong>Inserir o arm\u00e1rio<\/strong> na parede superior ou na parede direita (dependendo de onde h\u00e1 mais espa\u00e7o dispon\u00edvel), ajustando a profundidade para n\u00e3o comprometer a passagem at\u00e9 o banheiro.<\/li><li>Deixar a <strong>\u00e1rea de circula\u00e7\u00e3o<\/strong> livre entre a cama e as portas (entrada e banheiro), evitando bloqueios.<\/li><li>Caso deseje, pode-se incluir <strong>um criado-mudo<\/strong> ou um m\u00f3vel menor ao lado da cama, desde que n\u00e3o dificulte a abertura de portas.<\/li><\/ol><figure id=\"attachment_142634\" aria-describedby=\"caption-attachment-142634\" style=\"width: 1024px\" class=\"wp-caption alignnone\"><img decoding=\"async\" class=\"wp-image-142634 size-full\" title=\"Transformando a Su\u00edte Dormit\u00f3rio 2 Harmonia e Praticidade em um Espa\u00e7o Compacto (sugest\u00e3o).\" src=\"https:\/\/www.aarquiteta.com.br\/blog\/wp-content\/uploads\/2025\/02\/Transformando-a-Suite-Dormitorio-2-Harmonia-e-Praticidade-em-um-Espaco-Compacto-2.png\" alt=\"Transformando a Su\u00edte Dormit\u00f3rio 2 Harmonia e Praticidade em um Espa\u00e7o Compacto (sugest\u00e3o).\" width=\"1024\" height=\"1024\" \/><figcaption id=\"caption-attachment-142634\" class=\"wp-caption-text\">Transformando a Su\u00edte Dormit\u00f3rio 2 Harmonia e Praticidade em um Espa\u00e7o Compacto (sugest\u00e3o).<\/figcaption><\/figure><h4>2. Paleta de Cores e Materiais<\/h4><ul data-spread=\"false\"><li><strong>Revestimentos<\/strong>: O porcelanato em tons neutros ser\u00e1 mantido para proporcionar continuidade visual.<\/li><li><strong>Paredes<\/strong>: Pintura em tom claro, como branco gelo ou bege suave, para ampliar visualmente o espa\u00e7o.<\/li><li><strong>Detalhes de MDF<\/strong>: O MDF Tauari utilizado no guarda-roupas tamb\u00e9m ser\u00e1 integrado em pain\u00e9is na parede da cama, criando unidade.<\/li><\/ul><p><img decoding=\"async\" class=\"wp-image-142635 size-full\" title=\"Transformando a Su\u00edte Dormit\u00f3rio 2 Harmonia e Praticidade em um Espa\u00e7o Compacto (sugest\u00e3o).\" src=\"https:\/\/www.aarquiteta.com.br\/blog\/wp-content\/uploads\/2025\/02\/Transformando-a-Suite-Dormitorio-2-Harmonia-e-Praticidade-em-um-Espaco-Compacto-3.png\" alt=\"Transformando a Su\u00edte Dormit\u00f3rio 2 Harmonia e Praticidade em um Espa\u00e7o Compacto (sugest\u00e3o).\" width=\"1280\" height=\"896\" \/><\/p><div class=\"mceTemp\"><\/div><h4>3. Ilumina\u00e7\u00e3o<\/h4><ul data-spread=\"false\"><li><strong>Luz Geral<\/strong>: Instala\u00e7\u00e3o de plafon de LED embutido no teto para ilumina\u00e7\u00e3o uniforme.<\/li><li><strong>Luz Ambiente<\/strong>: Arandelas ao lado da cama para leitura e fita de LED no guarda-roupas, criando funcionalidade e aconchego.<\/li><li><strong>Cortinas ou Persiana<\/strong>: Persiana em tecido transl\u00facido, combinando funcionalidade e est\u00e9tica leve.<\/li><\/ul><div class=\"mceTemp\"><\/div><figure id=\"attachment_142638\" aria-describedby=\"caption-attachment-142638\" style=\"width: 1280px\" class=\"wp-caption alignnone\"><img decoding=\"async\" class=\"wp-image-142638 size-full\" title=\"Transformando a Su\u00edte Dormit\u00f3rio 2 Harmonia e Praticidade em um Espa\u00e7o Compacto (sugest\u00e3o).\" src=\"https:\/\/www.aarquiteta.com.br\/blog\/wp-content\/uploads\/2025\/02\/Transformando-a-Suite-Dormitorio-2-Harmonia-e-Praticidade-em-um-Espaco-Compacto-6.png\" alt=\"Transformando a Su\u00edte Dormit\u00f3rio 2 Harmonia e Praticidade em um Espa\u00e7o Compacto (sugest\u00e3o).\" width=\"1280\" height=\"896\" \/><figcaption id=\"caption-attachment-142638\" class=\"wp-caption-text\">Transformando a Su\u00edte Dormit\u00f3rio 2 Harmonia e Praticidade em um Espa\u00e7o Compacto (sugest\u00e3o).<\/figcaption><\/figure><h4>4. Decora\u00e7\u00e3o<\/h4><ul data-spread=\"false\"><li><strong>Elementos Decorativos Minimalistas<\/strong>: Quadros pequenos ou fotografias em preto e branco sobre a cama.<\/li><li><strong>Espelho<\/strong>: Um espelho em uma das portas do guarda-roupas para sensa\u00e7\u00e3o de amplitude.<\/li><li><strong><a href=\"https:\/\/www.aarquiteta.com.br\/blog\/?s=TAPETE\">Tapete<\/a><\/strong>: Tapete em fibra natural ou tons neutros para aquecer o ambiente e delimitar a \u00e1rea ao lado da cama.<\/li><\/ul><div class=\"mceTemp\"><\/div><p><img decoding=\"async\" class=\"alignnone size-full wp-image-142641\" src=\"https:\/\/www.aarquiteta.com.br\/blog\/wp-content\/uploads\/2025\/02\/Transformando-a-Suite-Dormitorio-2-Harmonia-e-Praticidade-em-um-Espaco-Compacto-8.png\" alt=\"\" width=\"1280\" height=\"896\" title=\"\"><\/p><h3>Integra\u00e7\u00e3o com o Apartamento<\/h3><p>Para garantir a harmonia, todos os elementos seguem a linha de design limpo e contempor\u00e2neo adotado no restante da resid\u00eancia. A escolha de MDF Tauari nas portas e nos m\u00f3veis, al\u00e9m do porcelanato uniforme, refor\u00e7a a continuidade visual. A integra\u00e7\u00e3o do conceito de portas mimetizadas no hall que conecta a su\u00edte ao restante da \u00e1rea \u00edntima preserva a est\u00e9tica planejada.<\/p><figure id=\"attachment_142642\" aria-describedby=\"caption-attachment-142642\" style=\"width: 1280px\" class=\"wp-caption alignnone\"><img decoding=\"async\" class=\"wp-image-142642 size-full\" title=\"Transformando a Su\u00edte Dormit\u00f3rio 2 Harmonia e Praticidade em um Espa\u00e7o Compacto (sugest\u00e3o).\" src=\"https:\/\/www.aarquiteta.com.br\/blog\/wp-content\/uploads\/2025\/02\/Transformando-a-Suite-Dormitorio-2-Harmonia-e-Praticidade-em-um-Espaco-Compacto-9.png\" alt=\"Transformando a Su\u00edte Dormit\u00f3rio 2 Harmonia e Praticidade em um Espa\u00e7o Compacto (sugest\u00e3o).\" width=\"1280\" height=\"896\" \/><figcaption id=\"caption-attachment-142642\" class=\"wp-caption-text\">Transformando a Su\u00edte Dormit\u00f3rio 2 Harmonia e Praticidade em um Espa\u00e7o Compacto (sugest\u00e3o).<\/figcaption><\/figure><h3>Conclus\u00e3o<\/h3><p>Com as solu\u00e7\u00f5es apresentadas, a Su\u00edte Dormit\u00f3rio 2 se transforma em um espa\u00e7o funcional e sofisticado que reflete a identidade do apartamento. A aten\u00e7\u00e3o ao detalhe na escolha dos materiais, ilumina\u00e7\u00e3o e mobili\u00e1rio assegura a cria\u00e7\u00e3o de um ambiente que equilibra conforto, est\u00e9tica e praticidade.<\/p><div class=\"td_block_wrap tdb_title tdi_41 tdb-category-title td-pb-border-top td_block_template_1\" data-td-block-uid=\"tdi_41\"><div class=\"tdb-block-inner td-fix-index\"><span style=\"color: var(--td_text_color, #111111); font-family: var(--td_default_google_font_2, 'Roboto', sans-serif); font-size: 32px;\">Sugest\u00f5es de Projetos para clientes<\/span><\/div><\/div><div class=\"td_block_wrap tdb_category_description tdi_42 td-pb-border-top td_block_template_1 tdb-post-meta\" data-td-block-uid=\"tdi_42\"><div class=\"tdb-block-inner td-fix-index tagdiv-type\"><div class=\"td_block_wrap tdb_title tdi_41 tdb-category-title td-pb-border-top td_block_template_1\" data-td-block-uid=\"tdi_41\"><div class=\"tdb-block-inner td-fix-index\"><div><\/div><\/div><\/div><div class=\"td_block_wrap tdb_category_description tdi_42 td-pb-border-top td_block_template_1 tdb-post-meta\" data-td-block-uid=\"tdi_42\"><div class=\"tdb-block-inner td-fix-index tagdiv-type\"><p><span class=\"selectable-text copyable-text false\">Ol\u00e1!\u00a0<\/span><span class=\"x19la9d6 x1fc57z9 x6ikm8r x10wlt62 x19co3pv x1g5zs5t xfibh0p xiy17q3 x1xsqp64 x1lkfr7t xexx8yu x4uap5 x18d9i69 xkhd6sd\"><span class=\"xrtxmta x1bhl96m\">\ud83d\ude0a<\/span><\/span><span class=\"selectable-text copyable-text false\">\u00a0<\/span><\/p><h3><em><strong>O que \u00e9 um projeto inspira\u00e7\u00e3o?<\/strong><\/em><\/h3><p>Um projeto inspira\u00e7\u00e3o funciona como um \u201cguia visual\u201d que re\u00fane ideias de cores, acabamentos, texturas e at\u00e9 sugest\u00f5es de m\u00f3veis e objetos decorativos.<\/p><p>Diferentemente de um projeto executivo (que traz medidas e detalhes construtivos precisos), o projeto inspira\u00e7\u00e3o n\u00e3o se prende \u00e0 exatid\u00e3o de plantas ou disposi\u00e7\u00e3o de portas e janelas.<\/p><p>Seu objetivo principal \u00e9 ajudar voc\u00ea a visualizar estilos, combina\u00e7\u00f5es de materiais e a atmosfera que se deseja criar no ambiente.<\/p><p>A partir dele, podemos adaptar e ajustar tudo \u00e0 realidade do seu espa\u00e7o, definindo exatamente como ficar\u00e1 cada elemento quando partirmos para o projeto definitivo.<\/p><h3><em><strong>Aceitamos ideias para \u00e1reas residenciais e comerciais.<\/strong><\/em><\/h3><p><span class=\"selectable-text copyable-text false\">\u00c9 importante que voc\u00ea inclua o m\u00e1ximo de detalhes poss\u00edveis para podermos compreender suas necessidades e oferecer a melhor solu\u00e7\u00e3o.<\/span><\/p><h3><span class=\"selectable-text copyable-text false\">Dados Necess\u00e1rios:<\/span><\/h3><p><span class=\"selectable-text copyable-text false\"><strong>Informa\u00e7\u00f5es Pessoais:<\/strong>\u00a0Nome completo. Telefone de contato.<\/span><\/p><p><span class=\"selectable-text copyable-text false\"><strong>Descri\u00e7\u00e3o do Projeto:<\/strong>\u00a0Tipo de projeto (reforma, decora\u00e7\u00e3o, design de interiores, projeto arquitet\u00f4nico, etc.).<\/span><\/p><p><span class=\"selectable-text copyable-text false\"><strong>Descri\u00e7\u00e3o do que voc\u00ea deseja fazer:<\/strong>\u00a0(ex.: renova\u00e7\u00e3o de um ambiente espec\u00edfico, mudan\u00e7a de layout, escolha de materiais, etc.).<\/span><\/p><p><span class=\"selectable-text copyable-text false\"><strong>Local do Projeto:<\/strong>\u00a0Tipo de im\u00f3vel (casa, apartamento, escrit\u00f3rio, loja, etc.).<\/span><\/p><p><span class=\"selectable-text copyable-text false\"><strong>Dimens\u00f5es e Fotos:<\/strong>\u00a0\u00c1rea aproximada do espa\u00e7o (em metros quadrados). e X de comprimento por y de largura.<\/span><\/p><p><strong><span class=\"selectable-text copyable-text false\">Fotos do ambiente atual.<\/span><\/strong><\/p><p><span class=\"selectable-text copyable-text false\">Aguardo seu \u00e1udio explicando o projeto, fotos e o tamanho do local. E estou \u00e0 disposi\u00e7\u00e3o para tirar d\u00favidas e ajudar a transformar seu projeto em realidade!<\/span><\/p><h3><strong>Valores:<\/strong><\/h3><h3><strong>\u00c1reas internas: R$ 280,00 \u201cpor comodo\u201d\u00a0<\/strong><\/h3><h3><strong>\u00c1reas externas: R$ 450,00 \u201cpor \u00e1rea\u201d.\u00a0<\/strong><\/h3><p><span class=\"x19la9d6 x1fc57z9 x6ikm8r x10wlt62 x19co3pv x1g5zs5t xfibh0p xiy17q3 x1xsqp64 x1lkfr7t xexx8yu x4uap5 x18d9i69 xkhd6sd\"><span class=\"xrtxmta x1bhl96m\">\u2728<\/span><\/span><span class=\"selectable-text copyable-text false\"> Atenciosamente, Luciana Paix\u00e3o A Arquiteta \u2013 Transformando espa\u00e7os, inspirando vidas.<\/span><\/p><\/div><\/div><\/div><\/div><\/li><\/ol>","protected":false},"excerpt":{"rendered":"<p>Ao projetar a Su\u00edte Dormit\u00f3rio 2, enfrentamos o desafio de criar um ambiente funcional e harm\u00f4nico que se integre ao restante do apartamento.Com medidas reduzidas (2,40m x 3,21m), o espa\u00e7o deve atender \u00e0s necessidades pr\u00e1ticas do cliente, sem perder a conex\u00e3o est\u00e9tica com o restante da resid\u00eancia, onde predominam acabamentos como portas mimetizadas em MDF [&hellip;]<\/p>\n","protected":false},"author":102,"featured_media":142637,"comment_status":"closed","ping_status":"closed","sticky":false,"template":"","format":"standard","meta":{"footnotes":""},"categories":[1484,971,18756,35522],"tags":[],"class_list":["post-142621","post","type-post","status-publish","format-standard","has-post-thumbnail","category-decoracao","category-design-de-interiores","category-decoracao-de-dormitorio","category-sugestoes-de-projetos-para-clientes"],"_wp_attached_file":null,"_wp_attachment_metadata":null,"_wp_attachment_context":null,"_wp_attachment_is_custom_header":null,"geo_longitude":null,"geo_public":null,"geo_latitude":null,"_publicize_done_external":null,"_wpas_done_3897181":null,"publicize_twitter_user":null,"_wpas_done_3897175":null,"_wpas_skip_3897181":null,"_wpas_skip_3897175":null,"_wpas_skip_3924723":null,"_wpas_mess":null,"_wpas_done_3924723":null,"wps_subtitle":"","_links":{"self":[{"href":"https:\/\/www.aarquiteta.com.br\/blog\/wp-json\/wp\/v2\/posts\/142621","targetHints":{"allow":["GET"]}}],"collection":[{"href":"https:\/\/www.aarquiteta.com.br\/blog\/wp-json\/wp\/v2\/posts"}],"about":[{"href":"https:\/\/www.aarquiteta.com.br\/blog\/wp-json\/wp\/v2\/types\/post"}],"author":[{"embeddable":true,"href":"https:\/\/www.aarquiteta.com.br\/blog\/wp-json\/wp\/v2\/users\/102"}],"replies":[{"embeddable":true,"href":"https:\/\/www.aarquiteta.com.br\/blog\/wp-json\/wp\/v2\/comments?post=142621"}],"version-history":[{"count":0,"href":"https:\/\/www.aarquiteta.com.br\/blog\/wp-json\/wp\/v2\/posts\/142621\/revisions"}],"wp:featuredmedia":[{"embeddable":true,"href":"https:\/\/www.aarquiteta.com.br\/blog\/wp-json\/wp\/v2\/media\/142637"}],"wp:attachment":[{"href":"https:\/\/www.aarquiteta.com.br\/blog\/wp-json\/wp\/v2\/media?parent=142621"}],"wp:term":[{"taxonomy":"category","embeddable":true,"href":"https:\/\/www.aarquiteta.com.br\/blog\/wp-json\/wp\/v2\/categories?post=142621"},{"taxonomy":"post_tag","embeddable":true,"href":"https:\/\/www.aarquiteta.com.br\/blog\/wp-json\/wp\/v2\/tags?post=142621"}],"curies":[{"name":"wp","href":"https:\/\/api.w.org\/{rel}","templated":true}]}}