{"id":142483,"date":"2025-02-01T20:30:42","date_gmt":"2025-02-01T23:30:42","guid":{"rendered":"https:\/\/www.aarquiteta.com.br\/blog\/o-branco-ja-nao-e-mais-tendencia-em-2025\/"},"modified":"2025-02-01T20:30:42","modified_gmt":"2025-02-01T23:30:42","slug":"o-branco-ja-nao-e-mais-tendencia-em-2025","status":"publish","type":"post","link":"https:\/\/www.aarquiteta.com.br\/blog\/o-branco-ja-nao-e-mais-tendencia-em-2025\/","title":{"rendered":"5 cores quentes que transformar\u00e3o sua decora\u00e7\u00e3o em 2025."},"content":{"rendered":"<p>Em 2025, as tend\u00eancias de decora\u00e7\u00e3o est\u00e3o mudando, e o branco, que antes reinava absoluto, agora d\u00e1 espa\u00e7o a cores mais quentes e acolhedoras, trazendo personalidade e conforto aos lares.<\/p>\n<h2>Destaques principais<\/h2>\n<ul>\n<li><b>Transforma\u00e7\u00e3o das cores:<\/b> O branco perde espa\u00e7o para tons como amarelo suave, verde oliva e vermelhos profundos, que trazem uma nova atmosfera aos ambientes.<\/li>\n<li><b>Benef\u00edcios das novas tonalidades:<\/b> As cores quentes n\u00e3o apenas modernizam os espa\u00e7os, mas tamb\u00e9m promovem bem-estar e aconchego.<\/li>\n<li><b>Tend\u00eancias em decora\u00e7\u00e3o:<\/b> Novas abordagens em m\u00f3veis e acess\u00f3rios est\u00e3o surgindo, refletindo a busca por designs \u00fanicos e funcionais.<\/li>\n<\/ul>\n<h2>O branco j\u00e1 n\u00e3o \u00e9 mais tend\u00eancia<\/h2>\n<p>Durante anos, o <b>branco<\/b> foi a cor favorita na decora\u00e7\u00e3o de interiores, simbolizando pureza e amplitude. No entanto, as tend\u00eancias para 2025 indicam uma mudan\u00e7a significativa. As cores quentes e acolhedoras est\u00e3o tomando o lugar do branco, trazendo uma nova vida aos lares. Essa transforma\u00e7\u00e3o n\u00e3o \u00e9 apenas uma quest\u00e3o est\u00e9tica, mas tamb\u00e9m uma forma de criar ambientes que promovem o <b>bem-estar<\/b> e a <b>conex\u00e3o<\/b> com a natureza.<\/p>\n<h3>Cores que transformam a atmosfera do lar<\/h3>\n<p>De acordo com especialistas, as cores que se destacam em 2025 incluem o <b>amarelo suave<\/b>, o <b>verde oliva<\/b>, os <b>vermelhos profundos<\/b> como o oxblood e o terracota, al\u00e9m do <b>azul International Klein Blue<\/b>. Essas tonalidades n\u00e3o apenas substituem o branco, mas tamb\u00e9m criam uma atmosfera mais vibrante e acolhedora. O amarelo suave, por exemplo, \u00e9 considerado o novo neutro, ideal para espa\u00e7os que buscam luminosidade e relaxamento. Sua calidez combina perfeitamente com materiais naturais, como madeira e m\u00e1rmore, proporcionando uma sensa\u00e7\u00e3o de lar acolhedor.<\/p>\n<p>O verde oliva, por sua vez, traz uma conex\u00e3o com a natureza, sendo perfeito para escrit\u00f3rios ou salas de estar. Essa cor transmite frescor e equil\u00edbrio, criando um ambiente prop\u00edcio para a concentra\u00e7\u00e3o e o relaxamento. J\u00e1 os tons de vermelho profundo, como o oxblood e o terracota, adicionam sofistica\u00e7\u00e3o e calor a qualquer espa\u00e7o, ideal para quem busca eleg\u00e2ncia sem abrir m\u00e3o do conforto. O azul International Klein Blue, um cl\u00e1ssico atemporal, agora ganha destaque como um toque vibrante em m\u00f3veis, paredes ou detalhes decorativos.<\/p>\n<h3>Benef\u00edcios dos outros tons<\/h3>\n<figure style=\"width: 1024px\" class=\"wp-caption aligncenter\"><img decoding=\"async\" src=\"https:\/\/www.aarquiteta.com.br\/blog\/wp-content\/uploads\/2025\/02\/branco-nao-e-mais-tendencia-na-decoracao.jpg\" alt=\"5 cores quentes que transformar\u00e3o sua decora\u00e7\u00e3o em 2025.\" width=\"1024\" height=\"1024\" title=\"\"><figcaption class=\"wp-caption-text\">Source: <a href=\"https:\/\/ndmais.com.br\/arquitetura-e-decoracao\/o-branco-ja-nao-e-mais-tendencia-a-cor-que-sera-destaque-na-decoracao-em-2025\/\" target=\"_blank\" rel=\"noopener\">NDMAIS<\/a><\/figcaption><\/figure>\n<p>As novas cores n\u00e3o apenas modernizam os espa\u00e7os, mas tamb\u00e9m oferecem uma s\u00e9rie de benef\u00edcios emocionais e psicol\u00f3gicos. Cores quentes, como o amarelo e o terracota, s\u00e3o conhecidas por estimular a criatividade e a energia, enquanto o verde oliva promove a tranquilidade e a harmonia. Essas tonalidades ajudam a criar um ambiente que n\u00e3o s\u00f3 \u00e9 visualmente atraente, mas tamb\u00e9m <b>confort\u00e1vel<\/b> e <b>acolhedor<\/b>.<\/p>\n<p>Al\u00e9m disso, a escolha de cores mais quentes pode influenciar positivamente o humor dos moradores. Ambientes decorados com essas tonalidades tendem a ser mais convidativos, fazendo com que as pessoas se sintam mais \u00e0 vontade e relaxadas. Isso \u00e9 especialmente importante em tempos em que o lar se tornou um ref\u00fagio, um espa\u00e7o para trabalhar, relaxar e socializar.<\/p>\n<h3>Arquitetura e Decora\u00e7\u00e3o<\/h3>\n<p>As tend\u00eancias em arquitetura e decora\u00e7\u00e3o tamb\u00e9m est\u00e3o evoluindo. O foco agora est\u00e1 em criar espa\u00e7os que sejam n\u00e3o apenas bonitos, mas tamb\u00e9m funcionais e adapt\u00e1veis. Por exemplo, a nova tend\u00eancia de espelhos n\u00e3o tradicionais permite brincar com formas e tamanhos, adaptando-se a qualquer espa\u00e7o e criando um efeito visual interessante. Esses espelhos podem ser usados para ampliar visualmente os ambientes, refletindo a luz e criando uma sensa\u00e7\u00e3o de profundidade.<\/p>\n<p>Al\u00e9m disso, o Grupo JM est\u00e1 inovando com a apresenta\u00e7\u00e3o de lofts a partir de 19m\u00b2, oferecendo op\u00e7\u00f5es de loca\u00e7\u00e3o e parcelamento facilitado. Esses apartamentos compactos s\u00e3o ideais para quem busca praticidade e conforto, especialmente em \u00e1reas urbanas. A L\u00f3que J\u00e1, por exemplo, oferece mob\u00edlia e decora\u00e7\u00e3o que se encaixam perfeitamente nesses espa\u00e7os, tornando-os ainda mais atraentes.<\/p>\n<h3>Adeus \u00e0s cadeiras tradicionais<\/h3>\n<h3>Assista agora a minha recomenda\u00e7\u00e3o de video abaixo sobre o tema que estamos tratando neste artigo: <\/h3>\n<p><iframe title=\"YouTube video player\" src=\"\" width=\"560\" height=\"315\" frameborder=\"0\" allowfullscreen=\"allowfullscreen\"><\/iframe><\/p>\n<p>Outra tend\u00eancia que est\u00e1 ganhando for\u00e7a \u00e9 a substitui\u00e7\u00e3o das cadeiras tradicionais por alternativas mais pr\u00e1ticas e vers\u00e1teis. Essas novas op\u00e7\u00f5es proporcionam v\u00e1rios estilos decorativos em um \u00fanico c\u00f4modo, permitindo que os moradores expressem sua personalidade de maneira \u00fanica. A sala de jantar, por exemplo, pode se transformar em um espa\u00e7o din\u00e2mico e acolhedor, onde as pessoas se re\u00fanem para compartilhar momentos especiais.<\/p>\n<h3>Decora\u00e7\u00e3o da parede da televis\u00e3o<\/h3>\n<p>Com a populariza\u00e7\u00e3o das TVs de tela plana, a decora\u00e7\u00e3o da parede onde elas est\u00e3o instaladas se tornou uma preocupa\u00e7\u00e3o para muitos. Existem v\u00e1rias ideias criativas para aproveitar ao m\u00e1ximo esse espa\u00e7o, tornando-o mais funcional e estiloso. Pain\u00e9is de madeira, prateleiras flutuantes e quadros decorativos s\u00e3o algumas das op\u00e7\u00f5es que podem transformar a parede da televis\u00e3o em um verdadeiro destaque da sala.<\/p>\n<h3>Senna Tower: inova\u00e7\u00e3o na constru\u00e7\u00e3o<\/h3>\n<p>Por fim, a constru\u00e7\u00e3o da Senna Tower, o residencial mais alto do mundo, promete trazer tecnologia in\u00e9dita na funda\u00e7\u00e3o. Com investimentos na ordem de R$ 3 bilh\u00f5es, esse projeto ambicioso ser\u00e1 constru\u00eddo em Balne\u00e1rio Cambori\u00fa e promete revolucionar o conceito de moradia. A inova\u00e7\u00e3o na constru\u00e7\u00e3o civil reflete a busca por solu\u00e7\u00f5es que atendam \u00e0s necessidades contempor\u00e2neas, unindo est\u00e9tica e funcionalidade.<\/p>\n<h2>Conclus\u00e3o<\/h2>\n<p>Em suma, as tend\u00eancias de decora\u00e7\u00e3o para 2025 est\u00e3o se afastando do branco e abra\u00e7ando cores mais quentes e acolhedoras. Essa mudan\u00e7a n\u00e3o \u00e9 apenas uma quest\u00e3o de estilo, mas tamb\u00e9m uma forma de criar ambientes que promovem o bem-estar e a conex\u00e3o com a natureza. Com a evolu\u00e7\u00e3o das tend\u00eancias em arquitetura e decora\u00e7\u00e3o, os lares est\u00e3o se tornando espa\u00e7os mais din\u00e2micos, funcionais e cheios de personalidade. Portanto, \u00e9 hora de deixar o branco de lado e explorar as novas possibilidades que as cores t\u00eam a oferecer.<\/p>\n","protected":false},"excerpt":{"rendered":"<p>Em 2025, as tend\u00eancias de decora\u00e7\u00e3o est\u00e3o mudando, e o branco, que antes reinava absoluto, agora d\u00e1 espa\u00e7o a cores mais quentes e acolhedoras, trazendo personalidade e conforto aos lares. Destaques principais Transforma\u00e7\u00e3o das cores: O branco perde espa\u00e7o para tons como amarelo suave, verde oliva e vermelhos profundos, que trazem uma nova atmosfera aos [&hellip;]<\/p>\n","protected":false},"author":102,"featured_media":142482,"comment_status":"closed","ping_status":"closed","sticky":false,"template":"","format":"standard","meta":{"footnotes":""},"categories":[249,19127],"tags":[],"class_list":["post-142483","post","type-post","status-publish","format-standard","has-post-thumbnail","category-engenharia-e-construcao-civil","category-reforma-e-manutencao"],"_wp_attached_file":null,"_wp_attachment_metadata":null,"_wp_attachment_context":null,"_wp_attachment_is_custom_header":null,"geo_longitude":null,"geo_public":null,"geo_latitude":null,"_publicize_done_external":null,"_wpas_done_3897181":null,"publicize_twitter_user":null,"_wpas_done_3897175":null,"_wpas_skip_3897181":null,"_wpas_skip_3897175":null,"_wpas_skip_3924723":null,"_wpas_mess":null,"_wpas_done_3924723":null,"wps_subtitle":"","_links":{"self":[{"href":"https:\/\/www.aarquiteta.com.br\/blog\/wp-json\/wp\/v2\/posts\/142483","targetHints":{"allow":["GET"]}}],"collection":[{"href":"https:\/\/www.aarquiteta.com.br\/blog\/wp-json\/wp\/v2\/posts"}],"about":[{"href":"https:\/\/www.aarquiteta.com.br\/blog\/wp-json\/wp\/v2\/types\/post"}],"author":[{"embeddable":true,"href":"https:\/\/www.aarquiteta.com.br\/blog\/wp-json\/wp\/v2\/users\/102"}],"replies":[{"embeddable":true,"href":"https:\/\/www.aarquiteta.com.br\/blog\/wp-json\/wp\/v2\/comments?post=142483"}],"version-history":[{"count":0,"href":"https:\/\/www.aarquiteta.com.br\/blog\/wp-json\/wp\/v2\/posts\/142483\/revisions"}],"wp:featuredmedia":[{"embeddable":true,"href":"https:\/\/www.aarquiteta.com.br\/blog\/wp-json\/wp\/v2\/media\/142482"}],"wp:attachment":[{"href":"https:\/\/www.aarquiteta.com.br\/blog\/wp-json\/wp\/v2\/media?parent=142483"}],"wp:term":[{"taxonomy":"category","embeddable":true,"href":"https:\/\/www.aarquiteta.com.br\/blog\/wp-json\/wp\/v2\/categories?post=142483"},{"taxonomy":"post_tag","embeddable":true,"href":"https:\/\/www.aarquiteta.com.br\/blog\/wp-json\/wp\/v2\/tags?post=142483"}],"curies":[{"name":"wp","href":"https:\/\/api.w.org\/{rel}","templated":true}]}}