{"id":142448,"date":"2025-02-01T16:50:17","date_gmt":"2025-02-01T19:50:17","guid":{"rendered":"https:\/\/www.aarquiteta.com.br\/blog\/lavanderia-pequena-5-dicas-para-um-ambiente-funcional\/"},"modified":"2025-02-01T16:50:17","modified_gmt":"2025-02-01T19:50:17","slug":"lavanderia-pequena-5-dicas-para-um-ambiente-funcional","status":"publish","type":"post","link":"https:\/\/www.aarquiteta.com.br\/blog\/lavanderia-pequena-5-dicas-para-um-ambiente-funcional\/","title":{"rendered":"Decora\u00e7\u00e3o de Lavanderias Pequenas: Dicas para um Ambiente Funcional"},"content":{"rendered":"<p><body><\/p>\n<p>Transformar sua lavanderia pequena em um espa\u00e7o funcional \u00e9 completamente poss\u00edvel! Com algumas dicas pr\u00e1ticas de organiza\u00e7\u00e3o, uso de cores e tecnologia, voc\u00ea pode otimizar o ambiente e deix\u00e1-lo muito mais agrad\u00e1vel.<\/p>\n<h2>Principais Dicas para Organizar sua Lavanderia<\/h2>\n<ul>\n<li><b>Arm\u00e1rios adequados:<\/b> Incorporar bons arm\u00e1rios \u00e9 essencial para maximizar o espa\u00e7o.<\/li>\n<li><b>Acess\u00f3rios otimizadores:<\/b> Use prateleiras e nichos para manter tudo em ordem.<\/li>\n<li><b>Cores claras:<\/b> Escolher tonalidades certas ajuda a ampliar a sensa\u00e7\u00e3o do espa\u00e7o.<\/li>\n<li><b>Tecnologia:<\/b> Invista em eletrodom\u00e9sticos multifuncionais que facilitam o dia a dia.<\/li>\n<li><b>Revestimentos ideais:<\/b> A escolha de materiais resistentes \u00e9 crucial para longevidade.<\/li>\n<\/ul>\n<h2>1. Incluindo Arm\u00e1rios que Fazem a Diferen\u00e7a<\/h2>\n<p>Quando se trata de lavanderias, <b>ter arm\u00e1rios adequados \u00e9 fundamental<\/b>. Eles n\u00e3o apenas armazenam produtos de limpeza como tamb\u00e9m ajudam a manter a ordem.<\/p>\n<p>Conhe\u00e7o muitos modelos prontos, mas \u00e0s vezes, um arm\u00e1rio sob medida \u00e9 a solu\u00e7\u00e3o ideal. Dessa forma, voc\u00ea garante que <b>ele se encaixe perfeitamente<\/b> no espa\u00e7o. E n\u00e3o se esque\u00e7a: escolher as cores e acabamentos certos transforma completamente o ambiente!<\/p>\n<p>Meus clientes sempre ficam surpresos ao perceber como um arm\u00e1rio vertical otimiza cada cantinho, e o resultado \u00e9 simplesmente incr\u00edvel!<\/p>\n<h2>2. Acess\u00f3rios que Fazem Maravilhas<\/h2>\n<p>Quem disse que uma lavanderia pequena n\u00e3o pode ser pr\u00e1tica? <b>Apostar em acess\u00f3rios \u00e9 um truque simples<\/b> que torna o espa\u00e7o totalmente funcional. Prateleiras e nichos s\u00e3o excelentes aliados.<\/p>\n<p>Cestos organizadores? S\u00e3o indispens\u00e1veis! Eles ajudam a separar os itens e a manter o ambiente limpo e arrumado. E quanto mais organizados, menos estresse na hora de realizar as tarefas do dia a dia!<\/p>\n<p>Ah! E se a falta de espa\u00e7o for um problema, considere um varal compacto. Funciona muito bem nessa situa\u00e7\u00e3o e, acredite, d\u00e1 um charme especial ao ambiente!<\/p>\n<h2>3. Usando Cores Claras para Amplitude<\/h2>\n<p>A escolha das cores na lavanderia \u00e9 crucial. Cores <b>claras s\u00e3o capacitantes<\/b> e transmitem uma sensa\u00e7\u00e3o de amplitude e limpeza. O branco, cinza claro e at\u00e9 o pistache s\u00e3o \u00f3timas op\u00e7\u00f5es.<\/p>\n<p>Pessoalmente, sempre sugiro que as cores dos arm\u00e1rios e revestimentos estejam em harmonia com a decora\u00e7\u00e3o dos outros c\u00f4modos. Isso n\u00e3o s\u00f3 unifica o ambiente como tamb\u00e9m <b>torna a casa mais acolhedora<\/b>.<\/p>\n<p>Al\u00e9m disso, a escolha das cores corretas pode melhorar consideravelmente a sua experi\u00eancia durante o uso do espa\u00e7o!<\/p>\n<h2>4. Tecnologia: Uma Aliada Poderosa<\/h2>\n<p>Quem vive na correria sabe: <b>muitas vezes, a tecnologia \u00e9 nossa melhor amiga<\/b>. Uma m\u00e1quina de lavar que tamb\u00e9m seca? Pr\u00e1tica e funcional, isso \u00e9 um verdadeiro salva-vidas!<\/p>\n<p>Com a implementa\u00e7\u00e3o de eletrodom\u00e9sticos multifuncionais, voc\u00ea libera espa\u00e7o e torna a rotina muito mais leve e agrad\u00e1vel.<\/p>\n<p>A an\u00e1lise da infraestrutura do espa\u00e7o deve estar sempre presente. N\u00e3o hesite em contratar um especialista para uma consultoria. Isso pode evitar chatea\u00e7\u00f5es futuras e trazer resultados incr\u00edveis!<\/p>\n<h2>5. Revestimentos que Facilitam a Vida<\/h2>\n<p>A escolha do revestimento \u00e9 mais importante do que muitos pensam. \u00c9 preciso considerar n\u00e3o apenas a est\u00e9tica, mas tamb\u00e9m a <b>durabilidade e a resist\u00eancia<\/b>.<\/p>\n<p>Materiais como cer\u00e2mica e porcelanato s\u00e3o recomendados por serem f\u00e1ceis de limpar e possuem baixa absor\u00e7\u00e3o de \u00e1gua. Lembre-se: um bom revestimento \u00e9 fundamental para garantir a seguran\u00e7a das atividades di\u00e1rias.<\/p>\n<p>Tirar proveito das texturas e acabamentos pode ser um jeito divertido de incrementar o ambiente, sabia disso?<\/p>\n<h2>6. Inspira\u00e7\u00e3o \u00e9 a Chave!<\/h2>\n<p>Clique em qualquer rede social e voc\u00ea encontrar\u00e1 montes de ideias. <b>Inspira\u00e7\u00e3o \u00e9 fundamental<\/b> e despertar a criatividade ao imaginar sua lavanderia \u00e9 uma parte essencial do processo.<\/p>\n<p>Salve imagens, fa\u00e7a montagens e crie um moodboard. Isso te ajudar\u00e1 a visualizar o que realmente deseja e a investir em solu\u00e7\u00f5es pr\u00e1ticas que fazem sentido para voc\u00ea!<\/p>\n<p>E quem diria que limpar e organizar poderia ser uma experi\u00eancia divertida e criativa, n\u00e3o \u00e9 mesmo?<\/p>\n<h2>Conclus\u00e3o<\/h2>\n<p>Transformar a sua lavanderia pequena em um espa\u00e7o que une funcionalidade e est\u00e9tica \u00e9 completamente poss\u00edvel com as dicas que compartilhei. <b>Invista em bons materiais<\/b>, aposte em tecnologia e n\u00e3o esque\u00e7a: a organiza\u00e7\u00e3o \u00e9 a chave para manter tudo em ordem!<\/p>\n<p>Lembre-se de que cada mudan\u00e7a, por menor que seja, traz um impacto significativo no dia a dia. Se precisar, busque a ajuda de profissionais para garantir que cada detalhe fa\u00e7a sentido na sua vis\u00e3o. Agora \u00e9 a sua vez de <b>dar vida \u00e0 sua lavanderia<\/b>!<\/p>\n<p><\/body><br \/>\n<figure style=\"width: 1024px\" class=\"wp-caption aligncenter\"><img decoding=\"async\" src=\"https:\/\/www.aarquiteta.com.br\/blog\/wp-content\/uploads\/2025\/02\/lavanderia-pequena-5-dicas-para-um-ambiente-funcional01.jpg\" alt=\"Decora\u00e7\u00e3o de Lavanderias Pequenas: Dicas para um Ambiente Funcional\" width=\"1024\" height=\"1024\" title=\"\"><figcaption class=\"wp-caption-text\">Decora\u00e7\u00e3o de Lavanderias Pequenas: Dicas para um Ambiente Funcional<\/figcaption><\/figure> <\/p>\n<figure style=\"width: 1024px\" class=\"wp-caption aligncenter\"><img decoding=\"async\" src=\"https:\/\/www.aarquiteta.com.br\/blog\/wp-content\/uploads\/2025\/02\/lavanderiapequena3.jpeg.webp\" alt=\"Foto de uma lavanderia pequena com revestimento e decora\u00e7\u00e3o moderna.\" title=\"\"><figcaption class=\"wp-caption-text\">Foto de uma lavanderia pequena com revestimento e decora\u00e7\u00e3o moderna.<\/figcaption><\/figure>\n<figure style=\"width: 1024px\" class=\"wp-caption aligncenter\"><img decoding=\"async\" src=\"https:\/\/www.aarquiteta.com.br\/blog\/wp-content\/uploads\/2025\/02\/lavanderiapequena5.jpeg.webp\" alt=\"Foto de uma lavanderia pequena otimizada com arm\u00e1rios.\" title=\"\"><figcaption class=\"wp-caption-text\">Foto de uma lavanderia pequena otimizada com arm\u00e1rios.<\/figcaption><\/figure>\n<figure style=\"width: 1024px\" class=\"wp-caption aligncenter\"><img decoding=\"async\" src=\"https:\/\/www.aarquiteta.com.br\/blog\/wp-content\/uploads\/2025\/02\/lavanderia-pequena-5-dicas-para-um-ambiente-funcional02.jpg\" alt=\"Decora\u00e7\u00e3o de Lavanderias Pequenas: Dicas para um Ambiente Funcional\" width=\"1024\" height=\"1024\" title=\"\"><figcaption class=\"wp-caption-text\">Decora\u00e7\u00e3o de Lavanderias Pequenas: Dicas para um Ambiente Funcional<\/figcaption><\/figure>\n<figure style=\"width: 1024px\" class=\"wp-caption aligncenter\"><img decoding=\"async\" src=\"https:\/\/www.aarquiteta.com.br\/blog\/wp-content\/uploads\/2025\/02\/lavanderiapequena6.jpeg.webp\" alt=\"Foto de uma lavanderia pequena com prateleiras e acess\u00f3rios organizadores.\" title=\"\"><figcaption class=\"wp-caption-text\">Foto de uma lavanderia pequena com prateleiras e acess\u00f3rios organizadores.<\/figcaption><\/figure>\n<figure style=\"width: 1024px\" class=\"wp-caption aligncenter\"><img decoding=\"async\" src=\"https:\/\/www.aarquiteta.com.br\/blog\/wp-content\/uploads\/2025\/02\/lavanderia-pequena-5-dicas-para-um-ambiente-funcional03.jpg\" alt=\"Decora\u00e7\u00e3o de Lavanderias Pequenas: Dicas para um Ambiente Funcional\" width=\"1024\" height=\"1024\" title=\"\"><figcaption class=\"wp-caption-text\">Decora\u00e7\u00e3o de Lavanderias Pequenas: Dicas para um Ambiente Funcional<\/figcaption><\/figure>\n<figure style=\"width: 1024px\" class=\"wp-caption aligncenter\"><img decoding=\"async\" src=\"https:\/\/www.aarquiteta.com.br\/blog\/wp-content\/uploads\/2025\/02\/lavanderiapequena1.jpeg.webp\" alt=\"Foto de uma lavanderia pequena iluminada e decorada com cores claras.\" title=\"\"><figcaption class=\"wp-caption-text\">Foto de uma lavanderia pequena iluminada e decorada com cores claras.<\/figcaption><\/figure>\n<figure style=\"width: 1024px\" class=\"wp-caption aligncenter\"><img decoding=\"async\" src=\"https:\/\/www.aarquiteta.com.br\/blog\/wp-content\/uploads\/2025\/02\/lavanderia-pequena-5-dicas-para-um-ambiente-funcional4.jpg\" alt=\"Decora\u00e7\u00e3o de Lavanderias Pequenas: Dicas para um Ambiente Funcional\" width=\"1024\" height=\"1024\" title=\"\"><figcaption class=\"wp-caption-text\">Decora\u00e7\u00e3o de Lavanderias Pequenas: Dicas para um Ambiente Funcional<\/figcaption><\/figure>\n<figure style=\"width: 1024px\" class=\"wp-caption aligncenter\"><img decoding=\"async\" src=\"https:\/\/www.aarquiteta.com.br\/blog\/wp-content\/uploads\/2025\/02\/lavanderiapequena2.jpeg.webp\" alt=\"Foto de uma lavanderia pequena com uma m\u00e1quina de lavar e secar compacta.\" title=\"\"><figcaption class=\"wp-caption-text\">Foto de uma lavanderia pequena com uma m\u00e1quina de lavar e secar compacta.<\/figcaption><\/figure>\n<p><iframe title=\"YouTube video player\" src=\"https:\/\/www.youtube.com\/embed\/tHiZh-QH1aY\" width=\"560\" height=\"315\" frameborder=\"0\" allowfullscreen=\"allowfullscreen\"><\/iframe><\/p>\n<figure style=\"width: 1024px\" class=\"wp-caption aligncenter\"><img decoding=\"async\" src=\"https:\/\/www.aarquiteta.com.br\/blog\/wp-content\/uploads\/2025\/02\/lavanderiapequena4.jpeg.webp\" alt=\"Foto de uma lavanderia pequena bem organizada e funcional com detalhes contempor\u00e2neos.\" title=\"\"><figcaption class=\"wp-caption-text\">Foto de uma lavanderia pequena bem organizada e funcional com detalhes contempor\u00e2neos.<\/figcaption><\/figure>\n","protected":false},"excerpt":{"rendered":"<p>Descubra 8 dicas essenciais para decorar sua lavanderia pequena e torn\u00e1-la funcional e agrad\u00e1vel.<\/p>\n","protected":false},"author":102,"featured_media":142441,"comment_status":"closed","ping_status":"closed","sticky":false,"template":"","format":"standard","meta":{"footnotes":""},"categories":[1507,6,249],"tags":[],"class_list":["post-142448","post","type-post","status-publish","format-standard","has-post-thumbnail","category-arquitetura","category-carreira-de-arquitetura","category-engenharia-e-construcao-civil"],"_wp_attached_file":null,"_wp_attachment_metadata":null,"_wp_attachment_context":null,"_wp_attachment_is_custom_header":null,"geo_longitude":null,"geo_public":null,"geo_latitude":null,"_publicize_done_external":null,"_wpas_done_3897181":null,"publicize_twitter_user":null,"_wpas_done_3897175":null,"_wpas_skip_3897181":null,"_wpas_skip_3897175":null,"_wpas_skip_3924723":null,"_wpas_mess":null,"_wpas_done_3924723":null,"wps_subtitle":"","_links":{"self":[{"href":"https:\/\/www.aarquiteta.com.br\/blog\/wp-json\/wp\/v2\/posts\/142448","targetHints":{"allow":["GET"]}}],"collection":[{"href":"https:\/\/www.aarquiteta.com.br\/blog\/wp-json\/wp\/v2\/posts"}],"about":[{"href":"https:\/\/www.aarquiteta.com.br\/blog\/wp-json\/wp\/v2\/types\/post"}],"author":[{"embeddable":true,"href":"https:\/\/www.aarquiteta.com.br\/blog\/wp-json\/wp\/v2\/users\/102"}],"replies":[{"embeddable":true,"href":"https:\/\/www.aarquiteta.com.br\/blog\/wp-json\/wp\/v2\/comments?post=142448"}],"version-history":[{"count":0,"href":"https:\/\/www.aarquiteta.com.br\/blog\/wp-json\/wp\/v2\/posts\/142448\/revisions"}],"wp:featuredmedia":[{"embeddable":true,"href":"https:\/\/www.aarquiteta.com.br\/blog\/wp-json\/wp\/v2\/media\/142441"}],"wp:attachment":[{"href":"https:\/\/www.aarquiteta.com.br\/blog\/wp-json\/wp\/v2\/media?parent=142448"}],"wp:term":[{"taxonomy":"category","embeddable":true,"href":"https:\/\/www.aarquiteta.com.br\/blog\/wp-json\/wp\/v2\/categories?post=142448"},{"taxonomy":"post_tag","embeddable":true,"href":"https:\/\/www.aarquiteta.com.br\/blog\/wp-json\/wp\/v2\/tags?post=142448"}],"curies":[{"name":"wp","href":"https:\/\/api.w.org\/{rel}","templated":true}]}}