{"id":142417,"date":"2025-02-01T12:09:37","date_gmt":"2025-02-01T15:09:37","guid":{"rendered":"https:\/\/www.aarquiteta.com.br\/blog\/5-ideias-quadros-iniciantes-decoracao-paredes\/"},"modified":"2025-02-01T12:09:37","modified_gmt":"2025-02-01T15:09:37","slug":"5-ideias-quadros-iniciantes-decoracao-paredes","status":"publish","type":"post","link":"https:\/\/www.aarquiteta.com.br\/blog\/5-ideias-quadros-iniciantes-decoracao-paredes\/","title":{"rendered":"5 Ideias de Quadros para Iniciantes em Decora\u00e7\u00e3o de Paredes"},"content":{"rendered":"<p><body><\/p>\n<p>Descubra 5 ideias criativas e acess\u00edveis para decorar suas paredes, transformando qualquer ambiente com estilo e personalidade, mesmo se voc\u00ea for um iniciante na decora\u00e7\u00e3o.<\/p>\n<h2>Destaques principais<\/h2>\n<ul>\n<li><b>Galeria de Fotos:<\/b> Aprenda a escolher e dispor suas fotos de forma atraente, criando um espa\u00e7o pessoal e acolhedor.<\/li>\n<li><b>Pain\u00e9is de Madeira:<\/b> Descubra os diferentes tipos de madeira e como instal\u00e1-los para dar um toque r\u00fastico e elegante ao seu ambiente.<\/li>\n<li><b>Adesivos de Parede:<\/b> Conhe\u00e7a as vantagens dos adesivos e onde encontr\u00e1-los para uma decora\u00e7\u00e3o pr\u00e1tica e divertida.<\/li>\n<\/ul>\n<h2>1. Galeria de Fotos<\/h2>\n<p>Uma <b>galeria de fotos<\/b> \u00e9 uma maneira incr\u00edvel de personalizar suas paredes. Ao escolher as fotos certas, voc\u00ea pode contar uma hist\u00f3ria visual que reflete sua vida e suas mem\u00f3rias.<\/p>\n<h3>Escolhendo as Fotos Certas<\/h3>\n<figure style=\"width: 1024px\" class=\"wp-caption aligncenter\"><img decoding=\"async\" src=\"https:\/\/www.aarquiteta.com.br\/blog\/wp-content\/uploads\/2025\/02\/5-ideias-quadros-iniciantes-decoracao-paredes04.jpg\" alt=\"5 Ideias de Quadros para Iniciantes em Decora\u00e7\u00e3o de Paredes\" width=\"1024\" height=\"1024\" title=\"\"><figcaption class=\"wp-caption-text\">5 Ideias de Quadros para Iniciantes em Decora\u00e7\u00e3o de Paredes<\/figcaption><\/figure>\n<p>Ao selecionar suas fotos, pense em momentos que realmente importam. Fotos de viagens, fam\u00edlia ou amigos s\u00e3o \u00f3timas op\u00e7\u00f5es. O importante \u00e9 que elas <b>resonem com voc\u00ea<\/b>.<\/p>\n<h3>Disposi\u00e7\u00e3o e Molduras<\/h3>\n<figure style=\"width: 1024px\" class=\"wp-caption aligncenter\"><img decoding=\"async\" src=\"https:\/\/www.aarquiteta.com.br\/blog\/wp-content\/uploads\/2025\/02\/5-ideias-quadros-iniciantes-decoracao-paredes03.jpg\" alt=\"5 Ideias de Quadros para Iniciantes em Decora\u00e7\u00e3o de Paredes\" width=\"1024\" height=\"1024\" title=\"\"><figcaption class=\"wp-caption-text\">5 Ideias de Quadros para Iniciantes em Decora\u00e7\u00e3o de Paredes<\/figcaption><\/figure>\n<p>A disposi\u00e7\u00e3o das fotos pode fazer toda a diferen\u00e7a. Experimente diferentes arranjos no ch\u00e3o antes de fix\u00e1-las na parede. Use molduras que combinem entre si, mas que tamb\u00e9m tenham <b>estilos variados<\/b> para um efeito mais din\u00e2mico.<\/p>\n<h2>2. Pain\u00e9is de Madeira<\/h2>\n<p>Os <b>pain\u00e9is de madeira<\/b> s\u00e3o uma tend\u00eancia que traz aconchego e sofistica\u00e7\u00e3o. Eles podem ser usados em qualquer ambiente, desde salas at\u00e9 quartos.<\/p>\n<h3>Tipos de Madeira e Acabamentos<\/h3>\n<figure style=\"width: 1024px\" class=\"wp-caption aligncenter\"><img decoding=\"async\" src=\"https:\/\/www.aarquiteta.com.br\/blog\/wp-content\/uploads\/2025\/02\/5-ideias-quadros-iniciantes-decoracao-paredes02.jpg\" alt=\"5 Ideias de Quadros para Iniciantes em Decora\u00e7\u00e3o de Paredes\" width=\"1024\" height=\"1024\" title=\"\"><figcaption class=\"wp-caption-text\">5 Ideias de Quadros para Iniciantes em Decora\u00e7\u00e3o de Paredes<\/figcaption><\/figure>\n<p>Existem v\u00e1rias op\u00e7\u00f5es de madeira, como pinho, carvalho e MDF. Cada tipo tem suas caracter\u00edsticas e acabamentos que podem se adequar ao seu estilo. Escolha um que <b>comunique sua personalidade<\/b>.<\/p>\n<h3>Como Instalar Pain\u00e9is na Parede<\/h3>\n<figure style=\"width: 1024px\" class=\"wp-caption aligncenter\"><img decoding=\"async\" src=\"https:\/\/www.aarquiteta.com.br\/blog\/wp-content\/uploads\/2025\/02\/5-ideias-quadros-iniciantes-decoracao-paredes01.jpg\" alt=\"5 Ideias de Quadros para Iniciantes em Decora\u00e7\u00e3o de Paredes\" width=\"1024\" height=\"1024\" title=\"\"><figcaption class=\"wp-caption-text\">5 Ideias de Quadros para Iniciantes em Decora\u00e7\u00e3o de Paredes<\/figcaption><\/figure>\n<p>A instala\u00e7\u00e3o pode ser feita de forma simples. Utilize adesivos ou parafusos, dependendo do peso dos pain\u00e9is. Lembre-se de medir e nivelar bem para um resultado <b>profissional<\/b>.<\/p>\n<h2>3. Adesivos de Parede<\/h2>\n<p>Os <b>adesivos de parede<\/b> s\u00e3o uma solu\u00e7\u00e3o pr\u00e1tica e acess\u00edvel para quem quer mudar a decora\u00e7\u00e3o sem muito esfor\u00e7o. Eles v\u00eam em diversas formas e tamanhos.<\/p>\n<h3>Vantagens dos Adesivos<\/h3>\n<p style=\"text-align: center;\">[amazon table=&#8221;88024&#8243;]\n<p>Uma das grandes vantagens \u00e9 a facilidade de aplica\u00e7\u00e3o e remo\u00e7\u00e3o. Voc\u00ea pode mudar a decora\u00e7\u00e3o sempre que quiser, sem danificar a parede. Al\u00e9m disso, eles s\u00e3o <b>f\u00e1ceis de encontrar<\/b> em lojas f\u00edsicas e online.<\/p>\n<h3>Onde Encontrar Adesivos Criativos<\/h3>\n<h3>Assista agora a minha recomenda\u00e7\u00e3o de video abaixo sobre o tema que estamos tratando neste artigo: <\/h3>\n<p><div class=\"youtube-embed\" data-video_id=\"G5g3FnE7yg0\"><iframe title=\"DIY Quadros modernos com \u00c1GUA e DETERGENTE!\" width=\"696\" height=\"392\" src=\"https:\/\/www.youtube.com\/embed\/G5g3FnE7yg0?feature=oembed&#038;enablejsapi=1\" frameborder=\"0\" allow=\"accelerometer; autoplay; clipboard-write; encrypted-media; gyroscope; picture-in-picture; web-share\" referrerpolicy=\"strict-origin-when-cross-origin\" allowfullscreen><\/iframe><\/div>\n<\/p>\n<p>Pesquise em sites de decora\u00e7\u00e3o ou em lojas especializadas. Muitas vezes, voc\u00ea pode encontrar adesivos personalizados que se encaixam perfeitamente no seu estilo. N\u00e3o tenha medo de <b>explorar novas ideias<\/b>.<\/p>\n<h2>4. Prateleiras Decorativas<\/h2>\n<p>As <b>prateleiras decorativas<\/b> s\u00e3o uma \u00f3tima maneira de exibir objetos e plantas, al\u00e9m de serem funcionais. Elas ajudam a organizar o espa\u00e7o e ainda decoram.<\/p>\n<h3>Escolhendo o Material e Estilo<\/h3>\n<p>Voc\u00ea pode optar por prateleiras de madeira, metal ou vidro. O importante \u00e9 que elas se harmonizem com o restante da decora\u00e7\u00e3o. Escolha um estilo que <b>comunique seu gosto pessoal<\/b>.<\/p>\n<h3>Organizando Objetos e Plantas<\/h3>\n<p>Ao organizar, misture objetos decorativos com plantas. Isso traz vida ao ambiente e cria um visual mais <b>interessante<\/b>. Lembre-se de variar as alturas e tamanhos dos itens.<\/p>\n<h2>5. Pintura Criativa<\/h2>\n<p>A <b>pintura criativa<\/b> \u00e9 uma forma de expressar sua personalidade. Com algumas t\u00e9cnicas simples, voc\u00ea pode transformar uma parede comum em uma obra de arte.<\/p>\n<h3>T\u00e9cnicas de Pintura para Iniciantes<\/h3>\n<p>Experimente t\u00e9cnicas como esponjado, pinceladas ou at\u00e9 mesmo stencil. N\u00e3o tenha medo de errar; a pr\u00e1tica leva \u00e0 perfei\u00e7\u00e3o. O importante \u00e9 se divertir e <b>deixar a criatividade fluir<\/b>.<\/p>\n<h3>Combina\u00e7\u00f5es de Cores e Estilos<\/h3>\n<p>Escolha cores que se complementem. Cores neutras podem ser combinadas com toques vibrantes para um efeito mais <b>impactante<\/b>. Pense no clima que voc\u00ea quer criar no ambiente.<\/p>\n<h2>Conclus\u00e3o<\/h2>\n<p>Decorar suas paredes n\u00e3o precisa ser uma tarefa dif\u00edcil. Com essas 5 ideias criativas, voc\u00ea pode transformar qualquer espa\u00e7o em um lugar que realmente <b>reflete sua personalidade<\/b>. Lembre-se de que a decora\u00e7\u00e3o \u00e9 uma extens\u00e3o de quem voc\u00ea \u00e9, ent\u00e3o divirta-se e experimente!<\/p>\n<p><\/body><\/p>\n","protected":false},"excerpt":{"rendered":"<p>Veja como escolher temas, tamanhos e composi\u00e7\u00f5es para criar uma galeria atraente em qualquer ambiente.<\/p>\n","protected":false},"author":102,"featured_media":142414,"comment_status":"closed","ping_status":"closed","sticky":false,"template":"","format":"standard","meta":{"footnotes":""},"categories":[1484,971,18792,18794],"tags":[],"class_list":["post-142417","post","type-post","status-publish","format-standard","has-post-thumbnail","category-decoracao","category-design-de-interiores","category-decoracao-de-apartamento","category-projetos-de-decoracao-de-casas"],"_wp_attached_file":null,"_wp_attachment_metadata":null,"_wp_attachment_context":null,"_wp_attachment_is_custom_header":null,"geo_longitude":null,"geo_public":null,"geo_latitude":null,"_publicize_done_external":null,"_wpas_done_3897181":null,"publicize_twitter_user":null,"_wpas_done_3897175":null,"_wpas_skip_3897181":null,"_wpas_skip_3897175":null,"_wpas_skip_3924723":null,"_wpas_mess":null,"_wpas_done_3924723":null,"wps_subtitle":"","_links":{"self":[{"href":"https:\/\/www.aarquiteta.com.br\/blog\/wp-json\/wp\/v2\/posts\/142417","targetHints":{"allow":["GET"]}}],"collection":[{"href":"https:\/\/www.aarquiteta.com.br\/blog\/wp-json\/wp\/v2\/posts"}],"about":[{"href":"https:\/\/www.aarquiteta.com.br\/blog\/wp-json\/wp\/v2\/types\/post"}],"author":[{"embeddable":true,"href":"https:\/\/www.aarquiteta.com.br\/blog\/wp-json\/wp\/v2\/users\/102"}],"replies":[{"embeddable":true,"href":"https:\/\/www.aarquiteta.com.br\/blog\/wp-json\/wp\/v2\/comments?post=142417"}],"version-history":[{"count":0,"href":"https:\/\/www.aarquiteta.com.br\/blog\/wp-json\/wp\/v2\/posts\/142417\/revisions"}],"wp:featuredmedia":[{"embeddable":true,"href":"https:\/\/www.aarquiteta.com.br\/blog\/wp-json\/wp\/v2\/media\/142414"}],"wp:attachment":[{"href":"https:\/\/www.aarquiteta.com.br\/blog\/wp-json\/wp\/v2\/media?parent=142417"}],"wp:term":[{"taxonomy":"category","embeddable":true,"href":"https:\/\/www.aarquiteta.com.br\/blog\/wp-json\/wp\/v2\/categories?post=142417"},{"taxonomy":"post_tag","embeddable":true,"href":"https:\/\/www.aarquiteta.com.br\/blog\/wp-json\/wp\/v2\/tags?post=142417"}],"curies":[{"name":"wp","href":"https:\/\/api.w.org\/{rel}","templated":true}]}}