{"id":142392,"date":"2025-02-01T07:02:06","date_gmt":"2025-02-01T10:02:06","guid":{"rendered":"https:\/\/www.aarquiteta.com.br\/blog\/plantas-para-jardim-externo\/"},"modified":"2025-02-01T07:02:06","modified_gmt":"2025-02-01T10:02:06","slug":"plantas-para-jardim-externo","status":"publish","type":"post","link":"https:\/\/www.aarquiteta.com.br\/blog\/plantas-para-jardim-externo\/","title":{"rendered":"Plantas para Jardim Externo: 10 Esp\u00e9cies Ideais"},"content":{"rendered":"<p>Descubra as 12 melhores plantas para jardim externo que se adaptam ao clima brasileiro e s\u00e3o f\u00e1ceis de cuidar, trazendo beleza e sofistica\u00e7\u00e3o ao seu espa\u00e7o.<\/p>\n<h2>Destaques principais<\/h2>\n<ul>\n<li><b>Variedade de Plantas:<\/b> Conhe\u00e7a as 12 esp\u00e9cies que se destacam pela resist\u00eancia e beleza, perfeitas para o clima brasileiro.<\/li>\n<li><b>Cuidados Essenciais:<\/b> Aprenda sobre as necessidades de cada planta, desde luz at\u00e9 tipo de solo, para garantir um jardim exuberante.<\/li>\n<li><b>Estilo e Sofistica\u00e7\u00e3o:<\/b> Descubra como essas plantas podem transformar seu espa\u00e7o externo em um ambiente acolhedor e elegante.<\/li>\n<\/ul>\n<h2>1. Brom\u00e9lia-imperial<\/h2>\n<h3>Caracter\u00edsticas e cuidados<\/h3>\n<figure style=\"width: 1024px\" class=\"wp-caption aligncenter\"><img decoding=\"async\" src=\"https:\/\/www.aarquiteta.com.br\/blog\/wp-content\/uploads\/2025\/02\/plantas-para-jardim-externo04.jpg\" alt=\"Plantas para Jardim Externo: 10 Esp\u00e9cies Ideais\" width=\"1024\" height=\"1024\" title=\"\"><figcaption class=\"wp-caption-text\">Plantas para Jardim Externo: 10 Esp\u00e9cies Ideais<\/figcaption><\/figure>\n<p>A <b>brom\u00e9lia-imperial<\/b> (Alcantarea imperialis) \u00e9 uma planta nativa do Brasil, famosa por suas folhas largas que podem chegar a 1,5 metros. Ela se destaca em jardins tropicais e \u00e9 ideal para quem busca um ponto focal no paisagismo. Prefere locais com <b>meia-sombra<\/b> e solo bem drenado, sendo super resistente e de f\u00e1cil manuten\u00e7\u00e3o.<\/p>\n<h2>2. Mor\u00e9ia<\/h2>\n<h3>Como cultivar e onde usar<\/h3>\n<figure style=\"width: 1024px\" class=\"wp-caption aligncenter\"><img decoding=\"async\" src=\"https:\/\/www.aarquiteta.com.br\/blog\/wp-content\/uploads\/2025\/02\/plantas-para-jardim-externo03.jpg\" alt=\"Plantas para Jardim Externo: 10 Esp\u00e9cies Ideais\" width=\"1024\" height=\"1024\" title=\"\"><figcaption class=\"wp-caption-text\">Plantas para Jardim Externo: 10 Esp\u00e9cies Ideais<\/figcaption><\/figure>\n<p>A <b>mor\u00e9ia<\/b> (Dietes bicolor) \u00e9 uma planta perene com folhas longas e finas, que se adaptam bem a diferentes tipos de solo. Suas flores amarelas com manchas marrons s\u00e3o um charme \u00e0 parte. Ela tolera tanto o <b>sol pleno<\/b> quanto a meia-sombra, sendo perfeita para bordaduras e maci\u00e7os em jardins.<\/p>\n<h2>3. Agapanthus azul<\/h2>\n<h3>Vantagens e dicas de plantio<\/h3>\n<figure style=\"width: 1024px\" class=\"wp-caption aligncenter\"><img decoding=\"async\" src=\"https:\/\/www.aarquiteta.com.br\/blog\/wp-content\/uploads\/2025\/02\/plantas-para-jardim-externo02.jpg\" alt=\"Plantas para Jardim Externo: 10 Esp\u00e9cies Ideais\" width=\"1024\" height=\"1024\" title=\"\"><figcaption class=\"wp-caption-text\">Plantas para Jardim Externo: 10 Esp\u00e9cies Ideais<\/figcaption><\/figure>\n<p>O <b>agapanthus azul<\/b>, ou agapanto, \u00e9 uma planta ornamental que traz flores em formato de guarda-chuva durante o ver\u00e3o. Ideal para formar maci\u00e7os e bordaduras, essa esp\u00e9cie prefere <b>luz solar direta<\/b> e solo f\u00e9rtil, adicionando um toque de cor e eleg\u00e2ncia ao seu jardim.<\/p>\n<h2>4. Espada de S\u00e3o Jorge<\/h2>\n<h3>Resist\u00eancia e versatilidade<\/h3>\n<figure style=\"width: 1024px\" class=\"wp-caption aligncenter\"><img decoding=\"async\" src=\"https:\/\/www.aarquiteta.com.br\/blog\/wp-content\/uploads\/2025\/02\/plantas-para-jardim-externo01.jpg\" alt=\"Plantas para Jardim Externo: 10 Esp\u00e9cies Ideais\" width=\"1024\" height=\"1024\" title=\"\"><figcaption class=\"wp-caption-text\">Plantas para Jardim Externo: 10 Esp\u00e9cies Ideais<\/figcaption><\/figure>\n<p>A <b>espada de S\u00e3o Jorge<\/b> (Dracaena trifasciata) \u00e9 uma planta extremamente resistente, conhecida por suas folhas verticais e r\u00edgidas. Ela se adapta a diferentes condi\u00e7\u00f5es de luz, desde <b>sol pleno<\/b> at\u00e9 sombra, sendo ideal para cercas vivas ou para delinear caminhos no jardim.<\/p>\n<h2>5. Camar\u00e3o vermelho<\/h2>\n<h3>Ambiente ideal e cuidados<\/h3>\n<p>O <b>camar\u00e3o vermelho<\/b> (Justicia brandegeana) \u00e9 uma planta perene com flores que lembram camar\u00f5es. Prefere <b>meia-sombra<\/b> e solo \u00famido, sendo perfeita para canteiros sombreados, onde traz cor e textura ao ambiente.<\/p>\n<h2>6. Orqu\u00eddea bambu<\/h2>\n<h3>Beleza e manuten\u00e7\u00e3o<\/h3>\n<h3>Assista agora a minha recomenda\u00e7\u00e3o de video abaixo sobre o tema que estamos tratando neste artigo: <\/h3>\n<p><div class=\"youtube-embed\" data-video_id=\"EHV5Tt-MLQQ\"><iframe title=\"5 plantas mais f\u00e1ceis de cuidar\" width=\"696\" height=\"392\" src=\"https:\/\/www.youtube.com\/embed\/EHV5Tt-MLQQ?feature=oembed&#038;enablejsapi=1\" frameborder=\"0\" allow=\"accelerometer; autoplay; clipboard-write; encrypted-media; gyroscope; picture-in-picture; web-share\" referrerpolicy=\"strict-origin-when-cross-origin\" allowfullscreen><\/iframe><\/div>\n<\/p>\n<p>A <b>orqu\u00eddea bambu<\/b> (Arundina graminifolia) \u00e9 uma planta alta, com hastes que podem chegar a 2 metros. Suas flores delicadas de cor rosa ou branca s\u00e3o um espet\u00e1culo. Ela prefere <b>sol pleno<\/b> e solo bem drenado, ideal para criar um ponto de destaque no jardim.<\/p>\n<h2>7. Helic\u00f4nia papagaio<\/h2>\n<h3>Caracter\u00edsticas e cuidados<\/h3>\n<p>A <b>helic\u00f4nia papagaio<\/b> (Heliconia psittacorum) \u00e9 uma planta nativa da Am\u00e9rica do Sul, famosa por suas flores coloridas que atraem p\u00e1ssaros. Ela prefere <b>sol pleno<\/b> e solo rico em mat\u00e9ria org\u00e2nica, sendo uma excelente escolha para quem deseja um jardim vibrante.<\/p>\n<h2>8. Phoenix Canariensis<\/h2>\n<h3>Estilo tropical<\/h3>\n<p>A <b>Phoenix Canariensis<\/b>, origin\u00e1ria das Ilhas Can\u00e1rias, \u00e9 uma palmeira de grande porte que traz um ar tropical ao jardim. Ela se adapta bem ao <b>sol pleno<\/b> e solo bem drenado, ideal para criar um ambiente sofisticado.<\/p>\n<h2>9. Capim-do-texas<\/h2>\n<h3>Leveza e movimento<\/h3>\n<p>O <b>capim-do-texas<\/b> (Nassella tenuissima) \u00e9 uma planta ornamental que se destaca pela leveza de suas folhas finas. Prefere <b>sol pleno<\/b> e solo arenoso, sendo \u00f3tima para compor maci\u00e7os e bordaduras, trazendo um movimento suave ao jardim.<\/p>\n<h2>10. Sing\u00f4nio<\/h2>\n<h3>Versatilidade e facilidade de cultivo<\/h3>\n<p>O <b>sing\u00f4nio<\/b> (Syngonium podophyllum) \u00e9 uma planta trepadeira com folhas em formato de cora\u00e7\u00e3o. Ela se adapta bem \u00e0 <b>meia-sombra<\/b> e solo \u00famido, podendo ser usada em vasos suspensos ou como forra\u00e7\u00e3o em \u00e1reas sombreadas.<\/p>\n<h2>11. Yuca<\/h2>\n<h3>Estilo des\u00e9rtico<\/h3>\n<p>A <b>yuca<\/b> (Yucca guatemalensis) \u00e9 uma planta de folhas r\u00edgidas que formam uma roseta densa. Ela prefere <b>sol pleno<\/b> e solo bem drenado, sendo perfeita para jardins de estilo des\u00e9rtico ou contempor\u00e2neo.<\/p>\n<h2>12. Costela-de-ad\u00e3o<\/h2>\n<h3>Ambiente exuberante<\/h3>\n","protected":false},"excerpt":{"rendered":"<p>Saiba tudo sobre plantas para jardim externo. Dicas, cuidados e informa\u00e7\u00f5es essenciais para seu jardim.<\/p>\n","protected":false},"author":102,"featured_media":142389,"comment_status":"closed","ping_status":"closed","sticky":false,"template":"","format":"standard","meta":{"footnotes":""},"categories":[9612,18792,18794],"tags":[],"class_list":["post-142392","post","type-post","status-publish","format-standard","has-post-thumbnail","category-jardinagem","category-decoracao-de-apartamento","category-projetos-de-decoracao-de-casas"],"_wp_attached_file":null,"_wp_attachment_metadata":null,"_wp_attachment_context":null,"_wp_attachment_is_custom_header":null,"geo_longitude":null,"geo_public":null,"geo_latitude":null,"_publicize_done_external":null,"_wpas_done_3897181":null,"publicize_twitter_user":null,"_wpas_done_3897175":null,"_wpas_skip_3897181":null,"_wpas_skip_3897175":null,"_wpas_skip_3924723":null,"_wpas_mess":null,"_wpas_done_3924723":null,"wps_subtitle":"","_links":{"self":[{"href":"https:\/\/www.aarquiteta.com.br\/blog\/wp-json\/wp\/v2\/posts\/142392","targetHints":{"allow":["GET"]}}],"collection":[{"href":"https:\/\/www.aarquiteta.com.br\/blog\/wp-json\/wp\/v2\/posts"}],"about":[{"href":"https:\/\/www.aarquiteta.com.br\/blog\/wp-json\/wp\/v2\/types\/post"}],"author":[{"embeddable":true,"href":"https:\/\/www.aarquiteta.com.br\/blog\/wp-json\/wp\/v2\/users\/102"}],"replies":[{"embeddable":true,"href":"https:\/\/www.aarquiteta.com.br\/blog\/wp-json\/wp\/v2\/comments?post=142392"}],"version-history":[{"count":0,"href":"https:\/\/www.aarquiteta.com.br\/blog\/wp-json\/wp\/v2\/posts\/142392\/revisions"}],"wp:featuredmedia":[{"embeddable":true,"href":"https:\/\/www.aarquiteta.com.br\/blog\/wp-json\/wp\/v2\/media\/142389"}],"wp:attachment":[{"href":"https:\/\/www.aarquiteta.com.br\/blog\/wp-json\/wp\/v2\/media?parent=142392"}],"wp:term":[{"taxonomy":"category","embeddable":true,"href":"https:\/\/www.aarquiteta.com.br\/blog\/wp-json\/wp\/v2\/categories?post=142392"},{"taxonomy":"post_tag","embeddable":true,"href":"https:\/\/www.aarquiteta.com.br\/blog\/wp-json\/wp\/v2\/tags?post=142392"}],"curies":[{"name":"wp","href":"https:\/\/api.w.org\/{rel}","templated":true}]}}