{"id":142387,"date":"2025-02-01T05:09:21","date_gmt":"2025-02-01T08:09:21","guid":{"rendered":"https:\/\/www.aarquiteta.com.br\/blog\/metas-de-carreira\/"},"modified":"2025-02-01T05:09:21","modified_gmt":"2025-02-01T08:09:21","slug":"metas-de-carreira","status":"publish","type":"post","link":"https:\/\/www.aarquiteta.com.br\/blog\/metas-de-carreira\/","title":{"rendered":"Descubra as melhores metas de carreira para seu sucesso."},"content":{"rendered":"<p>Definir metas de carreira \u00e9 essencial para quem deseja alcan\u00e7ar o sucesso profissional. Neste artigo, vou compartilhar dicas valiosas sobre como tra\u00e7ar objetivos claros e alcan\u00e7\u00e1veis, al\u00e9m de mostrar a import\u00e2ncia do autoconhecimento e do planejamento na sua jornada profissional.<\/p>\n<h2>Como definir metas de carreira?<\/h2>\n<h3>Desenvolva o autoconhecimento<\/h3>\n<p>O primeiro passo para definir metas de carreira \u00e9 <b>conhecer a si mesmo<\/b>. Isso significa entender suas paix\u00f5es, habilidades e valores. Pergunte-se: o que realmente me motiva? Quais s\u00e3o meus pontos fortes e fracos? Ao fazer essa autoan\u00e1lise, voc\u00ea pode identificar o que deseja alcan\u00e7ar e como pode chegar l\u00e1. <b>Fazer uma lista<\/b> com suas caracter\u00edsticas pode ajudar a visualizar melhor suas potencialidades e limita\u00e7\u00f5es. Por exemplo, se voc\u00ea tem um forte instinto de lideran\u00e7a, mas se considera desorganizado, pode buscar desenvolver habilidades de trabalho em equipe para melhorar essa \u00e1rea.<\/p>\n<h3>Reconhe\u00e7a as suas habilidades<\/h3>\n<figure style=\"width: 1024px\" class=\"wp-caption aligncenter\"><img decoding=\"async\" src=\"https:\/\/www.aarquiteta.com.br\/blog\/wp-content\/uploads\/2025\/02\/post_thumbnail-9815bc37d74c9239af3a8ab506f37307.jpg\" alt=\"Descubra as melhores metas de carreira para seu sucesso.\" width=\"1024\" height=\"1024\" title=\"\"><figcaption class=\"wp-caption-text\">Fonte: <a href=\"https:\/\/blog.anhanguera.com\/metas-de-carreira\/\" target=\"_blank\" rel=\"noopener\">Blog anhanguera<\/a><\/figcaption><\/figure>\n<p>Uma vez que voc\u00ea tenha um entendimento mais claro de si mesmo, o pr\u00f3ximo passo \u00e9 <b>reconhecer suas habilidades<\/b>. Isso envolve uma avalia\u00e7\u00e3o honesta de suas capacidades. Quais s\u00e3o suas habilidades t\u00e9cnicas? E as interpessoais? Anote tudo isso e reflita sobre como essas habilidades podem ser aplicadas em sua carreira. Se voc\u00ea \u00e9 uma pessoa curiosa e tem facilidade com tecnologia, talvez uma carreira na \u00e1rea de TI seja o caminho certo. Por outro lado, se voc\u00ea se destaca em comunica\u00e7\u00e3o e empatia, a \u00e1rea da sa\u00fade pode ser uma excelente escolha.<\/p>\n<h3>Defina o seu objetivo<\/h3>\n<p>Com o autoconhecimento e o reconhecimento das habilidades em m\u00e3os, \u00e9 hora de <b>definir seu objetivo profissional<\/b>. Um objetivo claro serve como um guia, ajudando a direcionar suas a\u00e7\u00f5es. Pense em onde voc\u00ea se v\u00ea em cinco ou dez anos. Quais s\u00e3o suas aspira\u00e7\u00f5es? \u00c9 importante que esses objetivos sejam realistas e alinhados com suas capacidades e interesses. Estabele\u00e7a metas de curto e longo prazo, como conseguir uma promo\u00e7\u00e3o ou mudar de \u00e1rea, e escreva tudo isso para que voc\u00ea possa acompanhar seu progresso.<\/p>\n<h3>Coloque prazo para as suas realiza\u00e7\u00f5es<\/h3>\n<p>Definir prazos \u00e9 crucial para a realiza\u00e7\u00e3o das suas metas. <b>Sem prazos, as metas podem se tornar apenas sonhos<\/b>. Estabele\u00e7a datas espec\u00edficas para alcan\u00e7ar cada um dos seus objetivos. Por exemplo, se voc\u00ea deseja concluir um curso de especializa\u00e7\u00e3o, defina um prazo para se inscrever e outro para finalizar. Lembre-se de que a disciplina e a paci\u00eancia s\u00e3o fundamentais nesse processo. A evolu\u00e7\u00e3o na carreira \u00e9 gradual, e cada pequeno passo conta.<\/p>\n<h3>Desenvolva uma vis\u00e3o profissional<\/h3>\n<p>Uma vis\u00e3o clara do futuro \u00e9 essencial para o sucesso. <b>Visualize onde voc\u00ea quer estar<\/b> em dez anos e como sua carreira pode contribuir para isso. Considere n\u00e3o apenas a sua vida profissional, mas tamb\u00e9m aspectos pessoais e sociais. Al\u00e9m disso, mantenha-se atualizado sobre as tend\u00eancias do mercado e as perspectivas da sua \u00e1rea de atua\u00e7\u00e3o. Isso ajudar\u00e1 a tra\u00e7ar objetivos vi\u00e1veis e a desenvolver uma vis\u00e3o profissional que se concretize ao longo dos anos.<\/p>\n<h3>Use a gradua\u00e7\u00e3o a seu favor<\/h3>\n<p><iframe width=\"560\" height=\"315\" src=\"https:\/\/www.youtube.com\/embed\/eJRBa5ZnTBc\" title=\"YouTube video player\" frameborder=\"0\" allow=\"accelerometer; autoplay; clipboard-write; encrypted-media; gyroscope; picture-in-picture; web-share\" referrerpolicy=\"strict-origin-when-cross-origin\" allowfullscreen><\/iframe><\/p>\n<p>Investir na educa\u00e7\u00e3o \u00e9 um dos passos mais importantes para alcan\u00e7ar metas de carreira. <b>Uma gradua\u00e7\u00e3o pode abrir portas<\/b> e proporcionar as habilidades necess\u00e1rias para se destacar no mercado de trabalho. Escolha uma institui\u00e7\u00e3o de ensino reconhecida e que ofere\u00e7a um curr\u00edculo alinhado com suas aspira\u00e7\u00f5es. Na Anhanguera, por exemplo, voc\u00ea ter\u00e1 acesso a professores experientes e a atividades que complementam sua forma\u00e7\u00e3o, como o programa Trilhas de Carreira. Essas experi\u00eancias pr\u00e1ticas s\u00e3o fundamentais para se preparar para o mercado.<\/p>\n<h2>Conclus\u00e3o<\/h2>\n<p>Definir metas de carreira \u00e9 um processo que exige reflex\u00e3o, planejamento e a\u00e7\u00e3o. Ao desenvolver o autoconhecimento, reconhecer suas habilidades, estabelecer objetivos claros e prazos, e investir na educa\u00e7\u00e3o, voc\u00ea estar\u00e1 no caminho certo para alcan\u00e7ar o sucesso profissional. N\u00e3o se esque\u00e7a de que cada passo conta e que a jornada \u00e9 t\u00e3o importante quanto o destino. Para mais informa\u00e7\u00f5es sobre como se inscrever em cursos que podem ajudar na sua trajet\u00f3ria, acesse <a href=\"https:\/\/www.anhanguera.com\/inscricao?utm_source=blog&#038;utm_medium=link&#038;utm_campaign=metas-carreira\" target=\"_blank\" rel=\"noopener\">este link<\/a>.<\/p>\n","protected":false},"excerpt":{"rendered":"<p>Definir metas de carreira \u00e9 essencial para quem deseja alcan\u00e7ar o sucesso profissional. Neste artigo, vou compartilhar dicas valiosas sobre como tra\u00e7ar objetivos claros e alcan\u00e7\u00e1veis, al\u00e9m de mostrar a import\u00e2ncia do autoconhecimento e do planejamento na sua jornada profissional. Como definir metas de carreira? Desenvolva o autoconhecimento O primeiro passo para definir metas de [&hellip;]<\/p>\n","protected":false},"author":20,"featured_media":142386,"comment_status":"closed","ping_status":"closed","sticky":false,"template":"","format":"standard","meta":{"footnotes":""},"categories":[6,35497],"tags":[],"class_list":["post-142387","post","type-post","status-publish","format-standard","has-post-thumbnail","category-carreira-de-arquitetura","category-estudante"],"_wp_attached_file":null,"_wp_attachment_metadata":null,"_wp_attachment_context":null,"_wp_attachment_is_custom_header":null,"geo_longitude":null,"geo_public":null,"geo_latitude":null,"_publicize_done_external":null,"_wpas_done_3897181":null,"publicize_twitter_user":null,"_wpas_done_3897175":null,"_wpas_skip_3897181":null,"_wpas_skip_3897175":null,"_wpas_skip_3924723":null,"_wpas_mess":null,"_wpas_done_3924723":null,"wps_subtitle":"","_links":{"self":[{"href":"https:\/\/www.aarquiteta.com.br\/blog\/wp-json\/wp\/v2\/posts\/142387","targetHints":{"allow":["GET"]}}],"collection":[{"href":"https:\/\/www.aarquiteta.com.br\/blog\/wp-json\/wp\/v2\/posts"}],"about":[{"href":"https:\/\/www.aarquiteta.com.br\/blog\/wp-json\/wp\/v2\/types\/post"}],"author":[{"embeddable":true,"href":"https:\/\/www.aarquiteta.com.br\/blog\/wp-json\/wp\/v2\/users\/20"}],"replies":[{"embeddable":true,"href":"https:\/\/www.aarquiteta.com.br\/blog\/wp-json\/wp\/v2\/comments?post=142387"}],"version-history":[{"count":0,"href":"https:\/\/www.aarquiteta.com.br\/blog\/wp-json\/wp\/v2\/posts\/142387\/revisions"}],"wp:featuredmedia":[{"embeddable":true,"href":"https:\/\/www.aarquiteta.com.br\/blog\/wp-json\/wp\/v2\/media\/142386"}],"wp:attachment":[{"href":"https:\/\/www.aarquiteta.com.br\/blog\/wp-json\/wp\/v2\/media?parent=142387"}],"wp:term":[{"taxonomy":"category","embeddable":true,"href":"https:\/\/www.aarquiteta.com.br\/blog\/wp-json\/wp\/v2\/categories?post=142387"},{"taxonomy":"post_tag","embeddable":true,"href":"https:\/\/www.aarquiteta.com.br\/blog\/wp-json\/wp\/v2\/tags?post=142387"}],"curies":[{"name":"wp","href":"https:\/\/api.w.org\/{rel}","templated":true}]}}