{"id":142369,"date":"2025-01-31T17:43:07","date_gmt":"2025-01-31T20:43:07","guid":{"rendered":"https:\/\/www.aarquiteta.com.br\/blog\/platibanda\/"},"modified":"2025-01-31T17:43:07","modified_gmt":"2025-01-31T20:43:07","slug":"platibanda","status":"publish","type":"post","link":"https:\/\/www.aarquiteta.com.br\/blog\/platibanda\/","title":{"rendered":"Platibanda: estilo e funcionalidade para uma fachada contempor\u00e2nea"},"content":{"rendered":"<p><body><\/p>\n<p>A platibanda \u00e9 uma solu\u00e7\u00e3o arquitet\u00f4nica que combina estilo e funcionalidade, ocultando telhados e calhas enquanto confere um visual contempor\u00e2neo e &#8220;clean&#8221; \u00e0s fachadas de resid\u00eancias e edif\u00edcios.<\/p>\n<h2>Introdu\u00e7\u00e3o<\/h2>\n<p>Sabe aquele detalhe que faz toda a diferen\u00e7a na fachada da sua casa? \u00c9 a <b>platibanda<\/b>, um elemento que, al\u00e9m de ser bonito, traz praticidade e efici\u00eancia. Neste artigo, vou falar sobre suas vantagens e como escolher a melhor op\u00e7\u00e3o para o seu projeto!<\/p>\n<h2>O que \u00e9 uma platibanda?<\/h2>\n<p>Pra come\u00e7ar, a <b>platibanda<\/b> \u00e9 um fechamento vertical que fica na parte superior do edif\u00edcio, cobrindo telhados e calhas. Isso garante que a estrutura fique com um aspecto moderno e minimalista, sem aquelas telhas expostas ou calhas aparentes, sabe? Ela d\u00e1 aquele ar de &#8220;casa chique&#8221;!<\/p>\n<h3>Hist\u00f3ria e evolu\u00e7\u00e3o<\/h3>\n<figure style=\"width: 1024px\" class=\"wp-caption aligncenter\"><img decoding=\"async\" src=\"https:\/\/www.aarquiteta.com.br\/blog\/wp-content\/uploads\/2025\/01\/platibanda01.jpg\" alt=\"Platibanda: estilo e funcionalidade para uma fachada contempor\u00e2nea\" width=\"1024\" height=\"1024\" title=\"\"><figcaption class=\"wp-caption-text\">Platibanda: estilo e funcionalidade para uma fachada contempor\u00e2nea<\/figcaption><\/figure>\n<p>Com ra\u00edzes na arquitetura neocl\u00e1ssica, a platibanda evoluiu e se tornou uma presen\u00e7a marcante em edifica\u00e7\u00f5es contempor\u00e2neas. Os arquitetos perceberam que, al\u00e9m da privada est\u00e9tica, ela podia proteger as lajes e aumentar a durabilidade do projeto. \u00c9 como se a platibanda <b>abra\u00e7asse<\/b> o edif\u00edcio, protegendo-o dos intemp\u00e9ries.<\/p>\n<h2>Platibanda vs Beiral: Qual a diferen\u00e7a?<\/h2>\n<p>\u00c9 comum ficar confuso entre platibanda e beiral, afinal, eles parecem muito semelhantes. No entanto, a principal diferen\u00e7a est\u00e1 na <b>fun\u00e7\u00e3o e na forma<\/b> de instala\u00e7\u00e3o. Enquanto a platibanda \u00e9 um elemento vertical que oculta o telhado, o beiral se projeta horizontalmente, criando beiradas para proteger as janelas e portas da chuva. Cada um tem seu charme, mas a escolha depende do estilo que voc\u00ea busca.<\/p>\n<h3>Por que optar pela platibanda?<\/h3>\n<figure style=\"width: 1024px\" class=\"wp-caption aligncenter\"><img decoding=\"async\" src=\"https:\/\/www.aarquiteta.com.br\/blog\/wp-content\/uploads\/2025\/01\/tipos-de-telhas-1-286x160.jpg\" alt=\"Fonte: Reprodu\u00e7\u00e3o \/ PVJ Arquitetura\" title=\"\"><figcaption class=\"wp-caption-text\">Fonte: Reprodu\u00e7\u00e3o \/ PVJ Arquitetura<\/figcaption><\/figure>\n<p>As vantagens de se utilizar uma <b>platibanda<\/b> v\u00e3o al\u00e9m do visual &#8220;clean&#8221;. Ela permite uma execu\u00e7\u00e3o mais r\u00e1pida e econ\u00f4mica, pois esconde toda a estrutura do telhado e os maquin\u00e1rios, como ar condicionado. Al\u00e9m disso, por n\u00e3o ter aquele beiral, as fachadas ganham uma apar\u00eancia mais vertical, aumentando a sensa\u00e7\u00e3o de espa\u00e7o.<\/p>\n<h2>Vantagens e desvantagens da platibanda<\/h2>\n<p>Como tudo na vida, a platibanda tem seus pr\u00f3s e contras. Entre as vantagens, est\u00e1 a <b>facilidade de manuten\u00e7\u00e3o<\/b> e a est\u00e9tica moderna. Por outro lado, \u00e9 preciso cuidado, pois sem o beiral a prote\u00e7\u00e3o das janelas e portas fica comprometida. \u00c9 sempre bom lembrar: toda decis\u00e3o arquitet\u00f4nica envolve um balanse entre funcionalidade e est\u00e9tica!<\/p>\n<h3>Protegendo a fachada<\/h3>\n<figure style=\"width: 1024px\" class=\"wp-caption aligncenter\"><img decoding=\"async\" src=\"https:\/\/www.aarquiteta.com.br\/blog\/wp-content\/uploads\/2025\/01\/platibanda-0.jpg\" alt=\"Fonte: Reprodu\u00e7\u00e3o \/ Happy Arquitetura\" title=\"\"><figcaption class=\"wp-caption-text\">Fonte: Reprodu\u00e7\u00e3o \/ Happy Arquitetura<\/figcaption><\/figure>\n<p>Um ponto importante a se considerar na hora de planejar a platibanda \u00e9 a prote\u00e7\u00e3o. Como mencionado, a fachada fica mais exposta \u00e0s chuvas e sol. Portanto, \u00e9 crucial pensar em solu\u00e7\u00f5es que garantam a impermeabiliza\u00e7\u00e3o e evitem danos estruturais. Afinal, n\u00e3o queremos que a chuva custe uma fortuna no conserto, n\u00e9?<\/p>\n<h2>Estilo e criatividade na aplica\u00e7\u00e3o<\/h2>\n<p>Quem visualiza platibanda pensa logo em modernidade, mas n\u00e3o podemos esquecer da <b>criatividade<\/b>. Uma das maravilhas da arquitetura \u00e9 que ela nos permite brincar com formas e materiais. Fazer misturas com texturas, como madeira e metal, ou com cores contrastantes pode potencializar ainda mais o seu projeto.<\/p>\n<h3>Inspira\u00e7\u00f5es para a platibanda<\/h3>\n<figure style=\"width: 1024px\" class=\"wp-caption aligncenter\"><img decoding=\"async\" src=\"https:\/\/www.aarquiteta.com.br\/blog\/wp-content\/uploads\/2025\/01\/platibanda02.jpg\" alt=\"Platibanda: estilo e funcionalidade para uma fachada contempor\u00e2nea\" width=\"1024\" height=\"1024\" title=\"\"><figcaption class=\"wp-caption-text\">Platibanda: estilo e funcionalidade para uma fachada contempor\u00e2nea<\/figcaption><\/figure>\n<p>Se voc\u00ea est\u00e1 sem ideias, n\u00e3o se preocupe! Existe uma infinidade de <b>modelos e estilos<\/b> que podem te inspirar. Desde casas t\u00e9rreas que utilizam platibanda, at\u00e9 sobrados charmosos que d\u00e3o um toque de sofistica\u00e7\u00e3o em diferentes camadas. A imagina\u00e7\u00e3o \u00e9 o limite, por isso n\u00e3o tenha medo de ousar!<\/p>\n<h2>Cuidados ao usar a platibanda<\/h2>\n<p>Um aspecto que n\u00e3o pode ser negligenciado na sua constru\u00e7\u00e3o \u00e9 a <b>fixa\u00e7\u00e3o correta da platibanda<\/b>. Garantir que ela esteja bem instalada evita problemas, como fissuras e infiltra\u00e7\u00f5es. Tamb\u00e9m \u00e9 importante cuidar do acabamento: o topo da platibanda deve ser chanfrado para que a \u00e1gua escorra corretamente, evitando que se acumule e cause sujeira.<\/p>\n<h2>Conclus\u00e3o<\/h2>\n<p>Investir na platibanda \u00e9 garantir um projeto arquitet\u00f4nico que une beleza e praticidade. Ela \u00e9 uma excelente escolha para quem busca um visual contempor\u00e2neo e sofisticado. Lembre-se de considerar as caracter\u00edsticas da sua constru\u00e7\u00e3o e o estilo que deseja transmitir. E a\u00ed, pronto para dar uma nova cara \u00e0 sua fachada?<\/p>\n<p><\/body><br \/>\n<figure style=\"width: 1024px\" class=\"wp-caption aligncenter\"><img decoding=\"async\" src=\"https:\/\/www.aarquiteta.com.br\/blog\/wp-content\/uploads\/2025\/01\/platibanda-51-730x486.jpg\" alt=\"Fonte: Reprodu\u00e7\u00e3o \/ Patricia Azoni\" title=\"\"><figcaption class=\"wp-caption-text\">Fonte: Reprodu\u00e7\u00e3o \/ Patricia Azoni<\/figcaption><\/figure>\n<figure style=\"width: 1024px\" class=\"wp-caption aligncenter\"><img decoding=\"async\" src=\"https:\/\/www.aarquiteta.com.br\/blog\/wp-content\/uploads\/2025\/01\/platibanda03.jpg\" alt=\"Platibanda: estilo e funcionalidade para uma fachada contempor\u00e2nea\" width=\"1024\" height=\"1024\" title=\"\"><figcaption class=\"wp-caption-text\">Platibanda: estilo e funcionalidade para uma fachada contempor\u00e2nea<\/figcaption><\/figure>\n<figure style=\"width: 1024px\" class=\"wp-caption aligncenter\"><img decoding=\"async\" src=\"https:\/\/www.aarquiteta.com.br\/blog\/wp-content\/uploads\/2025\/01\/telhado-embutido-00-286x160.jpg\" alt=\"Fonte: Reprodu\u00e7\u00e3o\" title=\"\"><figcaption class=\"wp-caption-text\">Fonte: Reprodu\u00e7\u00e3o<\/figcaption><\/figure>\n<figure style=\"width: 1024px\" class=\"wp-caption aligncenter\"><img decoding=\"async\" src=\"https:\/\/www.aarquiteta.com.br\/blog\/wp-content\/uploads\/2025\/01\/platibanda4.jpg\" alt=\"Platibanda: estilo e funcionalidade para uma fachada contempor\u00e2nea\" width=\"1024\" height=\"1024\" title=\"\"><figcaption class=\"wp-caption-text\">Platibanda: estilo e funcionalidade para uma fachada contempor\u00e2nea<\/figcaption><\/figure>\n<figure style=\"width: 1024px\" class=\"wp-caption aligncenter\"><img decoding=\"async\" src=\"https:\/\/www.aarquiteta.com.br\/blog\/wp-content\/uploads\/2025\/01\/2_fachadas-de-casas-modernas-0-286x160.jpg\" alt=\"Fonte: Reprodu\u00e7\u00e3o\" title=\"\"><figcaption class=\"wp-caption-text\">Fonte: Reprodu\u00e7\u00e3o<\/figcaption><\/figure>\n<p><iframe title=\"YouTube video player\" src=\"https:\/\/www.youtube.com\/embed\/7kzo2jKFehk\" width=\"560\" height=\"315\" frameborder=\"0\" allowfullscreen=\"allowfullscreen\"><\/iframe><\/p>\n<figure style=\"width: 1024px\" class=\"wp-caption aligncenter\"><img decoding=\"async\" src=\"https:\/\/www.aarquiteta.com.br\/blog\/wp-content\/uploads\/2025\/01\/platibanda-52-730x486.jpg\" alt=\"Fonte: Reprodu\u00e7\u00e3o \/ Happy Arquitetura\" title=\"\"><figcaption class=\"wp-caption-text\">Fonte: Reprodu\u00e7\u00e3o \/ Happy Arquitetura<\/figcaption><\/figure>\n","protected":false},"excerpt":{"rendered":"<p>Descubra como usar platibanda para criar fachadas contempor\u00e2neas, unindo estilo e funcionalidade na sua constru\u00e7\u00e3o.<\/p>\n","protected":false},"author":102,"featured_media":142362,"comment_status":"closed","ping_status":"closed","sticky":false,"template":"","format":"standard","meta":{"footnotes":""},"categories":[1507,249],"tags":[],"class_list":["post-142369","post","type-post","status-publish","format-standard","has-post-thumbnail","category-arquitetura","category-engenharia-e-construcao-civil"],"_wp_attached_file":null,"_wp_attachment_metadata":null,"_wp_attachment_context":null,"_wp_attachment_is_custom_header":null,"geo_longitude":null,"geo_public":null,"geo_latitude":null,"_publicize_done_external":null,"_wpas_done_3897181":null,"publicize_twitter_user":null,"_wpas_done_3897175":null,"_wpas_skip_3897181":null,"_wpas_skip_3897175":null,"_wpas_skip_3924723":null,"_wpas_mess":null,"_wpas_done_3924723":null,"wps_subtitle":"","_links":{"self":[{"href":"https:\/\/www.aarquiteta.com.br\/blog\/wp-json\/wp\/v2\/posts\/142369","targetHints":{"allow":["GET"]}}],"collection":[{"href":"https:\/\/www.aarquiteta.com.br\/blog\/wp-json\/wp\/v2\/posts"}],"about":[{"href":"https:\/\/www.aarquiteta.com.br\/blog\/wp-json\/wp\/v2\/types\/post"}],"author":[{"embeddable":true,"href":"https:\/\/www.aarquiteta.com.br\/blog\/wp-json\/wp\/v2\/users\/102"}],"replies":[{"embeddable":true,"href":"https:\/\/www.aarquiteta.com.br\/blog\/wp-json\/wp\/v2\/comments?post=142369"}],"version-history":[{"count":0,"href":"https:\/\/www.aarquiteta.com.br\/blog\/wp-json\/wp\/v2\/posts\/142369\/revisions"}],"wp:featuredmedia":[{"embeddable":true,"href":"https:\/\/www.aarquiteta.com.br\/blog\/wp-json\/wp\/v2\/media\/142362"}],"wp:attachment":[{"href":"https:\/\/www.aarquiteta.com.br\/blog\/wp-json\/wp\/v2\/media?parent=142369"}],"wp:term":[{"taxonomy":"category","embeddable":true,"href":"https:\/\/www.aarquiteta.com.br\/blog\/wp-json\/wp\/v2\/categories?post=142369"},{"taxonomy":"post_tag","embeddable":true,"href":"https:\/\/www.aarquiteta.com.br\/blog\/wp-json\/wp\/v2\/tags?post=142369"}],"curies":[{"name":"wp","href":"https:\/\/api.w.org\/{rel}","templated":true}]}}