{"id":142152,"date":"2025-01-30T10:15:37","date_gmt":"2025-01-30T13:15:37","guid":{"rendered":"https:\/\/www.aarquiteta.com.br\/blog\/suculenta-colar-de-rubi\/"},"modified":"2025-01-30T10:15:37","modified_gmt":"2025-01-30T13:15:37","slug":"suculenta-colar-de-rubi","status":"publish","type":"post","link":"https:\/\/www.aarquiteta.com.br\/blog\/suculenta-colar-de-rubi\/","title":{"rendered":"Suculenta Colar de Rubi: Beleza Ex\u00f3tica e Cuidados Essenciais"},"content":{"rendered":"<p>A suculenta colar de rubi (Othonna capensis) \u00e9 uma planta ex\u00f3tica e de f\u00e1cil cultivo, perfeita para quem busca adicionar um toque vibrante e resistente ao seu jardim ou decora\u00e7\u00e3o interna.<\/p>\n<h2>Destaques principais<\/h2>\n<ul>\n<li><b>Caracter\u00edsticas da Suculenta:<\/b> A colar de rubi se destaca por suas folhas pequenas e carnudas de colora\u00e7\u00e3o vermelho-rubi, que conferem um visual \u00fanico e atraente.<\/li>\n<li><b>Cuidados Essenciais:<\/b> Para um cultivo saud\u00e1vel, \u00e9 fundamental garantir um substrato bem drenado, exposi\u00e7\u00e3o adequada \u00e0 luz e regas controladas.<\/li>\n<li><b>Problemas Comuns:<\/b> Conhecer os problemas que podem afetar a planta, como apodrecimento das ra\u00edzes e pragas, \u00e9 crucial para manter a sa\u00fade da colar de rubi.<\/li>\n<\/ul>\n<h2>Caracter\u00edsticas da Suculenta Colar de Rubi<\/h2>\n<p>A <b>suculenta colar de rubi<\/b> \u00e9 uma planta que encanta pela sua beleza e resist\u00eancia. Suas folhas, pequenas e carnudas, possuem uma colora\u00e7\u00e3o vibrante que varia de acordo com a exposi\u00e7\u00e3o \u00e0 luz. Quando cultivada em condi\u00e7\u00f5es ideais, essa planta pode crescer rapidamente, apresentando um aspecto pendente que a torna ainda mais charmosa.<\/p>\n<h3>Aspecto e Colora\u00e7\u00e3o<\/h3>\n<figure style=\"width: 1024px\" class=\"wp-caption aligncenter\"><img decoding=\"async\" src=\"https:\/\/www.aarquiteta.com.br\/blog\/wp-content\/uploads\/2025\/01\/suculenta-colar-de-rubi04.jpg\" alt=\"Suculenta Colar de Rubi: Beleza Ex\u00f3tica e Cuidados Essenciais\" width=\"1024\" height=\"1024\" title=\"\"><figcaption class=\"wp-caption-text\">Suculenta Colar de Rubi: Beleza Ex\u00f3tica e Cuidados Essenciais<\/figcaption><\/figure>\n<p>As folhas da colar de rubi s\u00e3o <b>vermelho-rubi<\/b>, o que a torna uma excelente op\u00e7\u00e3o para quem deseja adicionar um toque de cor ao ambiente. Essa colora\u00e7\u00e3o pode se intensificar com a luz solar, criando um espet\u00e1culo visual que atrai a aten\u00e7\u00e3o de todos.<\/p>\n<h3>Crescimento e Comportamento<\/h3>\n<figure style=\"width: 1024px\" class=\"wp-caption aligncenter\"><img decoding=\"async\" src=\"https:\/\/www.aarquiteta.com.br\/blog\/wp-content\/uploads\/2025\/01\/suculenta-colar-de-rubi03.jpg\" alt=\"Suculenta Colar de Rubi: Beleza Ex\u00f3tica e Cuidados Essenciais\" width=\"1024\" height=\"1024\" title=\"\"><figcaption class=\"wp-caption-text\">Suculenta Colar de Rubi: Beleza Ex\u00f3tica e Cuidados Essenciais<\/figcaption><\/figure>\n<p>Essa suculenta \u00e9 conhecida por seu <b>crescimento r\u00e1pido<\/b> e comportamento rasteiro. Quando n\u00e3o encontra suporte, suas folhas tendem a se pendurar, criando um efeito cascata que \u00e9 perfeito para vasos suspensos ou prateleiras.<\/p>\n<h2>Hist\u00f3ria e Origem<\/h2>\n<p>A colar de rubi \u00e9 origin\u00e1ria da <b>\u00c1frica do Sul<\/b>, onde cresce em ambientes \u00e1ridos e rochosos. Essa planta \u00e9 um exemplo perfeito de como a natureza se adapta a condi\u00e7\u00f5es extremas, tornando-se um s\u00edmbolo de resili\u00eancia.<\/p>\n<h3>Origem Africana<\/h3>\n<figure style=\"width: 1024px\" class=\"wp-caption aligncenter\"><img decoding=\"async\" src=\"https:\/\/www.aarquiteta.com.br\/blog\/wp-content\/uploads\/2025\/01\/suculenta-colar-de-rubi02.jpg\" alt=\"Suculenta Colar de Rubi: Beleza Ex\u00f3tica e Cuidados Essenciais\" width=\"1024\" height=\"1024\" title=\"\"><figcaption class=\"wp-caption-text\">Suculenta Colar de Rubi: Beleza Ex\u00f3tica e Cuidados Essenciais<\/figcaption><\/figure>\n<p>Como parte da rica biodiversidade africana, a Othonna capensis evoluiu para prosperar em climas secos, o que a torna uma escolha ideal para jardineiros que buscam plantas de baixa manuten\u00e7\u00e3o.<\/p>\n<h3>Simbolismo e Significados<\/h3>\n<figure style=\"width: 1024px\" class=\"wp-caption aligncenter\"><img decoding=\"async\" src=\"https:\/\/www.aarquiteta.com.br\/blog\/wp-content\/uploads\/2025\/01\/suculenta-colar-de-rubi01.jpg\" alt=\"Suculenta Colar de Rubi: Beleza Ex\u00f3tica e Cuidados Essenciais\" width=\"1024\" height=\"1024\" title=\"\"><figcaption class=\"wp-caption-text\">Suculenta Colar de Rubi: Beleza Ex\u00f3tica e Cuidados Essenciais<\/figcaption><\/figure>\n<p>Al\u00e9m de sua beleza, a colar de rubi \u00e9 frequentemente associada a <b>significados de paix\u00e3o e vitalidade<\/b>. Sua cor vibrante simboliza a for\u00e7a e a perseveran\u00e7a, refletindo a habilidade das suculentas de armazenar \u00e1gua e sobreviver em ambientes hostis.<\/p>\n<h2>Cuidados Essenciais para o Cultivo<\/h2>\n<p>Para garantir que sua colar de rubi cres\u00e7a saud\u00e1vel e bonita, \u00e9 fundamental seguir algumas dicas de cuidados essenciais.<\/p>\n<h3>Substrato Ideal<\/h3>\n<p>Um <b>substrato bem drenado<\/b> \u00e9 crucial para o sucesso do cultivo. Misturas que incluem componentes org\u00e2nicos, como bokashi e h\u00famus de minhoca, s\u00e3o altamente recomendadas para evitar o ac\u00famulo de \u00e1gua.<\/p>\n<h3>Exposi\u00e7\u00e3o \u00e0 Luz<\/h3>\n<h3>Assista agora a minha recomenda\u00e7\u00e3o de video abaixo sobre o tema que estamos tratando neste artigo: <\/h3>\n<p><div class=\"youtube-embed\" data-video_id=\"tan4IcZCJBk\"><iframe title=\"Colar de rubi ou Othonna capensis: Venha conhecer esta maravilhosa suculenta!\" width=\"696\" height=\"392\" src=\"https:\/\/www.youtube.com\/embed\/tan4IcZCJBk?feature=oembed&#038;enablejsapi=1\" frameborder=\"0\" allow=\"accelerometer; autoplay; clipboard-write; encrypted-media; gyroscope; picture-in-picture; web-share\" referrerpolicy=\"strict-origin-when-cross-origin\" allowfullscreen><\/iframe><\/div>\n<\/p>\n<p>A colar de rubi prefere locais bem iluminados. \u00c9 importante que ela receba <b>luz solar direta<\/b> por algumas horas do dia, pois isso influencia diretamente na colora\u00e7\u00e3o vibrante de suas folhas.<\/p>\n<h3>Frequ\u00eancia das Regas<\/h3>\n<p>As regas devem ser feitas apenas quando o <b>substrato estiver seco<\/b>. Regar em excesso pode levar ao apodrecimento das ra\u00edzes, um dos problemas mais comuns enfrentados por quem cultiva essa planta.<\/p>\n<h2>Problemas Comuns e Solu\u00e7\u00f5es<\/h2>\n<p>Conhecer os problemas que podem afetar a colar de rubi \u00e9 essencial para garantir sua sa\u00fade e beleza.<\/p>\n<h3>Apodrecimento das Ra\u00edzes<\/h3>\n<p>O apodrecimento das ra\u00edzes \u00e9 um problema comum causado por regas excessivas. Para evitar isso, sempre verifique a umidade do solo antes de regar. Um solo bem drenado \u00e9 a chave para a sa\u00fade da planta.<\/p>\n<h3>Pragas e Doen\u00e7as<\/h3>\n<p>Como outras suculentas, a colar de rubi pode ser afetada por <b>pragas<\/b> como cochonilhas e pulg\u00f5es. Inspecione regularmente a planta e trate com produtos apropriados se necess\u00e1rio, garantindo que ela permane\u00e7a saud\u00e1vel e vibrante.<\/p>\n<h2>Variedades e Cultivares<\/h2>\n<p>Existem diferentes <b>variedades da Othonna capensis<\/b>, cada uma com caracter\u00edsticas \u00fanicas. Algumas podem apresentar folhas mais alongadas ou colora\u00e7\u00f5es diferentes, dependendo das condi\u00e7\u00f5es de cultivo. Essa diversidade torna a colar de rubi uma planta ainda mais interessante para colecionadores.<\/p>\n<h2>Considera\u00e7\u00f5es Finais<\/h2>\n<p>A suculenta colar de rubi \u00e9 uma planta fascinante que combina <b>beleza ex\u00f3tica<\/b> e facilidade de cuidado. Com o substrato correto, exposi\u00e7\u00e3o adequada \u00e0 luz e regas controladas, essa planta pode adicionar um toque de cor e eleg\u00e2ncia a qualquer ambiente. Se voc\u00ea est\u00e1 em busca de uma planta que n\u00e3o apenas embeleza, mas tamb\u00e9m simboliza for\u00e7a e resili\u00eancia, a colar de rubi \u00e9 a escolha perfeita.<\/p>\n","protected":false},"excerpt":{"rendered":"<p>A suculenta colar de rubi (Othonna capensis) \u00e9 uma planta ex\u00f3tica e de f\u00e1cil cultivo, perfeita para quem busca adicionar um toque vibrante e resistente ao seu jardim ou decora\u00e7\u00e3o interna. Destaques principais Caracter\u00edsticas da Suculenta: A colar de rubi se destaca por suas folhas pequenas e carnudas de colora\u00e7\u00e3o vermelho-rubi, que conferem um visual [&hellip;]<\/p>\n","protected":false},"author":102,"featured_media":142149,"comment_status":"closed","ping_status":"closed","sticky":false,"template":"","format":"standard","meta":{"footnotes":""},"categories":[9612,18792,18794],"tags":[],"class_list":["post-142152","post","type-post","status-publish","format-standard","has-post-thumbnail","category-jardinagem","category-decoracao-de-apartamento","category-projetos-de-decoracao-de-casas"],"_wp_attached_file":null,"_wp_attachment_metadata":null,"_wp_attachment_context":null,"_wp_attachment_is_custom_header":null,"geo_longitude":null,"geo_public":null,"geo_latitude":null,"_publicize_done_external":null,"_wpas_done_3897181":null,"publicize_twitter_user":null,"_wpas_done_3897175":null,"_wpas_skip_3897181":null,"_wpas_skip_3897175":null,"_wpas_skip_3924723":null,"_wpas_mess":null,"_wpas_done_3924723":null,"wps_subtitle":"","_links":{"self":[{"href":"https:\/\/www.aarquiteta.com.br\/blog\/wp-json\/wp\/v2\/posts\/142152","targetHints":{"allow":["GET"]}}],"collection":[{"href":"https:\/\/www.aarquiteta.com.br\/blog\/wp-json\/wp\/v2\/posts"}],"about":[{"href":"https:\/\/www.aarquiteta.com.br\/blog\/wp-json\/wp\/v2\/types\/post"}],"author":[{"embeddable":true,"href":"https:\/\/www.aarquiteta.com.br\/blog\/wp-json\/wp\/v2\/users\/102"}],"replies":[{"embeddable":true,"href":"https:\/\/www.aarquiteta.com.br\/blog\/wp-json\/wp\/v2\/comments?post=142152"}],"version-history":[{"count":0,"href":"https:\/\/www.aarquiteta.com.br\/blog\/wp-json\/wp\/v2\/posts\/142152\/revisions"}],"wp:featuredmedia":[{"embeddable":true,"href":"https:\/\/www.aarquiteta.com.br\/blog\/wp-json\/wp\/v2\/media\/142149"}],"wp:attachment":[{"href":"https:\/\/www.aarquiteta.com.br\/blog\/wp-json\/wp\/v2\/media?parent=142152"}],"wp:term":[{"taxonomy":"category","embeddable":true,"href":"https:\/\/www.aarquiteta.com.br\/blog\/wp-json\/wp\/v2\/categories?post=142152"},{"taxonomy":"post_tag","embeddable":true,"href":"https:\/\/www.aarquiteta.com.br\/blog\/wp-json\/wp\/v2\/tags?post=142152"}],"curies":[{"name":"wp","href":"https:\/\/api.w.org\/{rel}","templated":true}]}}