{"id":142132,"date":"2025-01-29T21:09:22","date_gmt":"2025-01-30T00:09:22","guid":{"rendered":"https:\/\/www.aarquiteta.com.br\/blog\/trabalhar-ou-estudar\/"},"modified":"2025-01-29T21:09:22","modified_gmt":"2025-01-30T00:09:22","slug":"trabalhar-ou-estudar","status":"publish","type":"post","link":"https:\/\/www.aarquiteta.com.br\/blog\/trabalhar-ou-estudar\/","title":{"rendered":"Descubra como equilibrar trabalho e estudo de forma eficaz."},"content":{"rendered":"<p>Decidir entre trabalhar ou estudar \u00e9 um dilema que muitos enfrentam, especialmente quando a necessidade financeira se imp\u00f5e. Neste artigo, vou explorar como encontrar um equil\u00edbrio entre essas duas importantes atividades e quais estrat\u00e9gias podem facilitar essa jornada.<\/p>\n<h2>Trabalhar ou estudar: o que deve pesar mais?<\/h2>\n<p>Quando se trata de <b>decidir entre trabalhar e estudar<\/b>, a balan\u00e7a muitas vezes pende para o lado financeiro. A realidade \u00e9 que muitos brasileiros precisam trabalhar para garantir o sustento, mesmo que o desejo de continuar os estudos esteja presente. Essa escolha n\u00e3o \u00e9 simples e exige uma an\u00e1lise cuidadosa dos objetivos a longo prazo.<\/p>\n<p>\u00c9 fundamental refletir sobre o que realmente importa para voc\u00ea. Se o seu emprego atual n\u00e3o oferece oportunidades de crescimento, talvez seja hora de considerar a volta aos estudos. <b>Investir em educa\u00e7\u00e3o<\/b> pode ser a chave para abrir portas e alcan\u00e7ar novos patamares na carreira. O canal Conecta, por exemplo, \u00e9 uma plataforma que ajuda candidatos a encontrar vagas de emprego alinhadas \u00e0s suas qualifica\u00e7\u00f5es e prefer\u00eancias, promovendo um ambiente interativo e satisfat\u00f3rio.<\/p>\n<p>Por\u00e9m, n\u00e3o \u00e9 necess\u00e1rio abandonar o emprego atual. Com um bom planejamento, \u00e9 poss\u00edvel <b>conciliar trabalho e estudos<\/b>. Estudar nos fins de semana, por exemplo, pode ser uma estrat\u00e9gia eficaz. Isso permite que voc\u00ea se dedique ao trabalho durante a semana, sem perder aulas ou compromissos importantes. O segredo est\u00e1 em encontrar o equil\u00edbrio que funcione para voc\u00ea.<\/p>\n<h2>Como conseguir conciliar trabalho e estudos?<\/h2>\n<p>Se voc\u00ea decidiu que quer <b>conciliar trabalho e estudos<\/b>, \u00e9 hora de descobrir como fazer isso de maneira eficaz. A boa not\u00edcia \u00e9 que existem v\u00e1rias op\u00e7\u00f5es que podem ajudar a tornar essa jornada mais leve e produtiva.<\/p>\n<p>A tecnologia \u00e9 uma grande aliada nesse processo. A educa\u00e7\u00e3o a dist\u00e2ncia (EAD) tem crescido em popularidade, permitindo que voc\u00ea curse gradua\u00e7\u00f5es e especializa\u00e7\u00f5es de forma remota. Isso significa que voc\u00ea pode estudar no conforto da sua casa, sem a necessidade de deslocamentos. <b>A EAD oferece flexibilidade<\/b> e comodidade, com todo o material did\u00e1tico dispon\u00edvel em um ambiente virtual de aprendizagem.<\/p>\n<h3>Modalidade semipresencial<\/h3>\n<p>A modalidade semipresencial \u00e9 uma alternativa interessante para quem busca um equil\u00edbrio entre o estudo e o trabalho. Nela, parte das aulas ocorre em um polo da faculdade, enquanto o restante \u00e9 realizado online. Essa abordagem permite que o aluno tenha momentos de intera\u00e7\u00e3o presencial com colegas e professores, ao mesmo tempo em que desfruta da flexibilidade do ensino \u00e0 dist\u00e2ncia. <b>O diploma obtido nessa modalidade \u00e9 reconhecido<\/b> em todo o Brasil, desde que a institui\u00e7\u00e3o seja credenciada pelo MEC.<\/p>\n<h3>Estudar \u00e0 noite<\/h3>\n<figure style=\"width: 1024px\" class=\"wp-caption aligncenter\"><img decoding=\"async\" src=\"https:\/\/www.aarquiteta.com.br\/blog\/wp-content\/uploads\/2025\/01\/original-963a4e96227102d693851c10cdf7157d.jpg\" alt=\"Descubra como equilibrar trabalho e estudo de forma eficaz.\" width=\"1024\" height=\"1024\" title=\"\"><figcaption class=\"wp-caption-text\">Fonte: <a href=\"https:\/\/blog.anhanguera.com\/trabalhar-ou-estudar\/\" target=\"_blank\" rel=\"noopener\">Blog anhanguera<\/a><\/figcaption><\/figure>\n<p>Outra op\u00e7\u00e3o vi\u00e1vel \u00e9 estudar \u00e0 noite. Essa alternativa exige disciplina e foco, mas pode ser uma solu\u00e7\u00e3o eficaz para quem trabalha durante o dia. \u00c9 importante elaborar um planejamento que permita dedicar tempo suficiente aos estudos sem comprometer a qualidade de vida. <b>Utilizar o tempo de deslocamento<\/b> para ler ou assistir a videoaulas pode ser uma maneira inteligente de otimizar o aprendizado.<\/p>\n<h3>Organiza\u00e7\u00e3o e planejamento<\/h3>\n<p>Um dos pilares para conciliar trabalho e estudos \u00e9 a <b>organiza\u00e7\u00e3o<\/b>. Criar um cronograma que inclua hor\u00e1rios para trabalho, estudo e lazer \u00e9 essencial. Isso ajuda a evitar a sobrecarga e garante que voc\u00ea tenha tempo para relaxar e recarregar as energias. Al\u00e9m disso, \u00e9 importante ser flex\u00edvel e ajustar o planejamento conforme necess\u00e1rio, pois imprevistos podem acontecer.<\/p>\n<h3>Buscar apoio<\/h3>\n<p>N\u00e3o hesite em buscar apoio, seja de amigos, familiares ou colegas de trabalho. Compartilhar suas metas e desafios pode trazer motiva\u00e7\u00e3o e at\u00e9 mesmo dicas valiosas. Al\u00e9m disso, muitas institui\u00e7\u00f5es de ensino oferecem suporte aos alunos, como tutores e grupos de estudo, que podem ser extremamente \u00fateis. <b>N\u00e3o tenha medo de pedir ajuda<\/b> quando precisar!<\/p>\n<h3>Manter a motiva\u00e7\u00e3o<\/h3>\n<p>Por fim, \u00e9 crucial manter a motiva\u00e7\u00e3o em alta. Lembre-se constantemente dos seus objetivos e do porqu\u00ea de estar fazendo essa escolha. Celebrar pequenas conquistas ao longo do caminho pode ajudar a manter o \u00e2nimo. <b>Visualizar o futuro<\/b> que voc\u00ea deseja pode ser um poderoso motivador para seguir em frente, mesmo nos dias mais dif\u00edceis.<\/p>\n<h2>Conclus\u00e3o<\/h2>\n<p>Decidir entre trabalhar ou estudar \u00e9 uma escolha que exige reflex\u00e3o e planejamento. Com as estrat\u00e9gias certas, \u00e9 poss\u00edvel <b>conciliar essas duas atividades<\/b> e alcan\u00e7ar seus objetivos profissionais e pessoais. Lembre-se de que cada pessoa tem sua pr\u00f3pria jornada, e o que funciona para um pode n\u00e3o funcionar para outro. O importante \u00e9 encontrar o caminho que melhor se adapta \u00e0s suas necessidades e aspira\u00e7\u00f5es. Para mais dicas sobre como organizar suas finan\u00e7as e alcan\u00e7ar a estabilidade financeira, acesse o conte\u00fado em <a href=\"https:\/\/blog.anhanguera.com\/financas-pessoais\/\" target=\"_blank\" rel=\"noopener\">https:\/\/blog.anhanguera.com\/financas-pessoais\/<\/a>.<\/p>\n<p><iframe width=\"560\" height=\"315\" src=\"https:\/\/www.youtube.com\/embed\/31NhzJnP4gM\" title=\"YouTube video player\" frameborder=\"0\" allow=\"accelerometer; autoplay; clipboard-write; encrypted-media; gyroscope; picture-in-picture; web-share\" referrerpolicy=\"strict-origin-when-cross-origin\" allowfullscreen><\/iframe><\/p>\n","protected":false},"excerpt":{"rendered":"<p>Decidir entre trabalhar ou estudar \u00e9 um dilema que muitos enfrentam, especialmente quando a necessidade financeira se imp\u00f5e. Neste artigo, vou explorar como encontrar um equil\u00edbrio entre essas duas importantes atividades e quais estrat\u00e9gias podem facilitar essa jornada. Trabalhar ou estudar: o que deve pesar mais? Quando se trata de decidir entre trabalhar e estudar, [&hellip;]<\/p>\n","protected":false},"author":20,"featured_media":142131,"comment_status":"closed","ping_status":"closed","sticky":false,"template":"","format":"standard","meta":{"footnotes":""},"categories":[6,35497],"tags":[],"class_list":["post-142132","post","type-post","status-publish","format-standard","has-post-thumbnail","category-carreira-de-arquitetura","category-estudante"],"_wp_attached_file":null,"_wp_attachment_metadata":null,"_wp_attachment_context":null,"_wp_attachment_is_custom_header":null,"geo_longitude":null,"geo_public":null,"geo_latitude":null,"_publicize_done_external":null,"_wpas_done_3897181":null,"publicize_twitter_user":null,"_wpas_done_3897175":null,"_wpas_skip_3897181":null,"_wpas_skip_3897175":null,"_wpas_skip_3924723":null,"_wpas_mess":null,"_wpas_done_3924723":null,"wps_subtitle":"","_links":{"self":[{"href":"https:\/\/www.aarquiteta.com.br\/blog\/wp-json\/wp\/v2\/posts\/142132","targetHints":{"allow":["GET"]}}],"collection":[{"href":"https:\/\/www.aarquiteta.com.br\/blog\/wp-json\/wp\/v2\/posts"}],"about":[{"href":"https:\/\/www.aarquiteta.com.br\/blog\/wp-json\/wp\/v2\/types\/post"}],"author":[{"embeddable":true,"href":"https:\/\/www.aarquiteta.com.br\/blog\/wp-json\/wp\/v2\/users\/20"}],"replies":[{"embeddable":true,"href":"https:\/\/www.aarquiteta.com.br\/blog\/wp-json\/wp\/v2\/comments?post=142132"}],"version-history":[{"count":0,"href":"https:\/\/www.aarquiteta.com.br\/blog\/wp-json\/wp\/v2\/posts\/142132\/revisions"}],"wp:featuredmedia":[{"embeddable":true,"href":"https:\/\/www.aarquiteta.com.br\/blog\/wp-json\/wp\/v2\/media\/142131"}],"wp:attachment":[{"href":"https:\/\/www.aarquiteta.com.br\/blog\/wp-json\/wp\/v2\/media?parent=142132"}],"wp:term":[{"taxonomy":"category","embeddable":true,"href":"https:\/\/www.aarquiteta.com.br\/blog\/wp-json\/wp\/v2\/categories?post=142132"},{"taxonomy":"post_tag","embeddable":true,"href":"https:\/\/www.aarquiteta.com.br\/blog\/wp-json\/wp\/v2\/tags?post=142132"}],"curies":[{"name":"wp","href":"https:\/\/api.w.org\/{rel}","templated":true}]}}