{"id":142129,"date":"2025-01-29T17:31:28","date_gmt":"2025-01-29T20:31:28","guid":{"rendered":"https:\/\/www.aarquiteta.com.br\/blog\/conheca-apartamento-beira-mar-silvia-braz-rj\/"},"modified":"2025-01-29T17:31:28","modified_gmt":"2025-01-29T20:31:28","slug":"conheca-apartamento-beira-mar-silvia-braz-rj","status":"publish","type":"post","link":"https:\/\/www.aarquiteta.com.br\/blog\/conheca-apartamento-beira-mar-silvia-braz-rj\/","title":{"rendered":"5 detalhes encantadores do apartamento \u00e0 beira-mar de Silvia Braz."},"content":{"rendered":"<p>O novo apartamento \u00e0 beira-mar de Silvia Braz no Rio de Janeiro \u00e9 um verdadeiro ref\u00fagio, repleto de cores vibrantes e um design acolhedor, ideal para momentos em fam\u00edlia.<\/p>\n<h2>Destaques principais<\/h2>\n<ul>\n<li><b>Decora\u00e7\u00e3o vibrante:<\/b> O apartamento reflete a personalidade alegre de Silvia, com m\u00f3veis e obras de arte que trazem vida ao ambiente.<\/li>\n<li><b>Espa\u00e7o para conviv\u00eancia:<\/b> A escolha de m\u00f3veis flex\u00edveis e confort\u00e1veis promove um ambiente acolhedor para receber amigos e familiares.<\/li>\n<li><b>Conex\u00e3o com a natureza:<\/b> A presen\u00e7a de plantas e uma vista deslumbrante para o mar trazem um toque especial ao lar.<\/li>\n<\/ul>\n<h2>A magia do novo lar de Silvia Braz<\/h2>\n<p>O novo apartamento de Silvia Braz, localizado \u00e0 beira-mar no Rio de Janeiro, \u00e9 um espa\u00e7o que exala <b>alegria<\/b> e <b>conforto<\/b>. Desde a sua inaugura\u00e7\u00e3o, em 2024, o im\u00f3vel rapidamente conquistou o cora\u00e7\u00e3o dos seguidores da influenciadora. Com uma decora\u00e7\u00e3o que mistura o maximalismo com toques de natureza, o apartamento se tornou um verdadeiro <b>ref\u00fagio<\/b> para momentos de descanso e lazer em fam\u00edlia.<\/p>\n<h3>Um contraste entre S\u00e3o Paulo e Rio de Janeiro<\/h3>\n<p>Silvia, que \u00e9 natural de Campos dos Goytacazes, compartilhou que os apartamentos em S\u00e3o Paulo e no Rio de Janeiro s\u00e3o bastante diferentes. Enquanto o primeiro \u00e9 o seu <b>espa\u00e7o de trabalho<\/b> e rotina, o segundo foi pensado para <b>descanso<\/b> e <b>conv\u00edvio<\/b> familiar. \u201cEsse apartamento \u00e9 para eu poder passear, para eu descansar e passar o fim de semana com minha fam\u00edlia\u201d, disse ela, ressaltando a import\u00e2ncia de ter um espa\u00e7o que funcione como um verdadeiro lar.<\/p>\n<h3>Um toque de cor e personalidade<\/h3>\n<figure style=\"width: 1024px\" class=\"wp-caption aligncenter\"><img decoding=\"async\" src=\"https:\/\/www.aarquiteta.com.br\/blog\/wp-content\/uploads\/2025\/01\/silvia-braz-capa.jpg\" alt=\"5 detalhes encantadores do apartamento \u00e0 beira-mar de Silvia Braz.\" width=\"1024\" height=\"1024\" title=\"\"><figcaption class=\"wp-caption-text\">Source: <a href=\"https:\/\/ndmais.com.br\/arquitetura-e-decoracao\/conheca-apartamento-a-beira-mar-que-silvia-braz-descansa-com-a-familia-no-rj\/\" target=\"_blank\" rel=\"noopener\">NDMAIS<\/a><\/figcaption><\/figure>\n<p>Ao escolher a decora\u00e7\u00e3o, Silvia optou por um sof\u00e1 longo e curvo, al\u00e9m de puffs e cadeiras soltas que permitem uma <b>maior flexibilidade<\/b> no ambiente. \u201cA gente n\u00e3o queria que essa casa fosse est\u00e1tica e engessada\u201d, afirmou. As paredes em tons neutros servem como um pano de fundo perfeito para as <b>obras de arte<\/b> e detalhes coloridos, como as capas de almofadas, que trazem vida ao espa\u00e7o. \u201cA minha casa tem que ser alegre e tem que ter cor\u201d, completou.<\/p>\n<h3>Conex\u00e3o com a natureza<\/h3>\n<p>Um dos aspectos mais encantadores do apartamento \u00e9 a <b>conex\u00e3o com a natureza<\/b>. Com plantas e flores decorando os ambientes, o espa\u00e7o n\u00e3o s\u00f3 \u00e9 visualmente agrad\u00e1vel, mas tamb\u00e9m promove uma sensa\u00e7\u00e3o de tranquilidade e bem-estar. A vista para o mar \u00e9 um verdadeiro espet\u00e1culo, proporcionando momentos de contempla\u00e7\u00e3o e relaxamento. \u201cAinda que n\u00e3o seja um lugar que eu v\u00e1 morar, \u00e9 um lar, porque lar \u00e9 o lugar onde as pessoas se amam, convivem, conversam e vivem a vida juntas\u201d, disse Silvia, refletindo sobre a ess\u00eancia do que significa ter um lar.<\/p>\n<h3>Um tour pelo apartamento<\/h3>\n<h3>Assista agora a minha recomenda\u00e7\u00e3o de video abaixo sobre o tema que estamos tratando neste artigo: <\/h3>\n<p><iframe title=\"YouTube video player\" src=\"https:\/\/www.youtube.com\/embed\/G5S2mH3txdM?feature=oembed&#038;enablejsapi=1&#038;origin=https:\/\/ndmais.com.br\" width=\"560\" height=\"315\" frameborder=\"0\" allowfullscreen=\"allowfullscreen\"><\/iframe><\/p>\n<p>Para aqueles que desejam conhecer mais sobre o apartamento de Silvia, um tour virtual foi disponibilizado, permitindo que os seguidores vejam de perto cada detalhe da decora\u00e7\u00e3o e do design. A influenciadora compartilha dicas e inspira\u00e7\u00f5es, mostrando como \u00e9 poss\u00edvel criar um espa\u00e7o que reflita a personalidade e o estilo de vida de quem o habita. O tour \u00e9 uma oportunidade de se inspirar e, quem sabe, aplicar algumas ideias em suas pr\u00f3prias casas.<\/p>\n<h3>Tend\u00eancias em decora\u00e7\u00e3o<\/h3>\n<p>O apartamento de Silvia tamb\u00e9m traz \u00e0 tona algumas <b>tend\u00eancias em decora\u00e7\u00e3o<\/b> que est\u00e3o em alta. A busca por m\u00f3veis que otimizam o espa\u00e7o, como camas inovadoras e estruturas multifuncionais, \u00e9 uma realidade cada vez mais presente, especialmente em ambientes menores. Al\u00e9m disso, a ilumina\u00e7\u00e3o tem ganhado destaque, com a prefer\u00eancia por luzes quentes que criam uma atmosfera acolhedora e convidativa.<\/p>\n<h3>O impacto da decora\u00e7\u00e3o na vida cotidiana<\/h3>\n<p>Silvia Braz \u00e9 um exemplo de como a <b>decora\u00e7\u00e3o<\/b> pode impactar positivamente a vida cotidiana. Um ambiente bem decorado n\u00e3o s\u00f3 embeleza o espa\u00e7o, mas tamb\u00e9m influencia o humor e a qualidade de vida dos moradores. A influenciadora, com seu estilo \u00fanico e vibrante, mostra que \u00e9 poss\u00edvel criar um lar que seja um reflexo da personalidade e dos valores de quem o habita.<\/p>\n<h2>Conclus\u00e3o<\/h2>\n<p>O apartamento \u00e0 beira-mar de Silvia Braz \u00e9 mais do que um simples espa\u00e7o; \u00e9 um <b>ref\u00fagio<\/b> que celebra a vida, a fam\u00edlia e a alegria de estar junto. Com uma decora\u00e7\u00e3o que mistura cores, conforto e natureza, Silvia nos ensina que o lar deve ser um lugar onde se pode ser feliz e acolher aqueles que amamos. Ao final do dia, o que realmente importa \u00e9 a conex\u00e3o que se cria dentro de cada ambiente, transformando uma casa em um verdadeiro lar.<\/p>\n","protected":false},"excerpt":{"rendered":"<p>O novo apartamento \u00e0 beira-mar de Silvia Braz no Rio de Janeiro \u00e9 um verdadeiro ref\u00fagio, repleto de cores vibrantes e um design acolhedor, ideal para momentos em fam\u00edlia. Destaques principais Decora\u00e7\u00e3o vibrante: O apartamento reflete a personalidade alegre de Silvia, com m\u00f3veis e obras de arte que trazem vida ao ambiente. Espa\u00e7o para conviv\u00eancia: [&hellip;]<\/p>\n","protected":false},"author":102,"featured_media":142128,"comment_status":"closed","ping_status":"closed","sticky":false,"template":"","format":"standard","meta":{"footnotes":""},"categories":[249,19127],"tags":[],"class_list":["post-142129","post","type-post","status-publish","format-standard","has-post-thumbnail","category-engenharia-e-construcao-civil","category-reforma-e-manutencao"],"_wp_attached_file":null,"_wp_attachment_metadata":null,"_wp_attachment_context":null,"_wp_attachment_is_custom_header":null,"geo_longitude":null,"geo_public":null,"geo_latitude":null,"_publicize_done_external":null,"_wpas_done_3897181":null,"publicize_twitter_user":null,"_wpas_done_3897175":null,"_wpas_skip_3897181":null,"_wpas_skip_3897175":null,"_wpas_skip_3924723":null,"_wpas_mess":null,"_wpas_done_3924723":null,"wps_subtitle":"","_links":{"self":[{"href":"https:\/\/www.aarquiteta.com.br\/blog\/wp-json\/wp\/v2\/posts\/142129","targetHints":{"allow":["GET"]}}],"collection":[{"href":"https:\/\/www.aarquiteta.com.br\/blog\/wp-json\/wp\/v2\/posts"}],"about":[{"href":"https:\/\/www.aarquiteta.com.br\/blog\/wp-json\/wp\/v2\/types\/post"}],"author":[{"embeddable":true,"href":"https:\/\/www.aarquiteta.com.br\/blog\/wp-json\/wp\/v2\/users\/102"}],"replies":[{"embeddable":true,"href":"https:\/\/www.aarquiteta.com.br\/blog\/wp-json\/wp\/v2\/comments?post=142129"}],"version-history":[{"count":0,"href":"https:\/\/www.aarquiteta.com.br\/blog\/wp-json\/wp\/v2\/posts\/142129\/revisions"}],"wp:featuredmedia":[{"embeddable":true,"href":"https:\/\/www.aarquiteta.com.br\/blog\/wp-json\/wp\/v2\/media\/142128"}],"wp:attachment":[{"href":"https:\/\/www.aarquiteta.com.br\/blog\/wp-json\/wp\/v2\/media?parent=142129"}],"wp:term":[{"taxonomy":"category","embeddable":true,"href":"https:\/\/www.aarquiteta.com.br\/blog\/wp-json\/wp\/v2\/categories?post=142129"},{"taxonomy":"post_tag","embeddable":true,"href":"https:\/\/www.aarquiteta.com.br\/blog\/wp-json\/wp\/v2\/tags?post=142129"}],"curies":[{"name":"wp","href":"https:\/\/api.w.org\/{rel}","templated":true}]}}