{"id":142105,"date":"2025-01-29T14:15:44","date_gmt":"2025-01-29T17:15:44","guid":{"rendered":"https:\/\/www.aarquiteta.com.br\/blog\/moveis-para-banheiro\/"},"modified":"2025-01-29T14:15:44","modified_gmt":"2025-01-29T17:15:44","slug":"moveis-para-banheiro","status":"publish","type":"post","link":"https:\/\/www.aarquiteta.com.br\/blog\/moveis-para-banheiro\/","title":{"rendered":"M\u00f3veis para banheiro: como criar uma identidade relaxante e pessoal 10"},"content":{"rendered":"<p>&#8220;`html<br \/>\n<body><\/p>\n<p>Transformar seu banheiro em um local funcional e relaxante passa pela escolha dos m\u00f3veis adequados, que otimizam espa\u00e7o e refletem seu estilo pessoal. Vamos explorar como os m\u00f3veis de banheiro podem melhorar a est\u00e9tica e a praticidade do seu espa\u00e7o.<\/p>\n<h2>Introdu\u00e7\u00e3o<\/h2>\n<p>Em um mundo acelerado, o banheiro muitas vezes se torna um santu\u00e1rio, um local para relaxar e cuidar de si mesmo. Sendo assim, a escolha de m\u00f3veis certos \u00e9 crucial para dar aquele <b>toque especial<\/b> \u00e0 decora\u00e7\u00e3o e \u00e0 funcionalidade do ambiente. Neste artigo, faremos um tour pelas possibilidades de m\u00f3veis para banheiro, garantindo que voc\u00ea encontre aquilo que realmente atende suas necessidades.<\/p>\n<h2>M\u00f3veis Tradicionais para Banheiro<\/h2>\n<h3>1. Arm\u00e1rio: seu fiel escudeiro<\/h3>\n<figure style=\"width: 1024px\" class=\"wp-caption aligncenter\"><img decoding=\"async\" src=\"https:\/\/www.aarquiteta.com.br\/blog\/wp-content\/uploads\/2025\/01\/moveis-para-banheiro-05-730x449.jpg\" alt=\"Espelhos avulsos variando em estilos e com op\u00e7\u00f5es de luz.\" title=\"\"><figcaption class=\"wp-caption-text\">Espelhos avulsos variando em estilos e com op\u00e7\u00f5es de luz.<\/figcaption><\/figure>\n<p>Um bom arm\u00e1rio \u00e9 aquele que, al\u00e9m de <b>pr\u00e1tico<\/b>, \u00e9 resistente \u00e0 umidade. Voc\u00ea pode armazenar produtos de higiene, toalhas e afins, garantindo que tudo fique \u00e0 m\u00e3o na hora do banho. N\u00e3o se esque\u00e7a de escolher um modelo que combine com a decora\u00e7\u00e3o do espa\u00e7o e que tenha um bom acabamento para resistir \u00e0 <b>umidade<\/b>.<\/p>\n<h3>2. Gabinete: a base de tudo<\/h3>\n<figure style=\"width: 1024px\" class=\"wp-caption aligncenter\"><img decoding=\"async\" src=\"https:\/\/www.aarquiteta.com.br\/blog\/wp-content\/uploads\/2025\/01\/moveis-para-banheiro01.jpg\" alt=\"M\u00f3veis para banheiro: como criar uma identidade relaxante e pessoal\" width=\"1024\" height=\"1024\" title=\"\"><figcaption class=\"wp-caption-text\">M\u00f3veis para banheiro: como criar uma identidade relaxante e pessoal<\/figcaption><\/figure>\n<p>O gabinete \u00e9 o verdadeiro <b>her\u00f3i do banheiro<\/b>. Ele acomoda a pia e esconde o encanamento, deixando tudo organizado. Para banheiros pequenos, ele \u00e9 essencial. J\u00e1 em banheiros grandes, pense em op\u00e7\u00f5es que tragam modernidade, com portas e prateleiras abertas, que formam uma composi\u00e7\u00e3o elegante e pr\u00e1tica.<\/p>\n<h3>3. Gabinete a\u00e9reo: aproveitando as alturas<\/h3>\n<figure style=\"width: 1024px\" class=\"wp-caption aligncenter\"><img decoding=\"async\" src=\"https:\/\/www.aarquiteta.com.br\/blog\/wp-content\/uploads\/2025\/01\/moveis-para-banheiro-00.jpg\" alt=\"M\u00f3veis para banheiro que criam uma identidade relaxante e pessoal.\" title=\"\"><figcaption class=\"wp-caption-text\">M\u00f3veis para banheiro que criam uma identidade relaxante e pessoal.<\/figcaption><\/figure>\n<p>Se voc\u00ea quer otimizar cada cm\u00b2 do seu banheiro, o gabinete a\u00e9reo \u00e9 a solu\u00e7\u00e3o! Ele serve para armazenamento adicional e pode, muitas vezes, ser combinado com outros m\u00f3veis. J\u00e1 pensou em incluir espelhos nas portas? Dessa forma, salvaguarda espa\u00e7o e d\u00e1 um charme especial ao ambiente!<\/p>\n<h3>4. Espelheira: funcionalidade e charme<\/h3>\n<figure style=\"width: 1024px\" class=\"wp-caption aligncenter\"><img decoding=\"async\" src=\"https:\/\/www.aarquiteta.com.br\/blog\/wp-content\/uploads\/2025\/01\/moveis-para-banheiro02.jpg\" alt=\"M\u00f3veis para banheiro: como criar uma identidade relaxante e pessoal\" width=\"1024\" height=\"1024\" title=\"\"><figcaption class=\"wp-caption-text\">M\u00f3veis para banheiro: como criar uma identidade relaxante e pessoal<\/figcaption><\/figure>\n<p>Compacta e cheia de potencial, a espelheira \u00e9 o itens que \u00e9 tanto decorativa quanto pr\u00e1tica. Utilize-a para guardar itens de uso cotidiano, como cremes e escovas, tudo ao alcance das m\u00e3os. Escolha um modelo que traga <b>harmonia<\/b> \u00e0 sua decora\u00e7\u00e3o; ela pode ser um elemento que faz a diferen\u00e7a!<\/p>\n<h3>5. Espelho: um detalhe que n\u00e3o pode faltar<\/h3>\n<figure style=\"width: 1024px\" class=\"wp-caption aligncenter\"><img decoding=\"async\" src=\"https:\/\/www.aarquiteta.com.br\/blog\/wp-content\/uploads\/2025\/01\/moveis-para-banheiro-01-730x449.jpg\" alt=\"Arm\u00e1rio para banheiro que armazena produtos de higiene e roupas de banho.\" title=\"\"><figcaption class=\"wp-caption-text\">Arm\u00e1rio para banheiro que armazena produtos de higiene e roupas de banho.<\/figcaption><\/figure>\n<p>Um bom espelho \u00e9 mais do que um item funcional, \u00e9 uma pe\u00e7a de destaque na decora\u00e7\u00e3o. Existem modelos incr\u00edveis, com molduras que valorizam o espa\u00e7o. Al\u00e9m disso, espelhos com ilumina\u00e7\u00e3o embutida trazem n\u00e3o s\u00f3 funcionalidade, mas todo um <b>clima especial<\/b> para o banheiro.<\/p>\n<h3>6. Estante: combina\u00e7\u00e3o de beleza e funcionalidade<\/h3>\n<figure style=\"width: 1024px\" class=\"wp-caption aligncenter\"><img decoding=\"async\" src=\"https:\/\/www.aarquiteta.com.br\/blog\/wp-content\/uploads\/2025\/01\/moveis-para-banheiro03.jpg\" alt=\"M\u00f3veis para banheiro: como criar uma identidade relaxante e pessoal\" width=\"1024\" height=\"1024\" title=\"\"><figcaption class=\"wp-caption-text\">M\u00f3veis para banheiro: como criar uma identidade relaxante e pessoal<\/figcaption><\/figure>\n<p>A estante \u00e9 uma \u00f3tima op\u00e7\u00e3o para quem deseja aliar armazenamento \u00e0 decora\u00e7\u00e3o. Use-a para expor alguns itens decorativos ou para armazenar produtos organizados em caixas e cestos, evitando que o espa\u00e7o fique com aspecto <b>bagun\u00e7ado<\/b>. Planeje a disposi\u00e7\u00e3o de forma que tudo que voc\u00ea precisa esteja facilmente acess\u00edvel.<\/p>\n<h2>Onde Comprar M\u00f3veis para Banheiro<\/h2>\n<p>Encontrar o lugar certo para comprar seus m\u00f3veis \u00e9 t\u00e3o importante quanto escolher os m\u00f3veis em si. Com a <b>explos\u00e3o do com\u00e9rcio online<\/b>, voc\u00ea pode acessar uma gama enorme de lojas especializadas que oferecem m\u00f3veis planejados e modulados. Sempre verifique as condi\u00e7\u00f5es de entrega e as avalia\u00e7\u00f5es anteriores de outros clientes. Fa\u00e7a sua pesquisa e compare pre\u00e7os!<\/p>\n<h2>Ideias Inspiradoras para Decorar seu Banheiro<\/h2>\n<p>D\u00e9cor n\u00e3o precisa ser complicado! Pense em como cada m\u00f3vel pode criar uma atmosfera \u00fanica. Voc\u00ea pode usar <b>cores s\u00f3brias<\/b> para um ambiente minimalista, ou adicionar um toque de cor com acess\u00f3rios. Um quadro ou um lindo vaso com plantas pode fazer maravilhas! Busque por inspira\u00e7\u00f5es e adapte ao seu gosto.<\/p>\n<h2>V\u00eddeos de Dicas e Tutoriais<\/h2>\n<p>Se voc\u00ea \u00e9 do tipo que aprende melhor com v\u00eddeos, h\u00e1 uma infinidade de tutoriais dispon\u00edveis online! De como fazer o seu pr\u00f3prio gabinete a dicas para proteger os m\u00f3veis da umidade, assistir a esses materiais pode <b>alavancar sua criatividade<\/b> e oferecer conhecimento valioso. N\u00e3o deixe de conferir!<\/p>\n<h2>Conclus\u00e3o<\/h2>\n<p>O banheiro n\u00e3o deve ser apenas um espa\u00e7o utilit\u00e1rio, mas um local onde voc\u00ea se sente bem. Ao escolher cuidadosamente cada m\u00f3vel, voc\u00ea est\u00e1 n\u00e3o apenas organizando, mas tamb\u00e9m criando um espa\u00e7o que reflete sua personalidade e estilo de vida. Um <b>banheiro planejado<\/b> e bem decorado traz conforto e transforma a rotina di\u00e1ria em um momento de prazer.<\/p>\n<p><\/body><br \/>\n&#8220;`<br \/>\n<figure style=\"width: 1024px\" class=\"wp-caption aligncenter\"><img decoding=\"async\" src=\"https:\/\/www.aarquiteta.com.br\/blog\/wp-content\/uploads\/2025\/01\/moveis-para-banheiro-02-730x449.jpg\" alt=\"Gabinete que acomoda a pia e esconde encanamento, fundamental em banheiros pequenos.\" title=\"\"><figcaption class=\"wp-caption-text\">Gabinete que acomoda a pia e esconde encanamento, fundamental em banheiros pequenos.<\/figcaption><\/figure>\n<figure style=\"width: 1024px\" class=\"wp-caption aligncenter\"><img decoding=\"async\" src=\"https:\/\/www.aarquiteta.com.br\/blog\/wp-content\/uploads\/2025\/01\/moveis-para-banheiro4.jpg\" alt=\"M\u00f3veis para banheiro: como criar uma identidade relaxante e pessoal\" width=\"1024\" height=\"1024\" title=\"\"><figcaption class=\"wp-caption-text\">M\u00f3veis para banheiro: como criar uma identidade relaxante e pessoal<\/figcaption><\/figure>\n<figure style=\"width: 1024px\" class=\"wp-caption aligncenter\"><img decoding=\"async\" src=\"https:\/\/www.aarquiteta.com.br\/blog\/wp-content\/uploads\/2025\/01\/moveis-para-banheiro-03-730x449.jpg\" alt=\"Gabinete a\u00e9reo que oferece espa\u00e7o adicional e pode conter espelhos.\" title=\"\"><figcaption class=\"wp-caption-text\">Gabinete a\u00e9reo que oferece espa\u00e7o adicional e pode conter espelhos.<\/figcaption><\/figure>\n<h3>Para se aprofundar mais sobre o tema, veja a minha recomenda\u00e7\u00e3o sobre o tema deste artigo no v\u00eddeo a seguir abaixo:<\/h3>\n<p><iframe title=\"YouTube video player\" src=\"https:\/\/www.youtube.com\/embed\/Mf_YqfIyV5A\" width=\"560\" height=\"315\" frameborder=\"0\" allowfullscreen=\"allowfullscreen\"><\/iframe><\/p>\n<figure style=\"width: 1024px\" class=\"wp-caption aligncenter\"><img decoding=\"async\" src=\"https:\/\/www.aarquiteta.com.br\/blog\/wp-content\/uploads\/2025\/01\/moveis-para-banheiro-04-730x449.jpg\" alt=\"Espelharia compacta que acomoda itens de uso di\u00e1rio.\" title=\"\"><figcaption class=\"wp-caption-text\">Espelharia compacta que acomoda itens de uso di\u00e1rio.<\/figcaption><\/figure>\n","protected":false},"excerpt":{"rendered":"<p>Descubra como escolher e combinar m\u00f3veis para criar um banheiro funcional e acolhedor.<\/p>\n","protected":false},"author":102,"featured_media":142098,"comment_status":"closed","ping_status":"closed","sticky":false,"template":"","format":"standard","meta":{"footnotes":""},"categories":[1484],"tags":[],"class_list":["post-142105","post","type-post","status-publish","format-standard","has-post-thumbnail","category-decoracao"],"_wp_attached_file":null,"_wp_attachment_metadata":null,"_wp_attachment_context":null,"_wp_attachment_is_custom_header":null,"geo_longitude":null,"geo_public":null,"geo_latitude":null,"_publicize_done_external":null,"_wpas_done_3897181":null,"publicize_twitter_user":null,"_wpas_done_3897175":null,"_wpas_skip_3897181":null,"_wpas_skip_3897175":null,"_wpas_skip_3924723":null,"_wpas_mess":null,"_wpas_done_3924723":null,"wps_subtitle":"","_links":{"self":[{"href":"https:\/\/www.aarquiteta.com.br\/blog\/wp-json\/wp\/v2\/posts\/142105","targetHints":{"allow":["GET"]}}],"collection":[{"href":"https:\/\/www.aarquiteta.com.br\/blog\/wp-json\/wp\/v2\/posts"}],"about":[{"href":"https:\/\/www.aarquiteta.com.br\/blog\/wp-json\/wp\/v2\/types\/post"}],"author":[{"embeddable":true,"href":"https:\/\/www.aarquiteta.com.br\/blog\/wp-json\/wp\/v2\/users\/102"}],"replies":[{"embeddable":true,"href":"https:\/\/www.aarquiteta.com.br\/blog\/wp-json\/wp\/v2\/comments?post=142105"}],"version-history":[{"count":0,"href":"https:\/\/www.aarquiteta.com.br\/blog\/wp-json\/wp\/v2\/posts\/142105\/revisions"}],"wp:featuredmedia":[{"embeddable":true,"href":"https:\/\/www.aarquiteta.com.br\/blog\/wp-json\/wp\/v2\/media\/142098"}],"wp:attachment":[{"href":"https:\/\/www.aarquiteta.com.br\/blog\/wp-json\/wp\/v2\/media?parent=142105"}],"wp:term":[{"taxonomy":"category","embeddable":true,"href":"https:\/\/www.aarquiteta.com.br\/blog\/wp-json\/wp\/v2\/categories?post=142105"},{"taxonomy":"post_tag","embeddable":true,"href":"https:\/\/www.aarquiteta.com.br\/blog\/wp-json\/wp\/v2\/tags?post=142105"}],"curies":[{"name":"wp","href":"https:\/\/api.w.org\/{rel}","templated":true}]}}