{"id":142078,"date":"2025-01-30T12:00:17","date_gmt":"2025-01-30T15:00:17","guid":{"rendered":"https:\/\/www.aarquiteta.com.br\/blog\/?p=142078"},"modified":"2025-01-29T14:23:18","modified_gmt":"2025-01-29T17:23:18","slug":"transformar-espaco-coberto-em-varanda-aconchegante","status":"publish","type":"post","link":"https:\/\/www.aarquiteta.com.br\/blog\/transformar-espaco-coberto-em-varanda-aconchegante\/","title":{"rendered":"Como Transformar um Espa\u00e7o Coberto em uma Varanda Aconchegante e Multifuncional"},"content":{"rendered":"<p>Ter um espa\u00e7o acolhedor para relaxar ou receber amigos \u00e9 o sonho de muitos. Nossa seguidora tinha uma necessidade bem espec\u00edfica: transformar uma \u00e1rea coberta de <strong>6 metros de largura por 3,7 metros de profundidade<\/strong> em um local aconchegante, ideal para descanso noturno, refei\u00e7\u00f5es r\u00e1pidas e momentos de caf\u00e9 da manh\u00e3 com familiares e amigos.<\/p><p>Com base nessa solicita\u00e7\u00e3o, criamos um <a href=\"https:\/\/www.aarquiteta.com.br\/blog\/?s=PROJETO\">projeto<\/a> que combina funcionalidade, conforto e um visual acolhedor. Aqui est\u00e1 o detalhamento da solu\u00e7\u00e3o:<\/p><figure id=\"attachment_142080\" aria-describedby=\"caption-attachment-142080\" style=\"width: 1600px\" class=\"wp-caption alignnone\"><img decoding=\"async\" class=\"wp-image-142080 size-full\" src=\"https:\/\/www.aarquiteta.com.br\/blog\/wp-content\/uploads\/2025\/01\/Como-Transformar-um-Espaco-Coberto-em-uma-Varanda-Aconchegante-e-Multifuncional.jpeg\" alt=\"\" width=\"1600\" height=\"900\" title=\"\"><figcaption id=\"caption-attachment-142080\" class=\"wp-caption-text\">Espa\u00e7o da nossa seguidora.<\/figcaption><\/figure><h3><strong>Entendendo as Necessidades do Espa\u00e7o<\/strong><\/h3><p>O ambiente tem <strong>6 metros de largura<\/strong> e <strong>3,7 metros de profundidade<\/strong>, com um v\u00e3o menor onde h\u00e1 uma janela e uma mesa. O espa\u00e7o precisava atender \u00e0s seguintes demandas:<\/p><ol><li>Criar um local aconchegante e confort\u00e1vel para relaxar \u00e0 noite.<\/li><li>Incluir um espa\u00e7o para refei\u00e7\u00f5es ou caf\u00e9 da manh\u00e3, aproveitando melhor a \u00e1rea pr\u00f3xima \u00e0 janela.<\/li><li>Adicionar elementos decorativos que tornem o ambiente mais acolhedor e esteticamente agrad\u00e1vel.<\/li><\/ol><p>Com essas prioridades em mente, planejamos um layout funcional dividido em tr\u00eas \u00e1reas principais: <strong>\u00e1rea de descanso<\/strong>, <strong>\u00e1rea de refei\u00e7\u00f5es<\/strong> e <strong>jardim vertical decorativo<\/strong>.<\/p><h3><strong>Solu\u00e7\u00f5es Planejadas para o Espa\u00e7o<\/strong><\/h3><h4><strong>1. \u00c1rea de Descanso com Sof\u00e1 em &#8220;L&#8221;<\/strong><\/h4><p>Para proporcionar conforto e aconchego, planejamos um <strong><a href=\"https:\/\/www.aarquiteta.com.br\/blog\/?s=SOFA\">sof\u00e1<\/a> em &#8220;L&#8221;<\/strong> ao longo da parede esquerda e parcialmente sob a janela.<\/p><ul><li><strong>Tamanho:<\/strong> 2,5 metros no lado maior e 1,5 metros no lado menor.<\/li><li><strong>Materiais:<\/strong> Estofado imperme\u00e1vel em tons neutros, como bege, para facilitar a manuten\u00e7\u00e3o.<\/li><li><strong>Complementos:<\/strong> Almofadas em tons de terracota e verde, criando uma atmosfera convidativa.<\/li><\/ul><p>Uma <strong>mesa de apoio circular<\/strong> de 60 cm de di\u00e2metro foi inclu\u00edda para acomodar itens como bebidas e livros. Abaixo do sof\u00e1, um <strong><a href=\"https:\/\/www.aarquiteta.com.br\/blog\/?s=TAPETE\">tapete<\/a> externo de 1,8m x 1,2m<\/strong> delimita o espa\u00e7o e adiciona conforto.<\/p><figure id=\"attachment_142106\" aria-describedby=\"caption-attachment-142106\" style=\"width: 1232px\" class=\"wp-caption alignnone\"><img decoding=\"async\" class=\"size-full wp-image-142106\" src=\"https:\/\/www.aarquiteta.com.br\/blog\/wp-content\/uploads\/2025\/01\/Como-Transformar-um-Espaco-Coberto-em-uma-Varanda-Aconchegante-e-Multifuncional-sugestao-4.png\" alt=\"Como Transformar um Espa\u00e7o Coberto em uma Varanda Aconchegante e Multifuncional sugestao\" width=\"1232\" height=\"928\" title=\"\"><figcaption id=\"caption-attachment-142106\" class=\"wp-caption-text\">Como Transformar um Espa\u00e7o Coberto em uma Varanda Aconchegante e Multifuncional sugestao<\/figcaption><\/figure><h4><strong>2. Balc\u00e3o Compacto para Refei\u00e7\u00f5es R\u00e1pidas<\/strong><\/h4><p>A \u00e1rea pr\u00f3xima \u00e0 janela foi transformada em um <strong>espa\u00e7o para refei\u00e7\u00f5es<\/strong> com a instala\u00e7\u00e3o de um balc\u00e3o compacto fixo na <a href=\"https:\/\/www.aarquiteta.com.br\/blog\/?s=PAREDE\">parede<\/a>.<\/p><ul><li><strong>Dimens\u00f5es:<\/strong> 1,2 metros de comprimento por 40 cm de profundidade.<\/li><li><strong>Materiais:<\/strong> Madeira clara com suportes de metal preto, trazendo um estilo moderno e funcional.<\/li><li><strong>Banquetas:<\/strong> Duas banquetas com estrutura met\u00e1lica e assentos de madeira, que podem ser guardadas sob o balc\u00e3o para otimizar o espa\u00e7o.<\/li><\/ul><p>Para maior funcionalidade, adicionamos uma <strong>prateleira suspensa<\/strong> acima do balc\u00e3o para organizar utens\u00edlios ou expor itens decorativos, como plantas e potes de caf\u00e9.<\/p><h4><strong>3. Jardim Vertical Decorativo<\/strong><\/h4><p>Para trazer frescor ao ambiente, instalamos um <strong>jardim vertical<\/strong> na parede direita.<\/p><ul><li><strong>Tamanho:<\/strong> 1,5 metros de altura por 50 cm de largura.<\/li><li><strong>Plantas sugeridas:<\/strong> Samambaias, jiboias e suculentas, f\u00e1ceis de cuidar e que se adaptam bem a ambientes semiabertos.<\/li><\/ul><p>O jardim n\u00e3o s\u00f3 acrescenta verde ao espa\u00e7o, como tamb\u00e9m funciona como um elemento decorativo central, tornando o ambiente mais aconchegante e vivo.<\/p><figure id=\"attachment_142083\" aria-describedby=\"caption-attachment-142083\" style=\"width: 1232px\" class=\"wp-caption alignnone\"><img decoding=\"async\" class=\"size-full wp-image-142083\" src=\"https:\/\/www.aarquiteta.com.br\/blog\/wp-content\/uploads\/2025\/01\/Como-Transformar-um-Espaco-Coberto-em-uma-Varanda-Aconchegante-e-Multifuncional-sugestao-2.png\" alt=\"Como Transformar um Espa\u00e7o Coberto em uma Varanda Aconchegante e Multifuncional sugestao\" width=\"1232\" height=\"928\" title=\"\"><figcaption id=\"caption-attachment-142083\" class=\"wp-caption-text\">Como Transformar um Espa\u00e7o Coberto em uma Varanda Aconchegante e Multifuncional sugest\u00e3o<\/figcaption><\/figure><h3><strong>4. Ilumina\u00e7\u00e3o para Clima Aconchegante<\/strong><\/h3><p>A ilumina\u00e7\u00e3o \u00e9 fundamental para criar o clima certo. Sugerimos:<\/p><ul><li><strong>Luzes de corda:<\/strong> Instaladas ao longo do teto, adicionando um toque de charme e acolhimento.<\/li><li><strong>Arandelas:<\/strong> Fixadas nas paredes laterais, emitindo luz quente e suave.<\/li><li><strong>Lumin\u00e1ria de piso:<\/strong> Posicionada no canto do sof\u00e1, com c\u00fapula em tecido natural.<\/li><\/ul><p>Esses elementos garantem um ambiente confort\u00e1vel para relaxar \u00e0 noite.<\/p><h3><strong>Detalhes Decorativos<\/strong><\/h3><p>Para finalizar, adicionamos alguns toques decorativos:<\/p><ul><li><strong>Quadros ou arte na parede:<\/strong> Posicionados acima do sof\u00e1 com temas bot\u00e2nicos ou abstratos.<\/li><li><strong>Potes decorativos e plantas pequenas:<\/strong> Sobre a prateleira suspensa e o balc\u00e3o.<\/li><li><strong>Cortinas leves ou persianas:<\/strong> Na janela, para controlar a luz natural e criar uma atmosfera mais acolhedora.<\/li><\/ul><figure id=\"attachment_142082\" aria-describedby=\"caption-attachment-142082\" style=\"width: 1232px\" class=\"wp-caption alignnone\"><img decoding=\"async\" class=\"size-full wp-image-142082\" src=\"https:\/\/www.aarquiteta.com.br\/blog\/wp-content\/uploads\/2025\/01\/Como-Transformar-um-Espaco-Coberto-em-uma-Varanda-Aconchegante-e-Multifuncional-sugestao.png\" alt=\"Como Transformar um Espa\u00e7o Coberto em uma Varanda Aconchegante e Multifuncional sugestao\" width=\"1232\" height=\"928\" title=\"\"><figcaption id=\"caption-attachment-142082\" class=\"wp-caption-text\">Como Transformar um Espa\u00e7o Coberto em uma Varanda Aconchegante e Multifuncional sugest\u00e3o<\/figcaption><\/figure><h3><strong>O Resultado: Um Espa\u00e7o Multifuncional e Aconchegante<\/strong><\/h3><p>Com essa transforma\u00e7\u00e3o, a \u00e1rea coberta foi convertida em uma varanda aconchegante que atende perfeitamente \u00e0s necessidades da cliente. Agora, ela tem um espa\u00e7o para relaxar \u00e0 noite, tomar caf\u00e9 da manh\u00e3 com a fam\u00edlia ou at\u00e9 mesmo receber visitas de forma confort\u00e1vel e estilosa.<\/p><p>Se voc\u00ea tamb\u00e9m deseja transformar um espa\u00e7o da sua casa, inspire-se neste projeto e crie um ambiente que combine funcionalidade e beleza!<\/p><h2><span class=\"x19la9d6 x1fc57z9 x6ikm8r x10wlt62 x19co3pv x1g5zs5t xfibh0p xiy17q3 x1xsqp64 x1lkfr7t xexx8yu x4uap5 x18d9i69 xkhd6sd\"><span class=\"xrtxmta x1bhl96m\">\ud83d\ude0a<\/span><\/span><span class=\"selectable-text copyable-text false\"> Para podermos elaborar uma sugest\u00e3o e dicas iniciais para a sua ideia ou seu projeto, pedimos que envie todas as informa\u00e7\u00f5es necess\u00e1rias abaixo:<\/span><\/h2><h3><em><strong>Aceitamos ideias para \u00e1reas residenciais e comerciais.<\/strong><\/em><\/h3><p><span class=\"selectable-text copyable-text false\"> \u00c9 importante que voc\u00ea inclua o m\u00e1ximo de detalhes poss\u00edveis para podermos compreender suas necessidades e oferecer a melhor solu\u00e7\u00e3o. <\/span><\/p><h3><span class=\"selectable-text copyable-text false\">Dados Necess\u00e1rios:<\/span><\/h3><p><span class=\"selectable-text copyable-text false\"><strong> Informa\u00e7\u00f5es Pessoais:<\/strong> Nome completo. Telefone de contato. <\/span><\/p><p><span class=\"selectable-text copyable-text false\"><strong>Descri\u00e7\u00e3o do Projeto:<\/strong> Tipo de projeto (reforma, decora\u00e7\u00e3o, design de interiores, projeto arquitet\u00f4nico, etc.). <\/span><\/p><p><span class=\"selectable-text copyable-text false\"><strong>Descri\u00e7\u00e3o do que voc\u00ea deseja fazer:<\/strong> (ex.: renova\u00e7\u00e3o de um ambiente espec\u00edfico, mudan\u00e7a de layout, escolha de materiais, etc.). <\/span><\/p><p><span class=\"selectable-text copyable-text false\"><strong>Local do Projeto:<\/strong> Tipo de im\u00f3vel (casa, apartamento, escrit\u00f3rio, loja, etc.). <\/span><\/p><p><span class=\"selectable-text copyable-text false\"><strong>Dimens\u00f5es e Fotos:<\/strong> \u00c1rea aproximada do espa\u00e7o (em metros quadrados). e X de comprimento por y de largura. <\/span><\/p><p><strong><span class=\"selectable-text copyable-text false\">Fotos do ambiente atual.<\/span><\/strong><\/p><p><span class=\"selectable-text copyable-text false\">Aguardo seu \u00e1udio explicando o projeto, fotos e o tamanho do local. E estou \u00e0 disposi\u00e7\u00e3o para tirar d\u00favidas e ajudar a transformar seu projeto em realidade!<\/span><\/p><h3><strong>Em fevereiro, os valores ser\u00e3o: \u00e1reas internas: R$ 180,00 \u201cpor comodo\u201d e \u00e1reas externas: R$ 280,00 &#8220;por \u00e1rea\u201d.\u00a0<\/strong><\/h3><p>Envie ou pelo meu WhatsApp que voc\u00ea encontra aqui embaixo a direita, ou por e-mail: <strong>luciana@aarquiteta.com.br<\/strong><\/p><p><span class=\"x19la9d6 x1fc57z9 x6ikm8r x10wlt62 x19co3pv x1g5zs5t xfibh0p xiy17q3 x1xsqp64 x1lkfr7t xexx8yu x4uap5 x18d9i69 xkhd6sd\"><span class=\"xrtxmta x1bhl96m\">\u2728<\/span><\/span><span class=\"selectable-text copyable-text false\"> Atenciosamente, Luciana Paix\u00e3o A Arquiteta \u2013 Transformando espa\u00e7os, inspirando vidas.<\/span><\/p><p>&nbsp;<\/p>","protected":false},"excerpt":{"rendered":"<p>Ter um espa\u00e7o acolhedor para relaxar ou receber amigos \u00e9 o sonho de muitos. Nossa seguidora tinha uma necessidade bem espec\u00edfica: transformar uma \u00e1rea coberta de 6 metros de largura por 3,7 metros de profundidade em um local aconchegante, ideal para descanso noturno, refei\u00e7\u00f5es r\u00e1pidas e momentos de caf\u00e9 da manh\u00e3 com familiares e amigos.Com [&hellip;]<\/p>\n","protected":false},"author":102,"featured_media":142083,"comment_status":"closed","ping_status":"closed","sticky":false,"template":"","format":"standard","meta":{"footnotes":""},"categories":[1484,971,35522],"tags":[],"class_list":["post-142078","post","type-post","status-publish","format-standard","has-post-thumbnail","category-decoracao","category-design-de-interiores","category-sugestoes-de-projetos-para-clientes"],"_wp_attached_file":null,"_wp_attachment_metadata":null,"_wp_attachment_context":null,"_wp_attachment_is_custom_header":null,"geo_longitude":null,"geo_public":null,"geo_latitude":null,"_publicize_done_external":null,"_wpas_done_3897181":null,"publicize_twitter_user":null,"_wpas_done_3897175":null,"_wpas_skip_3897181":null,"_wpas_skip_3897175":null,"_wpas_skip_3924723":null,"_wpas_mess":null,"_wpas_done_3924723":null,"wps_subtitle":"","_links":{"self":[{"href":"https:\/\/www.aarquiteta.com.br\/blog\/wp-json\/wp\/v2\/posts\/142078","targetHints":{"allow":["GET"]}}],"collection":[{"href":"https:\/\/www.aarquiteta.com.br\/blog\/wp-json\/wp\/v2\/posts"}],"about":[{"href":"https:\/\/www.aarquiteta.com.br\/blog\/wp-json\/wp\/v2\/types\/post"}],"author":[{"embeddable":true,"href":"https:\/\/www.aarquiteta.com.br\/blog\/wp-json\/wp\/v2\/users\/102"}],"replies":[{"embeddable":true,"href":"https:\/\/www.aarquiteta.com.br\/blog\/wp-json\/wp\/v2\/comments?post=142078"}],"version-history":[{"count":0,"href":"https:\/\/www.aarquiteta.com.br\/blog\/wp-json\/wp\/v2\/posts\/142078\/revisions"}],"wp:featuredmedia":[{"embeddable":true,"href":"https:\/\/www.aarquiteta.com.br\/blog\/wp-json\/wp\/v2\/media\/142083"}],"wp:attachment":[{"href":"https:\/\/www.aarquiteta.com.br\/blog\/wp-json\/wp\/v2\/media?parent=142078"}],"wp:term":[{"taxonomy":"category","embeddable":true,"href":"https:\/\/www.aarquiteta.com.br\/blog\/wp-json\/wp\/v2\/categories?post=142078"},{"taxonomy":"post_tag","embeddable":true,"href":"https:\/\/www.aarquiteta.com.br\/blog\/wp-json\/wp\/v2\/tags?post=142078"}],"curies":[{"name":"wp","href":"https:\/\/api.w.org\/{rel}","templated":true}]}}