{"id":142044,"date":"2025-01-29T09:41:54","date_gmt":"2025-01-29T12:41:54","guid":{"rendered":"https:\/\/www.aarquiteta.com.br\/blog\/escada-de-vidro\/"},"modified":"2025-01-29T09:41:54","modified_gmt":"2025-01-29T12:41:54","slug":"escada-de-vidro","status":"publish","type":"post","link":"https:\/\/www.aarquiteta.com.br\/blog\/escada-de-vidro\/","title":{"rendered":"Escadas de vidro: 30 modelos para inspirar seus projetos"},"content":{"rendered":"<p><body><\/p>\n<p>As escadas de vidro s\u00e3o uma verdadeira obra-prima da modernidade, trazendo sofistica\u00e7\u00e3o e leveza aos ambientes. Neste artigo, eu vou compartilhar ideias e insights sobre como essas estruturas podem transformar seu espa\u00e7o, al\u00e9m de apresentar modelos que inspiram inova\u00e7\u00e3o e estilo.<\/p>\n<h2>Introdu\u00e7\u00e3o<\/h2>\n<p>Quando falamos em <b>escadas de vidro<\/b>, estamos nos referindo a um elemento que n\u00e3o apenas conecta andares, mas tamb\u00e9m eleva a est\u00e9tica dos ambientes onde s\u00e3o instaladas. Este artigo vai explorar as v\u00e1rias facetas das escadas de vidro, desde estilos at\u00e9 manuten\u00e7\u00f5es necess\u00e1rias, e quem sabe, voc\u00ea pode se inspirar para seu pr\u00f3ximo projeto.<\/p>\n<h2>Principais T\u00f3picos Abordados<\/h2>\n<ul>\n<li><b>Estilos de Escadas de Vidro<\/b>: Vou apresentar diferentes estilos que combinam vidro com metal e outras estruturas.<\/li>\n<li><b>Vantagens<\/b>: Entenda como a durabilidade e a est\u00e9tica fazem das escadas de vidro uma escolha popular.<\/li>\n<li><b>Desafios na Manuten\u00e7\u00e3o<\/b>: Fique ciente dos cuidados necess\u00e1rios para preservar a beleza do vidro.<\/li>\n<li><b>Aplica\u00e7\u00f5es Criativas<\/b>: Veja como as escadas de vidro se encaixam em diferentes ambientes, como \u00e1reas de lazer.<\/li>\n<li><b>Escolhendo o Vidro Certo<\/b>: Conhe\u00e7a as melhores op\u00e7\u00f5es de vidro dispon\u00edveis no mercado.<\/li>\n<\/ul>\n<h2>1. Estilos de Escadas de Vidro<\/h2>\n<h3>1.1 Estilos Cl\u00e1ssicos e Modernos<\/h3>\n<figure style=\"width: 1024px\" class=\"wp-caption aligncenter\"><img decoding=\"async\" src=\"https:\/\/www.aarquiteta.com.br\/blog\/wp-content\/uploads\/2025\/01\/escada-de-vidro01.jpg\" alt=\"Escadas de vidro: 30 modelos para inspirar seus projetos\" width=\"1024\" height=\"1024\" title=\"\"><figcaption class=\"wp-caption-text\">Escadas de vidro: 30 modelos para inspirar seus projetos<\/figcaption><\/figure>\n<p>Posso afirmar com certeza que as escadas com <b>fundo de metal<\/b> trazem um toque cl\u00e1ssico que nunca sai de moda. O contraste entre o metal e o vidro destaca a beleza de ambos, e se voc\u00ea tem um espa\u00e7o mais retr\u00f4, essa pode ser a escolha ideal. Por outro lado, as <b>escadas flutuantes<\/b> s\u00e3o para quem quer ousar e surpreender; nesses modelos, os degraus parecem estar suspensos no ar, proporcionando uma leveza visual incr\u00edvel que deixa a gente sem f\u00f4lego.<\/p>\n<h3>1.2 Escadas de Caracol com Vidro<\/h3>\n<figure style=\"width: 1024px\" class=\"wp-caption aligncenter\"><img decoding=\"async\" src=\"https:\/\/www.aarquiteta.com.br\/blog\/wp-content\/uploads\/2025\/01\/escada-de-vidro-5-730x730.jpg\" alt=\"foto: reprodu\u00e7\u00e3o \/ All About That Glass\" title=\"\"><figcaption class=\"wp-caption-text\">foto: reprodu\u00e7\u00e3o \/ All About That Glass<\/figcaption><\/figure>\n<p>As <b>escadas em caracol<\/b> s\u00e3o pr\u00e1ticas e aproveitam espa\u00e7os pequenos, mas o que realmente me encanta \u00e9 quando s\u00e3o feitas com vidros. Elas se tornam um foco de aten\u00e7\u00e3o e, ao mesmo tempo, n\u00e3o ocupam muito espa\u00e7o visual. Esse tipo de escada \u00e9 perfeita para quem busca um equil\u00edbrio entre funcionalidade e estilo.<\/p>\n<h2>2. Vantagens das Escadas de Vidro<\/h2>\n<h3>2.1 Durabilidade e Seguran\u00e7a<\/h3>\n<figure style=\"width: 1024px\" class=\"wp-caption aligncenter\"><img decoding=\"async\" src=\"https:\/\/www.aarquiteta.com.br\/blog\/wp-content\/uploads\/2025\/01\/escada-de-vidro-1.png\" alt=\"foto: reprodu\u00e7\u00e3o \/ SILLER TREPPEN\/STAIRS\/SCALE\" title=\"\"><figcaption class=\"wp-caption-text\">foto: reprodu\u00e7\u00e3o \/ SILLER TREPPEN\/STAIRS\/SCALE<\/figcaption><\/figure>\n<p>N\u00e3o tem como n\u00e3o destacar que o <b>vidro temperado<\/b> \u00e9 uma op\u00e7\u00e3o extremamente robusta. Ele suporta uma grande quantidade de peso e, acredite, \u00e9 mais seguro do que muitos pensam. Vivemos tempos em que seguran\u00e7a \u00e9 prioridade, e uma escada de vidro bem projetada pode oferecer isso com classe.<\/p>\n<h3>2.2 Est\u00e9tica Vers\u00e1til<\/h3>\n<figure style=\"width: 1024px\" class=\"wp-caption aligncenter\"><img decoding=\"async\" src=\"https:\/\/www.aarquiteta.com.br\/blog\/wp-content\/uploads\/2025\/01\/escada-de-vidro02.jpg\" alt=\"Escadas de vidro: 30 modelos para inspirar seus projetos\" width=\"1024\" height=\"1024\" title=\"\"><figcaption class=\"wp-caption-text\">Escadas de vidro: 30 modelos para inspirar seus projetos<\/figcaption><\/figure>\n<p>Eu sou f\u00e3 do fato de que o <b>vidro incolor<\/b> se adapta a qualquer estilo de decora\u00e7\u00e3o. Se voc\u00ea adora um ambiente minimalista ou cl\u00e1ssico, as escadas de vidro se encaixam perfeitamente. Elas permitem que a luz flua, criando um ambiente mais acolhedor e menos carregado.<\/p>\n<h3>2.3 Ilumina\u00e7\u00e3o Natural<\/h3>\n<figure style=\"width: 1024px\" class=\"wp-caption aligncenter\"><img decoding=\"async\" src=\"https:\/\/www.aarquiteta.com.br\/blog\/wp-content\/uploads\/2025\/01\/escada-de-vidro-2-730x454.jpg\" alt=\"foto: reprodu\u00e7\u00e3\/ Milla Holtz Arquitetura\" title=\"\"><figcaption class=\"wp-caption-text\">foto: reprodu\u00e7\u00e3\/ Milla Holtz Arquitetura<\/figcaption><\/figure>\n<p>Uma das maiores vantagens de utilizar escadas de vidro \u00e9 a <b>ilumina\u00e7\u00e3o natural<\/b> que elas proporcionam. Ao contr\u00e1rio das escadas de madeira que podem escurecer os espa\u00e7os, as de vidro mant\u00eam o ambiente iluminado e arejado. Pode parecer um detalhe, mas a diferen\u00e7a no clima do ambiente \u00e9 not\u00e1vel!<\/p>\n<h2>3. Desafios na Manuten\u00e7\u00e3o<\/h2>\n<h3>3.1 Limpeza Regular<\/h3>\n<figure style=\"width: 1024px\" class=\"wp-caption aligncenter\"><img decoding=\"async\" src=\"https:\/\/www.aarquiteta.com.br\/blog\/wp-content\/uploads\/2025\/01\/escada-de-vidro03.jpg\" alt=\"Escadas de vidro: 30 modelos para inspirar seus projetos\" width=\"1024\" height=\"1024\" title=\"\"><figcaption class=\"wp-caption-text\">Escadas de vidro: 30 modelos para inspirar seus projetos<\/figcaption><\/figure>\n<p>Agora, vamos ser sinceros. Manter a <b>escada de vidro limpa<\/b> \u00e9 um desafio. A poeira e as marcas de dedos aparecem rapidamente, e pode ser preciso usar produtos espec\u00edficos para conseguir aquele brilho perfeito. Mas n\u00e3o se preocupe, com um pouco de dedica\u00e7\u00e3o, fica f\u00e1cil mant\u00ea-las impec\u00e1veis.<\/p>\n<h3>3.2 Superf\u00edcies Antiderrapantes<\/h3>\n<figure style=\"width: 1024px\" class=\"wp-caption aligncenter\"><img decoding=\"async\" src=\"https:\/\/www.aarquiteta.com.br\/blog\/wp-content\/uploads\/2025\/01\/escada-de-vidro-3-730x461.jpg\" alt=\"foto: reprodu\u00e7\u00e3o \/ Id\u00e1lia Daudt Arquitetura\" title=\"\"><figcaption class=\"wp-caption-text\">foto: reprodu\u00e7\u00e3o \/ Id\u00e1lia Daudt Arquitetura<\/figcaption><\/figure>\n<p>Outra preocupa\u00e7\u00e3o que n\u00e3o d\u00e1 pra esquecer \u00e9 garantir que as escadas sejam seguras. Considerar <b>solu\u00e7\u00f5es antiderrapantes<\/b> \u00e9 essencial. Eu sempre recomendo aderir a faixas jateadas nos degraus para evitar escorreg\u00f5es e garantir que o visual, mesmo sendo elegante, n\u00e3o comprometa a seguran\u00e7a.<\/p>\n<h2>4. Aplica\u00e7\u00f5es Criativas<\/h2>\n<h3>4.1 Escadas em \u00c1reas de Lazer<\/h3>\n<figure style=\"width: 1024px\" class=\"wp-caption aligncenter\"><img decoding=\"async\" src=\"https:\/\/www.aarquiteta.com.br\/blog\/wp-content\/uploads\/2025\/01\/escada-de-vidro4.jpg\" alt=\"Escadas de vidro: 30 modelos para inspirar seus projetos\" width=\"1024\" height=\"1024\" title=\"\"><figcaption class=\"wp-caption-text\">Escadas de vidro: 30 modelos para inspirar seus projetos<\/figcaption><\/figure>\n<p>Imagina ter uma <b>escada de vidro ao lado de uma piscina<\/b>? Pode parecer ousado, mas \u00e9 uma escolha que traz modernidade ao ambiente, e faz qualquer um se sentir em um resort. Funciona muito bem em casas de praia ou em \u00e1reas de lazer. O visual \u00e9 sensacional e o mais interessante \u00e9 que fica lindo tanto de dia quanto de noite.<\/p>\n<h3>4.2 Jardins Internos<\/h3>\n<figure style=\"width: 1024px\" class=\"wp-caption aligncenter\"><img decoding=\"async\" src=\"https:\/\/www.aarquiteta.com.br\/blog\/wp-content\/uploads\/2025\/01\/escada-de-vidro-4-730x548.jpg\" alt=\"foto: reprodu\u00e7\u00e3o \/ AFJ Arquitetura\" title=\"\"><figcaption class=\"wp-caption-text\">foto: reprodu\u00e7\u00e3o \/ AFJ Arquitetura<\/figcaption><\/figure>\n<p>As escadas de vidro tamb\u00e9m podem criar uma conex\u00e3o visual maravilhosa com <b>jardins internos<\/b>. Imagine descer e ter a vista de um belo jardim logo abaixo. \u00c9 uma forma de trazer um pouco da natureza para dentro de casa, criando ambientes mais tranquilos e relaxantes.<\/p>\n<h2>5. Escolhendo o Vidro Certo<\/h2>\n<h3>5.1 Vidro Temperado-Laminado<\/h3>\n<p><iframe title=\"YouTube video player\" src=\"https:\/\/www.youtube.com\/embed\/FKsVkNtCVoQ\" width=\"560\" height=\"315\" frameborder=\"0\" allowfullscreen=\"allowfullscreen\"><\/iframe><\/p>\n<p>Para garantir seguran\u00e7a e resist\u00eancia nas escadas, o <b>vidro temperado-laminado<\/b> \u00e9 a melhor escolha. Esse tipo de vidro oferece durabilidade inigual\u00e1vel e \u00e9 perfeito para suportar o peso dos degraus. Isso definitivamente me faz sentir mais seguro em qualquer projeto.<\/p>\n<h3>5.2 Vidro Jateado<\/h3>\n<p>Por outro lado, o uso do <b>vidro jateado<\/b> traz um charme extra e ainda proporciona uma boa dose de privacidade. Esse tipo de vidro pode ser usado na lateral das escadas, combinando est\u00e9tica com funcionalidade, um verdadeiro ganha-ganha.<\/p>\n<h2>Conclus\u00e3o<\/h2>\n<p>Ap\u00f3s explorar as diferentes facetas das <b>escadas de vidro<\/b>, fica claro que elas s\u00e3o muito mais do que um elemento de passagem. Elas s\u00e3o s\u00edmbolos de modernidade e estilo, capazes de transformar qualquer espa\u00e7o. Se voc\u00ea est\u00e1 pensando em renovar seu ambiente, considere uma escada de vidro. Com suas **v\u00e1rias op\u00e7\u00f5es de design e vantagens**, a escada de vidro pode ser exatamente o que seu projeto precisa para ganhar vida!<\/p>\n<p><\/body><br \/>\n<figure style=\"width: 1024px\" class=\"wp-caption aligncenter\"><img decoding=\"async\" src=\"https:\/\/www.aarquiteta.com.br\/blog\/wp-content\/uploads\/2025\/01\/escada-de-vidro-7-730x730.jpg\" alt=\"Foto: reprodu\u00e7\u00e3o \/ PS do Vidro\" title=\"\"><figcaption class=\"wp-caption-text\">Foto: reprodu\u00e7\u00e3o \/ PS do Vidro<\/figcaption><\/figure>\n","protected":false},"excerpt":{"rendered":"<p>Descubra 30 diferentes modelos de escadas de vidro que trazem sofistica\u00e7\u00e3o e beleza para a sua casa.<\/p>\n","protected":false},"author":102,"featured_media":142037,"comment_status":"closed","ping_status":"closed","sticky":false,"template":"","format":"standard","meta":{"footnotes":""},"categories":[1507,249],"tags":[],"class_list":["post-142044","post","type-post","status-publish","format-standard","has-post-thumbnail","category-arquitetura","category-engenharia-e-construcao-civil"],"_wp_attached_file":null,"_wp_attachment_metadata":null,"_wp_attachment_context":null,"_wp_attachment_is_custom_header":null,"geo_longitude":null,"geo_public":null,"geo_latitude":null,"_publicize_done_external":null,"_wpas_done_3897181":null,"publicize_twitter_user":null,"_wpas_done_3897175":null,"_wpas_skip_3897181":null,"_wpas_skip_3897175":null,"_wpas_skip_3924723":null,"_wpas_mess":null,"_wpas_done_3924723":null,"wps_subtitle":"","_links":{"self":[{"href":"https:\/\/www.aarquiteta.com.br\/blog\/wp-json\/wp\/v2\/posts\/142044","targetHints":{"allow":["GET"]}}],"collection":[{"href":"https:\/\/www.aarquiteta.com.br\/blog\/wp-json\/wp\/v2\/posts"}],"about":[{"href":"https:\/\/www.aarquiteta.com.br\/blog\/wp-json\/wp\/v2\/types\/post"}],"author":[{"embeddable":true,"href":"https:\/\/www.aarquiteta.com.br\/blog\/wp-json\/wp\/v2\/users\/102"}],"replies":[{"embeddable":true,"href":"https:\/\/www.aarquiteta.com.br\/blog\/wp-json\/wp\/v2\/comments?post=142044"}],"version-history":[{"count":0,"href":"https:\/\/www.aarquiteta.com.br\/blog\/wp-json\/wp\/v2\/posts\/142044\/revisions"}],"wp:featuredmedia":[{"embeddable":true,"href":"https:\/\/www.aarquiteta.com.br\/blog\/wp-json\/wp\/v2\/media\/142037"}],"wp:attachment":[{"href":"https:\/\/www.aarquiteta.com.br\/blog\/wp-json\/wp\/v2\/media?parent=142044"}],"wp:term":[{"taxonomy":"category","embeddable":true,"href":"https:\/\/www.aarquiteta.com.br\/blog\/wp-json\/wp\/v2\/categories?post=142044"},{"taxonomy":"post_tag","embeddable":true,"href":"https:\/\/www.aarquiteta.com.br\/blog\/wp-json\/wp\/v2\/tags?post=142044"}],"curies":[{"name":"wp","href":"https:\/\/api.w.org\/{rel}","templated":true}]}}