{"id":142026,"date":"2025-01-28T19:23:36","date_gmt":"2025-01-28T22:23:36","guid":{"rendered":"https:\/\/www.aarquiteta.com.br\/blog\/pedra-sao-tome-2\/"},"modified":"2025-01-28T19:23:36","modified_gmt":"2025-01-28T22:23:36","slug":"pedra-sao-tome-2","status":"publish","type":"post","link":"https:\/\/www.aarquiteta.com.br\/blog\/pedra-sao-tome-2\/","title":{"rendered":"10 Ideias Criativas para Decorar com a Pedra S\u00e3o Tom\u00e9"},"content":{"rendered":"<p><body><\/p>\n<p>A Pedra S\u00e3o Tom\u00e9 se destaca como uma escolha elegante e funcional para a decora\u00e7\u00e3o de ambientes, sendo ideal para pisos e revestimentos. Com sua resist\u00eancia e est\u00e9tica r\u00fastica, ela adiciona conforto t\u00e9rmico e beleza a espa\u00e7os internos e externos.<\/p>\n<h2>Vantagens e ideias para decorar com a Pedra S\u00e3o Tom\u00e9<\/h2>\n<h2>Introdu\u00e7\u00e3o<\/h2>\n<p>Vamos explorar as <b>incr\u00edveis caracter\u00edsticas<\/b> da Pedra S\u00e3o Tom\u00e9, al\u00e9m de sua <b>origem<\/b> e as in\u00fameras possibilidades de uso na decora\u00e7\u00e3o de espa\u00e7os. Essa pedra n\u00e3o \u00e9 apenas uma escolha est\u00e9tica, mas tamb\u00e9m pr\u00e1tica, oferecendo um leque de aplica\u00e7\u00f5es que v\u00e3o do jardim ao interior da casa.<\/p>\n<h2>1. Caracter\u00edsticas da Pedra S\u00e3o Tom\u00e9<\/h2>\n<p>A Pedra S\u00e3o Tom\u00e9, classificada como <b>quartzito<\/b>, \u00e9 fruto da recristaliza\u00e7\u00e3o de arenito. Essa forma\u00e7\u00e3o confere \u00e0 pedra uma <b>resist\u00eancia excepcional<\/b>, tornando-a perfeita para ambientes que exigem durabilidade. Entre suas caracter\u00edsticas destacam-se a <b>absor\u00e7\u00e3o de \u00e1gua<\/b> e a <b>propriedade antit\u00e9rmica<\/b>, garantindo que o piso permane\u00e7a em temperaturas amenas, mesmo ap\u00f3s longas exposi\u00e7\u00f5es ao sol.<\/p>\n<h2>2. Aplica\u00e7\u00f5es em \u00e1reas externas<\/h2>\n<h3>2.1 Jardins e paisagismo<\/h3>\n<figure style=\"width: 1024px\" class=\"wp-caption aligncenter\"><img decoding=\"async\" src=\"https:\/\/www.aarquiteta.com.br\/blog\/wp-content\/uploads\/2025\/01\/pedra-sao-tome-02.jpg\" alt=\"Moura Pedras\" title=\"\"><figcaption class=\"wp-caption-text\">Moura Pedras<\/figcaption><\/figure>\n<p>Utilizar a pedra em jardins pode transformar o ambiente em um <b>ref\u00fagio r\u00fastico e acolhedor<\/b>. Seja para caminhos ou delimita\u00e7\u00e3o de canteiros, a Pedra S\u00e3o Tom\u00e9 traz um ar natural, integrando-se perfeitamente com plantas e flores.<\/p>\n<h3>2.2 Piscinas<\/h3>\n<figure style=\"width: 1024px\" class=\"wp-caption aligncenter\"><img decoding=\"async\" src=\"https:\/\/www.aarquiteta.com.br\/blog\/wp-content\/uploads\/2025\/01\/pedra-sao-tome01.jpg\" alt=\"38 Ideias Criativas para Decorar com a Pedra S\u00e3o Tom\u00e9\" width=\"1024\" height=\"1024\" title=\"\"><figcaption class=\"wp-caption-text\">38 Ideias Criativas para Decorar com a Pedra S\u00e3o Tom\u00e9<\/figcaption><\/figure>\n<p>Quando se trata de \u00e1reas de piscina, a pedra \u00e9 uma das <b>melhores op\u00e7\u00f5es de revestimento<\/b>. Sua superf\u00edcie \u00e9 menos escorregadia, o que favorece a seguran\u00e7a, enquanto sua resist\u00eancia \u00e0 \u00e1gua evita danos e desgastes.<\/p>\n<h2>3. Uso em \u00e1reas internas<\/h2>\n<h3>3.1 Sala de estar e decora\u00e7\u00e3o<\/h3>\n<figure style=\"width: 1024px\" class=\"wp-caption aligncenter\"><img decoding=\"async\" src=\"https:\/\/www.aarquiteta.com.br\/blog\/wp-content\/uploads\/2025\/01\/pedra-sao-tome-00.jpg\" alt=\"Vantagens e ideias para decorar com a Pedra S\u00e3o Tom\u00e9\" title=\"\"><figcaption class=\"wp-caption-text\">Vantagens e ideias para decorar com a Pedra S\u00e3o Tom\u00e9<\/figcaption><\/figure>\n<p>Incorporar a pedra na sala de estar pode acrescentar <b>charme e sofistica\u00e7\u00e3o<\/b> ao ambiente. Um piso de Pedra S\u00e3o Tom\u00e9 confere um toque r\u00fastico, ao mesmo tempo que combina com diversos estilos de m\u00f3veis e objetos de decora\u00e7\u00e3o, criando uma atmosfera convidativa.<\/p>\n<h3>3.2 Escadas e passagens<\/h3>\n<figure style=\"width: 1024px\" class=\"wp-caption aligncenter\"><img decoding=\"async\" src=\"https:\/\/www.aarquiteta.com.br\/blog\/wp-content\/uploads\/2025\/01\/pedra-sao-tome02.jpg\" alt=\"38 Ideias Criativas para Decorar com a Pedra S\u00e3o Tom\u00e9\" width=\"1024\" height=\"1024\" title=\"\"><figcaption class=\"wp-caption-text\">38 Ideias Criativas para Decorar com a Pedra S\u00e3o Tom\u00e9<\/figcaption><\/figure>\n<p>A aplica\u00e7\u00e3o da pedra em escadas n\u00e3o s\u00f3 traz um efeito visual impactante, como tamb\u00e9m <b>adiciona personalidade<\/b> ao espa\u00e7o. As escadas em pedra podem ser desenhadas de maneiras inovadoras, garantindo que mesmo os detalhes sejam com aten\u00e7\u00e3o e estilo.<\/p>\n<h2>4. Variedade de cores e estilos<\/h2>\n<p>A Pedra S\u00e3o Tom\u00e9 est\u00e1 dispon\u00edvel em diversas <b>cores e tonalidades<\/b>, que v\u00e3o do branco ao rosa, permitindo uma ampla personaliza\u00e7\u00e3o em projetos. Essa variedade possibilita combina\u00e7\u00f5es criativas, que podem real\u00e7ar ainda mais a decora\u00e7\u00e3o do lar.<\/p>\n<h2>5. Cuidados e manuten\u00e7\u00e3o<\/h2>\n<p>Para preservar a beleza e a <b>durabilidade da Pedra S\u00e3o Tom\u00e9<\/b>, \u00e9 essencial seguir alguns cuidados, como a aplica\u00e7\u00e3o de produtos espec\u00edficos de limpeza e a verifica\u00e7\u00e3o de poss\u00edveis danos. Manuten\u00e7\u00e3o regular ajuda a garantir que a pedra continue linda e resistente por muito tempo.<\/p>\n<h2>Conclus\u00e3o<\/h2>\n<p>Incorporar a <b>Pedra S\u00e3o Tom\u00e9<\/b> em projetos de decora\u00e7\u00e3o representa uma inteligente escolha, unindo est\u00e9tica e funcionalidade. Vers\u00e1til e cheia de estilo, ela \u00e9 perfeita para projetos tanto internos quanto externos. Experimente essa op\u00e7\u00e3o natural e observe a diferen\u00e7a que ela pode fazer em seu ambiente!<\/p>\n<p><\/body><br \/>\n<figure style=\"width: 1024px\" class=\"wp-caption aligncenter\"><img decoding=\"async\" src=\"https:\/\/www.aarquiteta.com.br\/blog\/wp-content\/uploads\/2025\/01\/pedra-ferro-00-1-286x160.jpg\" alt=\"Foto de pedra ferro\" title=\"\"><figcaption class=\"wp-caption-text\">Foto de pedra ferro<\/figcaption><\/figure>\n<figure style=\"width: 1024px\" class=\"wp-caption aligncenter\"><img decoding=\"async\" src=\"https:\/\/www.aarquiteta.com.br\/blog\/wp-content\/uploads\/2025\/01\/pedra-sao-tome03.jpg\" alt=\"38 Ideias Criativas para Decorar com a Pedra S\u00e3o Tom\u00e9\" width=\"1024\" height=\"1024\" title=\"\"><figcaption class=\"wp-caption-text\">38 Ideias Criativas para Decorar com a Pedra S\u00e3o Tom\u00e9<\/figcaption><\/figure>\n<figure style=\"width: 1024px\" class=\"wp-caption aligncenter\"><img decoding=\"async\" src=\"https:\/\/www.aarquiteta.com.br\/blog\/wp-content\/uploads\/2025\/01\/1_fachadas-de-casas-modernas-0-286x160.jpg\" alt=\"Fachadas de casas modernas\" title=\"\"><figcaption class=\"wp-caption-text\">Fachadas de casas modernas<\/figcaption><\/figure>\n<figure style=\"width: 1024px\" class=\"wp-caption aligncenter\"><img decoding=\"async\" src=\"https:\/\/www.aarquiteta.com.br\/blog\/wp-content\/uploads\/2025\/01\/pedra-sao-tome4.jpg\" alt=\"38 Ideias Criativas para Decorar com a Pedra S\u00e3o Tom\u00e9\" width=\"1024\" height=\"1024\" title=\"\"><figcaption class=\"wp-caption-text\">38 Ideias Criativas para Decorar com a Pedra S\u00e3o Tom\u00e9<\/figcaption><\/figure>\n<figure style=\"width: 1024px\" class=\"wp-caption aligncenter\"><img decoding=\"async\" src=\"https:\/\/www.aarquiteta.com.br\/blog\/wp-content\/uploads\/2025\/01\/1_pedras-para-piscina-00-286x160.png\" alt=\"Pedras para piscina\" title=\"\"><figcaption class=\"wp-caption-text\">Pedras para piscina<\/figcaption><\/figure>\n<h3>Para se aprofundar mais sobre o tema, veja a minha recomenda\u00e7\u00e3o sobre o tema deste artigo no v\u00eddeo a seguir abaixo:<\/h3>\n<p><iframe title=\"YouTube video player\" src=\"https:\/\/www.youtube.com\/embed\/VLITG0pUXro\" width=\"560\" height=\"315\" frameborder=\"0\" allowfullscreen=\"allowfullscreen\"><\/iframe><\/p>\n<figure style=\"width: 1024px\" class=\"wp-caption aligncenter\"><img decoding=\"async\" src=\"https:\/\/www.aarquiteta.com.br\/blog\/wp-content\/uploads\/2025\/01\/pedra-sao-tome-01-1019x1200.jpg\" alt=\"Pedras Bellas Artes\" title=\"\"><figcaption class=\"wp-caption-text\">Pedras Bellas Artes<\/figcaption><\/figure>\n","protected":false},"excerpt":{"rendered":"<p>Descubra 38 ideias criativas e vantagens de usar a Pedra S\u00e3o Tom\u00e9 na decora\u00e7\u00e3o. Transforme seus ambientes com estilo e sofistica\u00e7\u00e3o.<\/p>\n","protected":false},"author":102,"featured_media":142018,"comment_status":"closed","ping_status":"closed","sticky":false,"template":"","format":"standard","meta":{"footnotes":""},"categories":[1484],"tags":[],"class_list":["post-142026","post","type-post","status-publish","format-standard","has-post-thumbnail","category-decoracao"],"_wp_attached_file":null,"_wp_attachment_metadata":null,"_wp_attachment_context":null,"_wp_attachment_is_custom_header":null,"geo_longitude":null,"geo_public":null,"geo_latitude":null,"_publicize_done_external":null,"_wpas_done_3897181":null,"publicize_twitter_user":null,"_wpas_done_3897175":null,"_wpas_skip_3897181":null,"_wpas_skip_3897175":null,"_wpas_skip_3924723":null,"_wpas_mess":null,"_wpas_done_3924723":null,"wps_subtitle":"","_links":{"self":[{"href":"https:\/\/www.aarquiteta.com.br\/blog\/wp-json\/wp\/v2\/posts\/142026","targetHints":{"allow":["GET"]}}],"collection":[{"href":"https:\/\/www.aarquiteta.com.br\/blog\/wp-json\/wp\/v2\/posts"}],"about":[{"href":"https:\/\/www.aarquiteta.com.br\/blog\/wp-json\/wp\/v2\/types\/post"}],"author":[{"embeddable":true,"href":"https:\/\/www.aarquiteta.com.br\/blog\/wp-json\/wp\/v2\/users\/102"}],"replies":[{"embeddable":true,"href":"https:\/\/www.aarquiteta.com.br\/blog\/wp-json\/wp\/v2\/comments?post=142026"}],"version-history":[{"count":0,"href":"https:\/\/www.aarquiteta.com.br\/blog\/wp-json\/wp\/v2\/posts\/142026\/revisions"}],"wp:featuredmedia":[{"embeddable":true,"href":"https:\/\/www.aarquiteta.com.br\/blog\/wp-json\/wp\/v2\/media\/142018"}],"wp:attachment":[{"href":"https:\/\/www.aarquiteta.com.br\/blog\/wp-json\/wp\/v2\/media?parent=142026"}],"wp:term":[{"taxonomy":"category","embeddable":true,"href":"https:\/\/www.aarquiteta.com.br\/blog\/wp-json\/wp\/v2\/categories?post=142026"},{"taxonomy":"post_tag","embeddable":true,"href":"https:\/\/www.aarquiteta.com.br\/blog\/wp-json\/wp\/v2\/tags?post=142026"}],"curies":[{"name":"wp","href":"https:\/\/api.w.org\/{rel}","templated":true}]}}