{"id":141929,"date":"2025-01-28T11:27:28","date_gmt":"2025-01-28T14:27:28","guid":{"rendered":"https:\/\/www.aarquiteta.com.br\/blog\/marmore-carrara-2\/"},"modified":"2025-01-28T11:27:28","modified_gmt":"2025-01-28T14:27:28","slug":"marmore-carrara-2","status":"publish","type":"post","link":"https:\/\/www.aarquiteta.com.br\/blog\/marmore-carrara-2\/","title":{"rendered":"M\u00e1rmore Carrara: 50 Ambientes Sofisticados com Esta Pedra Cl\u00e1ssica"},"content":{"rendered":"<p><body><\/p>\n<p>O m\u00e1rmore Carrara \u00e9 uma pedra cl\u00e1ssica que, com seu fundo branco e veios acinzentados, traz uma sofistica\u00e7\u00e3o inigual\u00e1vel a qualquer espa\u00e7o. Neste artigo, irei compartilhar ideias inspiradoras e dicas sobre como usar esta bela pedra na decora\u00e7\u00e3o, tornando seus ambientes mais elegantes e modernos.<\/p>\n<h2>Introdu\u00e7\u00e3o<\/h2>\n<p>Como arquiteto, sempre me encantei pela beleza do m\u00e1rmore Carrara. Ele n\u00e3o \u00e9 apenas um material, mas uma <b>experi\u00eancia sensorial<\/b>, capaz de transformar qualquer ambiente em um verdadeiro espet\u00e1culo est\u00e9tico. Hoje, vou explorar suas caracter\u00edsticas, aplica\u00e7\u00f5es, varia\u00e7\u00f5es e cuidados, para que voc\u00ea possa aproveitar ao m\u00e1ximo essa maravilha da natureza.<\/p>\n<h2>Caracter\u00edsticas do M\u00e1rmore Carrara<\/h2>\n<h3>Origem e Composi\u00e7\u00e3o<\/h3>\n<figure style=\"width: 1024px\" class=\"wp-caption aligncenter\"><img decoding=\"async\" src=\"https:\/\/www.aarquiteta.com.br\/blog\/wp-content\/uploads\/2025\/01\/marmore-carrara01.jpg\" alt=\"M\u00e1rmore Carrara: 50 Ambientes Sofisticados com Esta Pedra Cl\u00e1ssica\" width=\"1024\" height=\"1024\" title=\"\"><figcaption class=\"wp-caption-text\">M\u00e1rmore Carrara: 50 Ambientes Sofisticados com Esta Pedra Cl\u00e1ssica<\/figcaption><\/figure>\n<p>O m\u00e1rmore Carrara, <b>extra\u00eddo da regi\u00e3o de Carrara<\/b> na It\u00e1lia, \u00e9 famoso por seu impressionante fundo branco e veios acinzentados. Embora a sua beleza seja ineg\u00e1vel, \u00e9 a durabilidade e a versatilidade que realmente fazem deste m\u00e1rmore um favorito em projetos de arquitetura.<\/p>\n<h3>Diferentes Tipos de M\u00e1rmore Carrara<\/h3>\n<figure style=\"width: 1024px\" class=\"wp-caption aligncenter\"><img decoding=\"async\" src=\"https:\/\/www.aarquiteta.com.br\/blog\/wp-content\/uploads\/2025\/01\/bancada-de-marmore-para-banheiro-00-286x160.png\" alt=\"Com fundo na cor branca e abundantes veios na cor cinza escura, os riscos se destacam sobre o tom claro.\" title=\"\"><figcaption class=\"wp-caption-text\">Com fundo na cor branca e abundantes veios na cor cinza escura, os riscos se destacam sobre o tom claro.<\/figcaption><\/figure>\n<p>\u00c9 fascinante como o m\u00e1rmore Carrara apresenta <b>varia\u00e7\u00f5es<\/b> not\u00f3rias. Algumas pedras t\u00eam um fundo mais claro, enquanto outras t\u00eam veios mais espa\u00e7ados ou concentrados. Essa diversidade garante que cada projeto ganhe uma assinatura \u00fanica. \u00c9 como escolher a paleta de cores perfeita para um quadro!<\/p>\n<h2>Aplica\u00e7\u00f5es do M\u00e1rmore Carrara na Decora\u00e7\u00e3o<\/h2>\n<h3>Ambientes Internos<\/h3>\n<figure style=\"width: 1024px\" class=\"wp-caption aligncenter\"><img decoding=\"async\" src=\"https:\/\/www.aarquiteta.com.br\/blog\/wp-content\/uploads\/2025\/01\/marmore-carrara-0.jpg\" alt=\"Material nobre, o m\u00e1rmore Carrara \u00e9 uma pedra clara, com fundo branco e veios acinzentados.\" title=\"\"><figcaption class=\"wp-caption-text\">Material nobre, o m\u00e1rmore Carrara \u00e9 uma pedra clara, com fundo branco e veios acinzentados.<\/figcaption><\/figure>\n<p>Se h\u00e1 algo que o m\u00e1rmore Carrara sabe fazer, \u00e9 se destacar em ambientes internos! \u00c9 ideal para <b>salas, cozinhas e banheiros<\/b>. Pode ser utilizado desde o revestimento de pisos e paredes at\u00e9 bancadas \u2014 cada aplica\u00e7\u00e3o traz um toque de finesse.<\/p>\n<h3>M\u00f3veis e Acess\u00f3rios<\/h3>\n<figure style=\"width: 1024px\" class=\"wp-caption aligncenter\"><img decoding=\"async\" src=\"https:\/\/www.aarquiteta.com.br\/blog\/wp-content\/uploads\/2025\/01\/marmore-carrara02.jpg\" alt=\"M\u00e1rmore Carrara: 50 Ambientes Sofisticados com Esta Pedra Cl\u00e1ssica\" width=\"1024\" height=\"1024\" title=\"\"><figcaption class=\"wp-caption-text\">M\u00e1rmore Carrara: 50 Ambientes Sofisticados com Esta Pedra Cl\u00e1ssica<\/figcaption><\/figure>\n<p>Al\u00e9m de pisos, o m\u00e1rmore tamb\u00e9m pode ser uma escolha surpreendente em m\u00f3veis, como mesas e bandejas. Um <b>tampo de m\u00e1rmore<\/b> em uma mesa de jantar ou uma bandeja decorativa no banheiro s\u00e3o pequenas mudan\u00e7as que fazem toda a diferen\u00e7a no visual de um ambiente.<\/p>\n<h2>Revestimentos que Imitam o M\u00e1rmore Carrara<\/h2>\n<h3>Alternativas ao M\u00e1rmore Carrara<\/h3>\n<figure style=\"width: 1024px\" class=\"wp-caption aligncenter\"><img decoding=\"async\" src=\"https:\/\/www.aarquiteta.com.br\/blog\/wp-content\/uploads\/2025\/01\/marmore-carrara-51.jpg\" alt=\"O correto seria cham\u00e1-lo de m\u00e1rmore de Carrara, j\u00e1 que este \u00e9 extra\u00eddo da regi\u00e3o com o mesmo nome, ao norte da It\u00e1lia.\" title=\"\"><figcaption class=\"wp-caption-text\">O correto seria cham\u00e1-lo de m\u00e1rmore de Carrara, j\u00e1 que este \u00e9 extra\u00eddo da regi\u00e3o com o mesmo nome, ao norte da It\u00e1lia.<\/figcaption><\/figure>\n<p>Com o avan\u00e7o da tecnologia de materiais, solu\u00e7\u00f5es como <b>porcelanato e silestone<\/b> surgiram como alternativas ao m\u00e1rmore Carrara. Essas op\u00e7\u00f5es oferecem uma est\u00e9tica similar, mas com <b>maior durabilidade<\/b> e menos manuten\u00e7\u00e3o. Uma verdadeira m\u00e3o na roda para quem deseja beleza sem as dores de cabe\u00e7a que algumas pedras naturais podem causar!<\/p>\n<h2>Cuidados e Manuten\u00e7\u00e3o do M\u00e1rmore Carrara<\/h2>\n<h3>Limpeza e Conserva\u00e7\u00e3o<\/h3>\n<figure style=\"width: 1024px\" class=\"wp-caption aligncenter\"><img decoding=\"async\" src=\"https:\/\/www.aarquiteta.com.br\/blog\/wp-content\/uploads\/2025\/01\/marmore-carrara03.jpg\" alt=\"M\u00e1rmore Carrara: 50 Ambientes Sofisticados com Esta Pedra Cl\u00e1ssica\" width=\"1024\" height=\"1024\" title=\"\"><figcaption class=\"wp-caption-text\">M\u00e1rmore Carrara: 50 Ambientes Sofisticados com Esta Pedra Cl\u00e1ssica<\/figcaption><\/figure>\n<p>Um cuidado essencial \u00e9 a limpeza do m\u00e1rmore Carrara. Sempre prefira <b>agua e detergente neutro<\/b> com um pano macio. Contudo, o uso de um impermeabilizante pode ajudar a preservar sua beleza, garantindo que manchas e riscos sejam evitados. Pense nisso como dar um banho de spa na sua pedra!<\/p>\n<h2>Inspira\u00e7\u00f5es: 50 Ideias com M\u00e1rmore Carrara<\/h2>\n<h3>Ambientes Sofisticados<\/h3>\n<figure style=\"width: 1024px\" class=\"wp-caption aligncenter\"><img decoding=\"async\" src=\"https:\/\/www.aarquiteta.com.br\/blog\/wp-content\/uploads\/2025\/01\/marmore-branco-1-286x160.jpg\" alt=\"Atualmente existem diversos tipos de m\u00e1rmore Carrara no mercado. O que os diferencia \u00e9 a quantidade de veios cinza e o tom de branco em seu material.\" title=\"\"><figcaption class=\"wp-caption-text\">Atualmente existem diversos tipos de m\u00e1rmore Carrara no mercado. O que os diferencia \u00e9 a quantidade de veios cinza e o tom de branco em seu material.<\/figcaption><\/figure>\n<p>Agora, vamos nos inspirar! Imaginemos diversos ambientes que utilizam m\u00e1rmore Carrara: desde uma imponente mesa de centro esculpida na pedra at\u00e9 um elegante lavabo revestido de piso ao teto. Esta pedra vai al\u00e9m de um simples material; ela \u00e9 um <b>s\u00edmbolo de luxo<\/b> e sofistica\u00e7\u00e3o.<\/p>\n<ul>\n<li><b>1. Mesa de centro encantadora:<\/b> Um modelo esculpido pode ser o destaque da sala.<\/li>\n<li><b>2. Banho de glamour:<\/b> Um lavabo totalmente revestido traz uma atmosfera de spa.<\/li>\n<li><b>3. Conectando ambientes:<\/b> Revestir uma escada em m\u00e1rmore Carrara une os espa\u00e7os com eleg\u00e2ncia.<\/li>\n<\/ul>\n<h2>Conclus\u00e3o<\/h2>\n<p>Portanto, o m\u00e1rmore Carrara \u00e9 muito mais do que uma simples escolha est\u00e9tica; ele \u00e9 um <b>exemplo de estilo e sofistica\u00e7\u00e3o<\/b> que transforma ambientes. Ao considerar suas diversas aplica\u00e7\u00f5es, cuidados e inspira\u00e7\u00f5es, fica claro que essa pedra cl\u00e1ssica continua sendo um \u00edcone na decora\u00e7\u00e3o contempor\u00e2nea. Se voc\u00ea procura um toque de eleg\u00e2ncia, n\u00e3o h\u00e1 d\u00favida de que o m\u00e1rmore Carrara \u00e9 a resposta!<\/p>\n<p><\/body><br \/>\n<figure style=\"width: 1024px\" class=\"wp-caption aligncenter\"><img decoding=\"async\" src=\"https:\/\/www.aarquiteta.com.br\/blog\/wp-content\/uploads\/2025\/01\/marmore-carrara4.jpg\" alt=\"M\u00e1rmore Carrara: 50 Ambientes Sofisticados com Esta Pedra Cl\u00e1ssica\" width=\"1024\" height=\"1024\" title=\"\"><figcaption class=\"wp-caption-text\">M\u00e1rmore Carrara: 50 Ambientes Sofisticados com Esta Pedra Cl\u00e1ssica<\/figcaption><\/figure>\n<figure style=\"width: 1024px\" class=\"wp-caption aligncenter\"><img decoding=\"async\" src=\"https:\/\/www.aarquiteta.com.br\/blog\/wp-content\/uploads\/2025\/01\/mesa-de-marmore-0-286x160.png\" alt=\"O modelo original possui fundo branco e veios acinzentados distribu\u00eddos por toda a pe\u00e7a.\" title=\"\"><figcaption class=\"wp-caption-text\">O modelo original possui fundo branco e veios acinzentados distribu\u00eddos por toda a pe\u00e7a.<\/figcaption><\/figure>\n<p><iframe title=\"YouTube video player\" src=\"https:\/\/www.youtube.com\/embed\/RPh7ZI-9Td0\" width=\"560\" height=\"315\" frameborder=\"0\" allowfullscreen=\"allowfullscreen\"><\/iframe><\/p>\n<figure style=\"width: 1024px\" class=\"wp-caption aligncenter\"><img decoding=\"async\" src=\"https:\/\/www.aarquiteta.com.br\/blog\/wp-content\/uploads\/2025\/01\/marmore-carrara-1-730x484.jpg\" alt=\"Com a mesma cor e desenho encontrados no modelo Carrara, este possui tonalidade branca mais clara, aumentando seu valor.\" title=\"\"><figcaption class=\"wp-caption-text\">Com a mesma cor e desenho encontrados no modelo Carrara, este possui tonalidade branca mais clara, aumentando seu valor.<\/figcaption><\/figure>\n","protected":false},"excerpt":{"rendered":"<p>Descubra 50 ideias inspiradoras de ambientes decorados com m\u00e1rmore Carrara, uma pedra cl\u00e1ssica que traz sofistica\u00e7\u00e3o e eleg\u00e2ncia.<\/p>\n","protected":false},"author":102,"featured_media":141922,"comment_status":"closed","ping_status":"closed","sticky":false,"template":"","format":"standard","meta":{"footnotes":""},"categories":[1507,249],"tags":[],"class_list":["post-141929","post","type-post","status-publish","format-standard","has-post-thumbnail","category-arquitetura","category-engenharia-e-construcao-civil"],"_wp_attached_file":null,"_wp_attachment_metadata":null,"_wp_attachment_context":null,"_wp_attachment_is_custom_header":null,"geo_longitude":null,"geo_public":null,"geo_latitude":null,"_publicize_done_external":null,"_wpas_done_3897181":null,"publicize_twitter_user":null,"_wpas_done_3897175":null,"_wpas_skip_3897181":null,"_wpas_skip_3897175":null,"_wpas_skip_3924723":null,"_wpas_mess":null,"_wpas_done_3924723":null,"wps_subtitle":"","_links":{"self":[{"href":"https:\/\/www.aarquiteta.com.br\/blog\/wp-json\/wp\/v2\/posts\/141929","targetHints":{"allow":["GET"]}}],"collection":[{"href":"https:\/\/www.aarquiteta.com.br\/blog\/wp-json\/wp\/v2\/posts"}],"about":[{"href":"https:\/\/www.aarquiteta.com.br\/blog\/wp-json\/wp\/v2\/types\/post"}],"author":[{"embeddable":true,"href":"https:\/\/www.aarquiteta.com.br\/blog\/wp-json\/wp\/v2\/users\/102"}],"replies":[{"embeddable":true,"href":"https:\/\/www.aarquiteta.com.br\/blog\/wp-json\/wp\/v2\/comments?post=141929"}],"version-history":[{"count":0,"href":"https:\/\/www.aarquiteta.com.br\/blog\/wp-json\/wp\/v2\/posts\/141929\/revisions"}],"wp:featuredmedia":[{"embeddable":true,"href":"https:\/\/www.aarquiteta.com.br\/blog\/wp-json\/wp\/v2\/media\/141922"}],"wp:attachment":[{"href":"https:\/\/www.aarquiteta.com.br\/blog\/wp-json\/wp\/v2\/media?parent=141929"}],"wp:term":[{"taxonomy":"category","embeddable":true,"href":"https:\/\/www.aarquiteta.com.br\/blog\/wp-json\/wp\/v2\/categories?post=141929"},{"taxonomy":"post_tag","embeddable":true,"href":"https:\/\/www.aarquiteta.com.br\/blog\/wp-json\/wp\/v2\/tags?post=141929"}],"curies":[{"name":"wp","href":"https:\/\/api.w.org\/{rel}","templated":true}]}}