{"id":1419,"date":"2022-02-02T14:05:15","date_gmt":"2022-02-02T17:05:15","guid":{"rendered":"http:\/\/aarquiteta.com.br\/?p=1419"},"modified":"2022-07-27T16:07:38","modified_gmt":"2022-07-27T19:07:38","slug":"protensao-nao-aderente","status":"publish","type":"post","link":"https:\/\/www.aarquiteta.com.br\/blog\/protensao-nao-aderente\/","title":{"rendered":"Protens\u00e3o n\u00e3o aderente &#8211; Descubra o que \u00e9!"},"content":{"rendered":"<p><img decoding=\"async\" class=\"alignnone wp-image-42160 size-full\" title=\"protens\u00e3o n\u00e3o aderente\" src=\"https:\/\/www.aarquiteta.com.br\/blog\/wp-content\/uploads\/2013\/10\/protensao-nao-aderente.jpg\" alt=\"protens\u00e3o n\u00e3o aderente\" width=\"740\" height=\"400\" srcset=\"https:\/\/www.aarquiteta.com.br\/blog\/wp-content\/uploads\/2013\/10\/protensao-nao-aderente.jpg 740w, https:\/\/www.aarquiteta.com.br\/blog\/wp-content\/uploads\/2013\/10\/protensao-nao-aderente-696x376.jpg 696w, https:\/\/www.aarquiteta.com.br\/blog\/wp-content\/uploads\/2013\/10\/protensao-nao-aderente-150x81.jpg 150w\" sizes=\"(max-width: 740px) 100vw, 740px\" \/><\/p>\n<p style=\"text-align: justify;\">Neste post falaremos sobre Protens\u00e3o n\u00e3o aderente!<\/p>\n<p style=\"text-align: justify;\">Segundo um trabalho publicado em 1933 por um dos pioneiros na protens\u00e3o, Eugene Freyssinet, a t\u00e9cnica baseia-se na cria\u00e7\u00e3o de tens\u00f5es pr\u00e9vias de compress\u00e3o no concreto, para compensar os esfor\u00e7os de tra\u00e7\u00e3o que o material sofrer\u00e1 quando receber as sobrecargas.<\/p>\n<p style=\"text-align: justify;\">No caso de um edif\u00edcio, os cabos de protens\u00e3o ancorados nas extremidades das lajes s\u00e3o tracionados contra o concreto, comprimindo-o.<\/p>\n<p style=\"text-align: justify;\">Mas, al\u00e9m disso, os cabos s\u00e3o dispostos no interior da pe\u00e7a em ondula\u00e7\u00f5es previamente estudadas pelos calculistas, para gerar as for\u00e7as de compensa\u00e7\u00e3o, que atuam sempre em dire\u00e7\u00e3o ao centro das curvaturas, contra o sentido das flechas.<\/p>\n<p style=\"text-align: justify;\">Protens\u00e3o n\u00e3o aderente \u00e9 regida pelos mesmos princ\u00edpios da protens\u00e3o convencional aderente, isto \u00e9, aplica-se \u00e0s pe\u00e7as estruturais um sistema permanente de for\u00e7as por interm\u00e9dio de cabos esticados, que n\u00e3o retornam ao comprimento inicial devido a um sistema de ancoragens.<\/p>\n<p style=\"text-align: justify;\">Da superposi\u00e7\u00e3o das cargas comuns de utiliza\u00e7\u00e3o com as deste sistema, resultam um funcionamento mais adequado dos materiais estruturais.<\/p>\n<p style=\"text-align: justify;\">Continue lendo no slide show a seguir:<\/p>\n<p style=\"text-align: center;\"><iframe style=\"border: 1px solid #CCC; border-width: 1px 1px 0; margin-bottom: 5px;\" src=\"https:\/\/www.slideshare.net\/slideshow\/embed_code\/26494852\" width=\"479\" height=\"511\" frameborder=\"0\" marginwidth=\"0\" marginheight=\"0\" scrolling=\"no\" allowfullscreen=\"allowfullscreen\"><\/iframe><\/p>\n<div style=\"margin-bottom: 5px; text-align: center;\"><strong> Protens\u00e3o n\u00e3o aderente <\/strong> from <strong>Luciana Paix\u00e3o Arquitetura<\/strong><\/div>\n<div style=\"margin-bottom: 5px; text-align: center;\"><\/div>\n<div style=\"margin-bottom: 5px; text-align: center;\"><\/div>\n<div style=\"margin-bottom: 5px;\">\n<p style=\"text-align: justify;\">Aprenda comigo tudo o que aprendi no est\u00e1gio e fa\u00e7a a diferen\u00e7a na sua carreira!<\/p>\n<p style=\"text-align: justify;\">Coloquei tudo no meu\u00a0<a href=\"https:\/\/www.aarquiteta.com.br\" target=\"_blank\" rel=\"noopener\">E-BOOK<\/a>! Que voc\u00ea pode adquirir na minha loja por um precinho super camarada! Afinal de contas s\u00e3o conhecimentos de anos de experi\u00eancia, tudo compilado para voc\u00ea aprender em pouqu\u00edssimo tempo!<\/p>\n<p style=\"text-align: justify;\">Pelo menos em muito tempo do que levei para aprender!<\/p>\n<p style=\"text-align: justify;\">Ah se eu tivesse um e-book assim para mim na minha \u00e9poca de faculdade\u2026 teria facilitado tanta coisa!<\/p>\n<\/div>\n<h3>E a\u00ed, gostou do artigo sobre protens\u00e3o n\u00e3o aderente?<\/h3>\n<p>Ent\u00e3o deslize a tela para baixo e<a href=\"https:\/\/br.pinterest.com\/aarquitetapinterest\/_created\/\" target=\"_blank\" rel=\"noopener\"> confira mais dicas<\/a> como esta e n\u00e3o se esque\u00e7a de compartilhar com os amigos!<\/p>\n<p>Quer mais dicas sobre o mundo da Arquitetura e Decora\u00e7\u00e3o? Ent\u00e3o decore f\u00e1cil sem mist\u00e9rios, confira alguns dos nossos artigos em:<\/p>\n<ul>\n<li style=\"list-style-type: none;\">\n<ul>\n<li><a href=\"https:\/\/www.aarquiteta.com.br\/blog\/paisagismo\/\" target=\"_blank\" rel=\"noopener\">Casa e Jardim<\/a><\/li>\n<li><a href=\"https:\/\/www.aarquiteta.com.br\/blog\/arquitetura\/mundo-arquitetura\/\" target=\"_blank\" rel=\"noopener\">Mundo Arquitetura<\/a><\/li>\n<li><a href=\"https:\/\/www.aarquiteta.com.br\/decoracao\/\" target=\"_blank\" rel=\"noopener\">Decora\u00e7\u00e3o<br \/>\n<\/a><\/li>\n<\/ul>\n<\/li>\n<\/ul>\n<p>&nbsp;<\/p>\n","protected":false},"excerpt":{"rendered":"<p>Neste post falaremos sobre Protens\u00e3o n\u00e3o aderente! Segundo um trabalho publicado em 1933 por um dos pioneiros na protens\u00e3o, Eugene Freyssinet, a t\u00e9cnica baseia-se na cria\u00e7\u00e3o de tens\u00f5es pr\u00e9vias de compress\u00e3o no concreto, para compensar os esfor\u00e7os de tra\u00e7\u00e3o que o material sofrer\u00e1 quando receber as sobrecargas. No caso de um edif\u00edcio, os cabos de [&hellip;]<\/p>\n","protected":false},"author":102,"featured_media":42160,"comment_status":"open","ping_status":"open","sticky":false,"template":"","format":"standard","meta":{"footnotes":""},"categories":[249,20346],"tags":[12168,8485,297],"class_list":["post-1419","post","type-post","status-publish","format-standard","has-post-thumbnail","category-engenharia-e-construcao-civil","category-termos-de-arquitetura","tag-o-que-e-protensao","tag-protensao","tag-protensao-nao-aderente"],"_wp_attached_file":null,"_wp_attachment_metadata":null,"_wp_attachment_context":null,"_wp_attachment_is_custom_header":null,"geo_longitude":null,"geo_public":null,"geo_latitude":null,"_publicize_done_external":null,"_wpas_done_3897181":null,"publicize_twitter_user":null,"_wpas_done_3897175":null,"_wpas_skip_3897181":null,"_wpas_skip_3897175":null,"_wpas_skip_3924723":null,"_wpas_mess":null,"_wpas_done_3924723":null,"wps_subtitle":"Saiba para que serve uma protens\u00e3o n\u00e3o aderente e a sua import\u00e2ncia durante a execu\u00e7\u00e3o de uma obra","_links":{"self":[{"href":"https:\/\/www.aarquiteta.com.br\/blog\/wp-json\/wp\/v2\/posts\/1419","targetHints":{"allow":["GET"]}}],"collection":[{"href":"https:\/\/www.aarquiteta.com.br\/blog\/wp-json\/wp\/v2\/posts"}],"about":[{"href":"https:\/\/www.aarquiteta.com.br\/blog\/wp-json\/wp\/v2\/types\/post"}],"author":[{"embeddable":true,"href":"https:\/\/www.aarquiteta.com.br\/blog\/wp-json\/wp\/v2\/users\/102"}],"replies":[{"embeddable":true,"href":"https:\/\/www.aarquiteta.com.br\/blog\/wp-json\/wp\/v2\/comments?post=1419"}],"version-history":[{"count":0,"href":"https:\/\/www.aarquiteta.com.br\/blog\/wp-json\/wp\/v2\/posts\/1419\/revisions"}],"wp:featuredmedia":[{"embeddable":true,"href":"https:\/\/www.aarquiteta.com.br\/blog\/wp-json\/wp\/v2\/media\/42160"}],"wp:attachment":[{"href":"https:\/\/www.aarquiteta.com.br\/blog\/wp-json\/wp\/v2\/media?parent=1419"}],"wp:term":[{"taxonomy":"category","embeddable":true,"href":"https:\/\/www.aarquiteta.com.br\/blog\/wp-json\/wp\/v2\/categories?post=1419"},{"taxonomy":"post_tag","embeddable":true,"href":"https:\/\/www.aarquiteta.com.br\/blog\/wp-json\/wp\/v2\/tags?post=1419"}],"curies":[{"name":"wp","href":"https:\/\/api.w.org\/{rel}","templated":true}]}}