{"id":141876,"date":"2025-01-27T14:47:32","date_gmt":"2025-01-27T17:47:32","guid":{"rendered":"https:\/\/www.aarquiteta.com.br\/blog\/o-que-a-sua-casa-diz-sobre-voce\/"},"modified":"2025-01-27T14:47:32","modified_gmt":"2025-01-27T17:47:32","slug":"o-que-a-sua-casa-diz-sobre-voce","status":"publish","type":"post","link":"https:\/\/www.aarquiteta.com.br\/blog\/o-que-a-sua-casa-diz-sobre-voce\/","title":{"rendered":"O que a Sua Casa Revela sobre Voc\u00ea"},"content":{"rendered":"<p><body><\/p>\n<p>Voc\u00ea j\u00e1 parou pra pensar se a decora\u00e7\u00e3o da sua casa n\u00e3o \u00e9, na verdade, uma extens\u00e3o da sua personalidade? A cada objeto e parede, um fragmento seu \u00e9 revelado. Descubra como seu estilo de decora\u00e7\u00e3o reflete quem voc\u00ea realmente \u00e9, com insights que podem mudar sua vis\u00e3o sobre o seu lar!<\/p>\n<h2>Introdu\u00e7\u00e3o<\/h2>\n<p>Ao olhar ao redor da sua casa, n\u00e3o d\u00e1 pra ignorar o quanto cada detalhe pode contar uma hist\u00f3ria. A decora\u00e7\u00e3o \u00e9 mais do que colocar a pe\u00e7a certa; \u00e9 sobre como expressamos nossa identidade atrav\u00e9s de ambientes. Vamos explorar isso juntos?<\/p>\n<h2>1. Estilo Minimalista<\/h2>\n<h3>Caracter\u00edsticas do Estilo<\/h3>\n<figure style=\"width: 1024px\" class=\"wp-caption aligncenter\"><img decoding=\"async\" src=\"https:\/\/www.aarquiteta.com.br\/blog\/wp-content\/uploads\/2025\/01\/o-que-a-sua-casa-diz-sobre-voce01.jpg\" alt=\"O que a Sua Casa Revela sobre Voc\u00ea\" width=\"1024\" height=\"1024\" title=\"\"><figcaption class=\"wp-caption-text\">O que a Sua Casa Revela sobre Voc\u00ea<\/figcaption><\/figure>\n<p>Ah, o estilo minimalista! Sempre me faz pensar que <b>menos \u00e9 mais<\/b>, n\u00e9? Aqui, a ideia \u00e9 ter um espa\u00e7o clean, com poucos objetos, onde a organiza\u00e7\u00e3o reina. A paleta ofusca os olhos, com tons s\u00f3brios e formas simples.<\/p>\n<h3>O que diz sobre voc\u00ea<\/h3>\n<figure style=\"width: 1024px\" class=\"wp-caption aligncenter\"><img decoding=\"async\" src=\"https:\/\/www.aarquiteta.com.br\/blog\/wp-content\/uploads\/2025\/01\/Oqueasuacasadizsobrevoce6.jpeg-1200x800.webp\" alt=\"Estilo r\u00fastico\" title=\"\"><figcaption class=\"wp-caption-text\">Estilo r\u00fastico<\/figcaption><\/figure>\n<p>Se sua casa respira o minimalismo, voc\u00ea provavelmente \u00e9 uma <b>pessoa pr\u00e1tica e desapegada<\/b> dos bens materiais. N\u00e3o precisa de muito pra ser feliz, n\u00e3o \u00e9? Sua vida segue leve, quase como um souffle que n\u00e3o pode cair!<\/p>\n<h2>2. Estilo Cl\u00e1ssico<\/h2>\n<h3>Caracter\u00edsticas do Estilo<\/h3>\n<figure style=\"width: 1024px\" class=\"wp-caption aligncenter\"><img decoding=\"async\" src=\"https:\/\/www.aarquiteta.com.br\/blog\/wp-content\/uploads\/2025\/01\/Oqueasuacasadizsobrevoce2.jpeg-835x1200.webp\" alt=\"Decora\u00e7\u00e3o minimalista\" title=\"\"><figcaption class=\"wp-caption-text\">Decora\u00e7\u00e3o minimalista<\/figcaption><\/figure>\n<p>O cl\u00e1ssico nunca sai de moda, e \u00e9 nesse ambiente que os objetos <b>elegantes<\/b> reinam. Paredes neutras, predomin\u00e2ncia do branco e um toque de sofistica\u00e7\u00e3o, como um charuto bem fumado em uma tarde pregui\u00e7osa.<\/p>\n<h3>O que diz sobre voc\u00ea<\/h3>\n<figure style=\"width: 1024px\" class=\"wp-caption aligncenter\"><img decoding=\"async\" src=\"https:\/\/www.aarquiteta.com.br\/blog\/wp-content\/uploads\/2025\/01\/o-que-a-sua-casa-diz-sobre-voce02.jpg\" alt=\"O que a Sua Casa Revela sobre Voc\u00ea\" width=\"1024\" height=\"1024\" title=\"\"><figcaption class=\"wp-caption-text\">O que a Sua Casa Revela sobre Voc\u00ea<\/figcaption><\/figure>\n<p>Uma casa cl\u00e1ssica indica que voc\u00ea \u00e9 <b>conservador e determinado<\/b>, gosta de seguran\u00e7a e n\u00e3o costuma se arriscar muito. \u00c9 o tipo que planeja as coisas com calma, como um bom estrategista num tabuleiro de xadrez.<\/p>\n<h2>3. Estilo Boho<\/h2>\n<h3>Caracter\u00edsticas do Estilo<\/h3>\n<figure style=\"width: 1024px\" class=\"wp-caption aligncenter\"><img decoding=\"async\" src=\"https:\/\/www.aarquiteta.com.br\/blog\/wp-content\/uploads\/2025\/01\/Oqueasuacasadizsobrevoce3.jpeg-800x1200.webp\" alt=\"Decora\u00e7\u00e3o cl\u00e1ssica\" title=\"\"><figcaption class=\"wp-caption-text\">Decora\u00e7\u00e3o cl\u00e1ssica<\/figcaption><\/figure>\n<p>Ah, o Boho! Um deleite visual com<br \/> <b> estampas florais e \u00e9tnicas<\/b>, acess\u00f3rios oriundos de v\u00e1rias culturas. \u00c9 como ter a liberdade numa tela, trazendo alegria a cada c\u00f4modo.<\/p>\n<h3>O que diz sobre voc\u00ea<\/h3>\n<figure style=\"width: 1024px\" class=\"wp-caption aligncenter\"><img decoding=\"async\" src=\"https:\/\/www.aarquiteta.com.br\/blog\/wp-content\/uploads\/2025\/01\/o-que-a-sua-casa-diz-sobre-voce03.jpg\" alt=\"O que a Sua Casa Revela sobre Voc\u00ea\" width=\"1024\" height=\"1024\" title=\"\"><figcaption class=\"wp-caption-text\">O que a Sua Casa Revela sobre Voc\u00ea<\/figcaption><\/figure>\n<p>Se voc\u00ea decorou seu lar com esse estilo, \u00e9 prov\u00e1vel que curta a <b>natureza e a cultura<\/b> ao seu redor. Uma verdadeira alma livre, noite de m\u00fasica e boemia s\u00e3o seu habitat natural.<\/p>\n<h2>4. Estilo Shabby Chic<\/h2>\n<h3>Caracter\u00edsticas do Estilo<\/h3>\n<figure style=\"width: 1024px\" class=\"wp-caption aligncenter\"><img decoding=\"async\" src=\"https:\/\/www.aarquiteta.com.br\/blog\/wp-content\/uploads\/2025\/01\/Oqueasuacasadizsobrevoce4.jpeg-812x1200.webp\" alt=\"Estilo boho\" title=\"\"><figcaption class=\"wp-caption-text\">Estilo boho<\/figcaption><\/figure>\n<p>O shabby chic traz m\u00f3veis com aspecto desgastado, criatividade e um toque vintage. Imagine a delicadeza das flores e a <b>frescor dos tons pastel<\/b> com um ar de acolhimento.<\/p>\n<h3>O que diz sobre voc\u00ea<\/h3>\n<figure style=\"width: 1024px\" class=\"wp-caption aligncenter\"><img decoding=\"async\" src=\"https:\/\/www.aarquiteta.com.br\/blog\/wp-content\/uploads\/2025\/01\/o-que-a-sua-casa-diz-sobre-voce4.jpg\" alt=\"O que a Sua Casa Revela sobre Voc\u00ea\" width=\"1024\" height=\"1024\" title=\"\"><figcaption class=\"wp-caption-text\">O que a Sua Casa Revela sobre Voc\u00ea<\/figcaption><\/figure>\n<p>A sua escolha revela que voc\u00ea \u00e9 um verdadeiro <b>caseiro<\/b>, que aprecia momentos tranquilos. Como um ch\u00e1 numa tarde chuvosa, voc\u00ea se sente em casa ao cultivar pequenos prazeres.<\/p>\n<h2>5. Estilo R\u00fastico<\/h2>\n<h3>Caracter\u00edsticas do Estilo<\/h3>\n<figure style=\"width: 1024px\" class=\"wp-caption aligncenter\"><img decoding=\"async\" src=\"https:\/\/www.aarquiteta.com.br\/blog\/wp-content\/uploads\/2025\/01\/Oqueasuacasadizsobrevoce5-scaled-1.jpeg-1200x800.webp\" alt=\"Decora\u00e7\u00e3o shabby chic\" title=\"\"><figcaption class=\"wp-caption-text\">Decora\u00e7\u00e3o shabby chic<\/figcaption><\/figure>\n<p>O r\u00fastico \u00e9 puro charme! Com <b>elementos naturais<\/b>, como m\u00f3veis de madeira e toques de couro, faz qualquer um sentir que ali \u00e9 um ref\u00fagio acolhedor, longe do caos urbano.<\/p>\n<h3>O que diz sobre voc\u00ea<\/h3>\n<p><iframe title=\"YouTube video player\" src=\"https:\/\/www.youtube.com\/embed\/CcjXCYJkfBI\" width=\"560\" height=\"315\" frameborder=\"0\" allowfullscreen=\"allowfullscreen\"><\/iframe><\/p>\n<p>Se sua casa \u00e9 r\u00fastica, \u00e9 bem prov\u00e1vel que voc\u00ea <b>aprecie aventuras e a natureza<\/b>. Voc\u00ea se sente \u00e0 vontade em ambientes ao ar livre, como um explorador em busca de novos horizontes.<\/p>\n<h2>6. Estilo Vintage<\/h2>\n<h3>Caracter\u00edsticas do Estilo<\/h3>\n<p>O vintage \u00e9 como uma viagem no tempo, com <b>m\u00f3veis e objetos<\/b> que datam de d\u00e9cadas passadas. Cada pe\u00e7a conta uma hist\u00f3ria, como boas lembran\u00e7as de um \u00e1lbum de fotos.<\/p>\n<h3>O que diz sobre voc\u00ea<\/h3>\n<figure style=\"width: 1024px\" class=\"wp-caption aligncenter\"><img decoding=\"async\" src=\"https:\/\/www.aarquiteta.com.br\/blog\/wp-content\/uploads\/2025\/01\/Oqueasuacasadizsobrevoce7.jpeg-800x1200.webp\" alt=\"Decora\u00e7\u00e3o vintage\" title=\"\"><figcaption class=\"wp-caption-text\">Decora\u00e7\u00e3o vintage<\/figcaption><\/figure>\n<p>Se voc\u00ea \u00e9 f\u00e3 desse estilo, d\u00e1 pra perceber que \u00e9 algu\u00e9m que <b>valoriza a hist\u00f3ria e adora receber<\/b>. Sua casa sempre est\u00e1 pronta pra compartilhar mem\u00f3rias e momentos preciosos com amigos e fam\u00edlia.<\/p>\n<h2>Conclus\u00e3o<\/h2>\n<p>Refletir sobre a decora\u00e7\u00e3o da sua casa \u00e9 como analisar um espelho que devolve n\u00e3o s\u00f3 a imagem, mas tamb\u00e9m a alma do lar. A cada estilo, uma nova faceta sua aparece. Muitas vezes, ao observar a nossa decora\u00e7\u00e3o, encontramos respostas sobre n\u00f3s mesmos. Ent\u00e3o, que tal dar uma olhadinha ao redor e ver o que a sua casa realmente diz sobre voc\u00ea? Vamos nessa!<\/p>\n<p><\/body><\/p>\n","protected":false},"excerpt":{"rendered":"<p>Descubra como a decora\u00e7\u00e3o da sua casa reflete sua personalidade com 6 estilos de decora\u00e7\u00e3o distintos e significativos.<\/p>\n","protected":false},"author":102,"featured_media":141863,"comment_status":"closed","ping_status":"closed","sticky":false,"template":"","format":"standard","meta":{"footnotes":""},"categories":[1507,6,249],"tags":[],"class_list":["post-141876","post","type-post","status-publish","format-standard","has-post-thumbnail","category-arquitetura","category-carreira-de-arquitetura","category-engenharia-e-construcao-civil"],"_wp_attached_file":null,"_wp_attachment_metadata":null,"_wp_attachment_context":null,"_wp_attachment_is_custom_header":null,"geo_longitude":null,"geo_public":null,"geo_latitude":null,"_publicize_done_external":null,"_wpas_done_3897181":null,"publicize_twitter_user":null,"_wpas_done_3897175":null,"_wpas_skip_3897181":null,"_wpas_skip_3897175":null,"_wpas_skip_3924723":null,"_wpas_mess":null,"_wpas_done_3924723":null,"wps_subtitle":"","_links":{"self":[{"href":"https:\/\/www.aarquiteta.com.br\/blog\/wp-json\/wp\/v2\/posts\/141876","targetHints":{"allow":["GET"]}}],"collection":[{"href":"https:\/\/www.aarquiteta.com.br\/blog\/wp-json\/wp\/v2\/posts"}],"about":[{"href":"https:\/\/www.aarquiteta.com.br\/blog\/wp-json\/wp\/v2\/types\/post"}],"author":[{"embeddable":true,"href":"https:\/\/www.aarquiteta.com.br\/blog\/wp-json\/wp\/v2\/users\/102"}],"replies":[{"embeddable":true,"href":"https:\/\/www.aarquiteta.com.br\/blog\/wp-json\/wp\/v2\/comments?post=141876"}],"version-history":[{"count":0,"href":"https:\/\/www.aarquiteta.com.br\/blog\/wp-json\/wp\/v2\/posts\/141876\/revisions"}],"wp:featuredmedia":[{"embeddable":true,"href":"https:\/\/www.aarquiteta.com.br\/blog\/wp-json\/wp\/v2\/media\/141863"}],"wp:attachment":[{"href":"https:\/\/www.aarquiteta.com.br\/blog\/wp-json\/wp\/v2\/media?parent=141876"}],"wp:term":[{"taxonomy":"category","embeddable":true,"href":"https:\/\/www.aarquiteta.com.br\/blog\/wp-json\/wp\/v2\/categories?post=141876"},{"taxonomy":"post_tag","embeddable":true,"href":"https:\/\/www.aarquiteta.com.br\/blog\/wp-json\/wp\/v2\/tags?post=141876"}],"curies":[{"name":"wp","href":"https:\/\/api.w.org\/{rel}","templated":true}]}}