{"id":141841,"date":"2025-01-27T13:12:36","date_gmt":"2025-01-27T16:12:36","guid":{"rendered":"https:\/\/www.aarquiteta.com.br\/blog\/como-integrar-garagem-area-gourmet\/"},"modified":"2025-01-27T13:12:36","modified_gmt":"2025-01-27T16:12:36","slug":"como-integrar-garagem-area-gourmet","status":"publish","type":"post","link":"https:\/\/www.aarquiteta.com.br\/blog\/como-integrar-garagem-area-gourmet\/","title":{"rendered":"Como Integrar Garagem e \u00c1rea Gourmet: Dicas de Planejamento e Decora\u00e7\u00e3o"},"content":{"rendered":"<p><body><\/p>\n<p>Integrar a garagem e a \u00e1rea gourmet \u00e9 uma solu\u00e7\u00e3o inteligente para otimizar espa\u00e7os e criar um ambiente acolhedor. Com planejamento e decora\u00e7\u00e3o adequados, \u00e9 poss\u00edvel transformar esses locais em um espa\u00e7o perfeito para receber amigos e familiares.<\/p>\n<h2>Destaques principais<\/h2>\n<ul>\n<li><b>Planejamento Eficiente:<\/b> Avaliar o espa\u00e7o e definir um estilo de decora\u00e7\u00e3o s\u00e3o passos cruciais para uma integra\u00e7\u00e3o harmoniosa.<\/li>\n<li><b>Elementos de Conex\u00e3o:<\/b> O uso de portas de vidro e pisos harmoniosos pode criar uma transi\u00e7\u00e3o suave entre a garagem e a \u00e1rea gourmet.<\/li>\n<li><b>Mobili\u00e1rio Funcional:<\/b> Escolher m\u00f3veis vers\u00e1teis e integrar bancadas s\u00e3o essenciais para maximizar a funcionalidade do espa\u00e7o.<\/li>\n<\/ul>\n<h2>Dicas de Planejamento para Integra\u00e7\u00e3o<\/h2>\n<h3>1. Avalie o Espa\u00e7o Dispon\u00edvel<\/h3>\n<figure style=\"width: 1024px\" class=\"wp-caption aligncenter\"><img decoding=\"async\" src=\"https:\/\/www.aarquiteta.com.br\/blog\/wp-content\/uploads\/2025\/01\/como-integrar-garagem-area-gourmet04.jpg\" alt=\"Como Integrar Garagem e \u00c1rea Gourmet: Dicas de Planejamento e Decora\u00e7\u00e3o\" width=\"1024\" height=\"1024\" title=\"\"><figcaption class=\"wp-caption-text\">Como Integrar Garagem e \u00c1rea Gourmet: Dicas de Planejamento e Decora\u00e7\u00e3o<\/figcaption><\/figure>\n<p>Antes de qualquer coisa, \u00e9 fundamental <b>avaliar o espa\u00e7o dispon\u00edvel<\/b>. Medir as dimens\u00f5es da garagem e da \u00e1rea gourmet ajudar\u00e1 a entender como os ambientes podem ser integrados. Pense em como cada espa\u00e7o ser\u00e1 utilizado e quais s\u00e3o as suas necessidades. Isso garantir\u00e1 que a integra\u00e7\u00e3o seja pr\u00e1tica e funcional.<\/p>\n<h3>2. Defina o Estilo de Decora\u00e7\u00e3o<\/h3>\n<figure style=\"width: 1024px\" class=\"wp-caption aligncenter\"><img decoding=\"async\" src=\"https:\/\/www.aarquiteta.com.br\/blog\/wp-content\/uploads\/2025\/01\/como-integrar-garagem-area-gourmet03.jpg\" alt=\"Como Integrar Garagem e \u00c1rea Gourmet: Dicas de Planejamento e Decora\u00e7\u00e3o\" width=\"1024\" height=\"1024\" title=\"\"><figcaption class=\"wp-caption-text\">Como Integrar Garagem e \u00c1rea Gourmet: Dicas de Planejamento e Decora\u00e7\u00e3o<\/figcaption><\/figure>\n<p>O estilo de decora\u00e7\u00e3o deve ser <b>coeso e harmonioso<\/b>. Se a garagem tem um estilo mais r\u00fastico, por exemplo, a \u00e1rea gourmet pode seguir essa linha, utilizando elementos como madeira e metal. A escolha de cores e materiais deve refletir a personalidade dos moradores, criando um ambiente que seja ao mesmo tempo bonito e acolhedor.<\/p>\n<h2>Elementos de Conex\u00e3o entre os Ambientes<\/h2>\n<h3>1. Uso de Portas de Vidro<\/h3>\n<figure style=\"width: 1024px\" class=\"wp-caption aligncenter\"><img decoding=\"async\" src=\"https:\/\/www.aarquiteta.com.br\/blog\/wp-content\/uploads\/2025\/01\/como-integrar-garagem-area-gourmet02.jpg\" alt=\"Como Integrar Garagem e \u00c1rea Gourmet: Dicas de Planejamento e Decora\u00e7\u00e3o\" width=\"1024\" height=\"1024\" title=\"\"><figcaption class=\"wp-caption-text\">Como Integrar Garagem e \u00c1rea Gourmet: Dicas de Planejamento e Decora\u00e7\u00e3o<\/figcaption><\/figure>\n<p>As <b>portas de vidro<\/b> s\u00e3o uma excelente op\u00e7\u00e3o para conectar a garagem e a \u00e1rea gourmet. Elas permitem a entrada de luz natural, criando uma sensa\u00e7\u00e3o de amplitude e integra\u00e7\u00e3o. Al\u00e9m disso, s\u00e3o elegantes e modernas, contribuindo para a est\u00e9tica do espa\u00e7o.<\/p>\n<h3>2. Pisos e Revestimentos Harmoniosos<\/h3>\n<figure style=\"width: 1024px\" class=\"wp-caption aligncenter\"><img decoding=\"async\" src=\"https:\/\/www.aarquiteta.com.br\/blog\/wp-content\/uploads\/2025\/01\/como-integrar-garagem-area-gourmet01.jpg\" alt=\"Como Integrar Garagem e \u00c1rea Gourmet: Dicas de Planejamento e Decora\u00e7\u00e3o\" width=\"1024\" height=\"1024\" title=\"\"><figcaption class=\"wp-caption-text\">Como Integrar Garagem e \u00c1rea Gourmet: Dicas de Planejamento e Decora\u00e7\u00e3o<\/figcaption><\/figure>\n<p>Escolher <b>pisos e revestimentos<\/b> que dialoguem entre si \u00e9 essencial. Um piso cont\u00ednuo ou com cores semelhantes pode ajudar a criar uma fluidez visual entre os ambientes. Pense em materiais que sejam resistentes e f\u00e1ceis de limpar, especialmente na \u00e1rea gourmet, onde a sujeira pode ser mais frequente.<\/p>\n<h2>Mobili\u00e1rio Funcional e Est\u00e9tico<\/h2>\n<h3>1. Escolha de M\u00f3veis Vers\u00e1teis<\/h3>\n<p style=\"text-align: center;\">[amazon table=&#8221;82981&#8243;]\n<p>Optar por <b>m\u00f3veis vers\u00e1teis<\/b> \u00e9 uma estrat\u00e9gia inteligente. Mesas que podem ser expandidas, cadeiras empilh\u00e1veis e bancos que servem como armazenamento s\u00e3o \u00f3timas op\u00e7\u00f5es. Isso garante que o espa\u00e7o seja utilizado de forma eficiente, sem comprometer a est\u00e9tica.<\/p>\n<h3>2. Integra\u00e7\u00e3o de Bancadas e Mesas<\/h3>\n<h3>Assista agora a minha recomenda\u00e7\u00e3o de video abaixo sobre o tema que estamos tratando neste artigo: <\/h3>\n<p><div class=\"youtube-embed\" data-video_id=\"mP8gf5yJQFw\"><iframe title=\"\u00c1REA GOURMET PEQUENA  - COMO FAZER DE FORMA SIMPLES E F\u00c1CIL NA DECORA\u00c7\u00c3O DA SUA CASA\" width=\"696\" height=\"392\" src=\"https:\/\/www.youtube.com\/embed\/mP8gf5yJQFw?feature=oembed&#038;enablejsapi=1\" frameborder=\"0\" allow=\"accelerometer; autoplay; clipboard-write; encrypted-media; gyroscope; picture-in-picture; web-share\" referrerpolicy=\"strict-origin-when-cross-origin\" allowfullscreen><\/iframe><\/div>\n<\/p>\n<p>Integrar <b>bancadas e mesas<\/b> na \u00e1rea gourmet pode facilitar o fluxo de pessoas e atividades. Uma bancada que se estende da cozinha para a \u00e1rea gourmet pode servir como um espa\u00e7o para refei\u00e7\u00f5es r\u00e1pidas ou para socializar enquanto se cozinha. Essa integra\u00e7\u00e3o promove um ambiente mais interativo e acolhedor.<\/p>\n<h2>Ilumina\u00e7\u00e3o Adequada<\/h2>\n<h3>1. Luz Natural e Artificial<\/h3>\n<p>A ilumina\u00e7\u00e3o \u00e9 um dos aspectos mais importantes na integra\u00e7\u00e3o de ambientes. Aproveitar a <b>luz natural<\/b> \u00e9 essencial, mas tamb\u00e9m \u00e9 necess\u00e1rio planejar a ilumina\u00e7\u00e3o artificial. Lumin\u00e1rias pendentes sobre a mesa e spots direcionados podem criar um ambiente agrad\u00e1vel e funcional.<\/p>\n<h3>2. Cria\u00e7\u00e3o de Ambientes Aconchegantes<\/h3>\n<p>Para criar um ambiente <b>aconchegante<\/b>, \u00e9 importante pensar na temperatura da luz. Luzes quentes podem tornar o espa\u00e7o mais acolhedor, ideal para receber amigos e familiares. Al\u00e9m disso, o uso de dimmers pode ajudar a ajustar a intensidade da luz conforme a ocasi\u00e3o.<\/p>\n<h2>Decora\u00e7\u00e3o e Acess\u00f3rios<\/h2>\n<h3>1. Plantas e Elementos Naturais<\/h3>\n<p>Adicionar <b>plantas e elementos naturais<\/b> traz vida ao ambiente. Elas n\u00e3o apenas embelezam o espa\u00e7o, mas tamb\u00e9m melhoram a qualidade do ar. Escolha plantas que se adaptem bem ao ambiente interno e que exijam pouca manuten\u00e7\u00e3o.<\/p>\n<h3>2. Itens de Decora\u00e7\u00e3o Tem\u00e1tica<\/h3>\n<p>Incorporar <b>itens de decora\u00e7\u00e3o tem\u00e1tica<\/b> pode dar um toque pessoal ao espa\u00e7o. Quadros, objetos de arte e utens\u00edlios de cozinha decorativos podem refletir a personalidade dos moradores e tornar o ambiente mais acolhedor e convidativo.<\/p>\n<h2>Conclus\u00e3o<\/h2>\n<p>Integrar a garagem e a \u00e1rea gourmet \u00e9 uma maneira eficaz de otimizar espa\u00e7os e criar um ambiente funcional e acolhedor. Com as dicas de planejamento, escolha de m\u00f3veis e decora\u00e7\u00e3o, \u00e9 poss\u00edvel transformar esses ambientes em um local perfeito para receber amigos e familiares. Lembre-se de que cada detalhe conta e que a harmonia entre os espa\u00e7os \u00e9 fundamental para o sucesso da integra\u00e7\u00e3o.<\/p>\n<p><\/body><\/p>\n","protected":false},"excerpt":{"rendered":"<p>Descubra como integrar garagem e \u00e1rea gourmet de forma funcional e elegante. Confira dicas de planejamento, decora\u00e7\u00e3o e aproveitamento de espa\u00e7o para transformar esses ambientes em um espa\u00e7o \u00fanico e pr\u00e1tico.<\/p>\n","protected":false},"author":102,"featured_media":141838,"comment_status":"closed","ping_status":"closed","sticky":false,"template":"","format":"standard","meta":{"footnotes":""},"categories":[1484,971,18792,18794],"tags":[],"class_list":["post-141841","post","type-post","status-publish","format-standard","has-post-thumbnail","category-decoracao","category-design-de-interiores","category-decoracao-de-apartamento","category-projetos-de-decoracao-de-casas"],"_wp_attached_file":null,"_wp_attachment_metadata":null,"_wp_attachment_context":null,"_wp_attachment_is_custom_header":null,"geo_longitude":null,"geo_public":null,"geo_latitude":null,"_publicize_done_external":null,"_wpas_done_3897181":null,"publicize_twitter_user":null,"_wpas_done_3897175":null,"_wpas_skip_3897181":null,"_wpas_skip_3897175":null,"_wpas_skip_3924723":null,"_wpas_mess":null,"_wpas_done_3924723":null,"wps_subtitle":"","_links":{"self":[{"href":"https:\/\/www.aarquiteta.com.br\/blog\/wp-json\/wp\/v2\/posts\/141841","targetHints":{"allow":["GET"]}}],"collection":[{"href":"https:\/\/www.aarquiteta.com.br\/blog\/wp-json\/wp\/v2\/posts"}],"about":[{"href":"https:\/\/www.aarquiteta.com.br\/blog\/wp-json\/wp\/v2\/types\/post"}],"author":[{"embeddable":true,"href":"https:\/\/www.aarquiteta.com.br\/blog\/wp-json\/wp\/v2\/users\/102"}],"replies":[{"embeddable":true,"href":"https:\/\/www.aarquiteta.com.br\/blog\/wp-json\/wp\/v2\/comments?post=141841"}],"version-history":[{"count":0,"href":"https:\/\/www.aarquiteta.com.br\/blog\/wp-json\/wp\/v2\/posts\/141841\/revisions"}],"wp:featuredmedia":[{"embeddable":true,"href":"https:\/\/www.aarquiteta.com.br\/blog\/wp-json\/wp\/v2\/media\/141838"}],"wp:attachment":[{"href":"https:\/\/www.aarquiteta.com.br\/blog\/wp-json\/wp\/v2\/media?parent=141841"}],"wp:term":[{"taxonomy":"category","embeddable":true,"href":"https:\/\/www.aarquiteta.com.br\/blog\/wp-json\/wp\/v2\/categories?post=141841"},{"taxonomy":"post_tag","embeddable":true,"href":"https:\/\/www.aarquiteta.com.br\/blog\/wp-json\/wp\/v2\/tags?post=141841"}],"curies":[{"name":"wp","href":"https:\/\/api.w.org\/{rel}","templated":true}]}}