{"id":141784,"date":"2025-01-27T12:00:40","date_gmt":"2025-01-27T15:00:40","guid":{"rendered":"https:\/\/www.aarquiteta.com.br\/blog\/?p=141784"},"modified":"2025-01-29T19:38:09","modified_gmt":"2025-01-29T22:38:09","slug":"como-combinar-armarios-amadeirados-e-brancos-na-cozinha","status":"publish","type":"post","link":"https:\/\/www.aarquiteta.com.br\/blog\/como-combinar-armarios-amadeirados-e-brancos-na-cozinha\/","title":{"rendered":"Como Combinar Arm\u00e1rios Amadeirados e Brancos na Cozinha para Criar um Visual Moderno e Aconchegante"},"content":{"rendered":"<p>Misturar acabamento amadeirado e branco nos arm\u00e1rios de <a href=\"https:\/\/www.aarquiteta.com.br\/blog\/decoracao\/ambientes-na-decoracao\/decoracao-de-cozinha\/\">cozinha<\/a> tem se tornado cada vez mais popular, pois traz <strong>modernidade<\/strong> e <strong>aconchego<\/strong> ao ambiente. A cozinha \u00e9, para muitos, o cora\u00e7\u00e3o da casa: um lugar de encontro familiar, experi\u00eancias culin\u00e1rias e momentos de descontra\u00e7\u00e3o. Por isso, acertar na combina\u00e7\u00e3o de cores e materiais \u00e9 fundamental para criar um espa\u00e7o bonito e funcional.<\/p><p>Neste artigo, vamos explorar <strong>dicas e sugest\u00f5es<\/strong> baseadas em um projeto de cozinha que mescla <a href=\"https:\/\/www.aarquiteta.com.br\/blog\/?s=MADEIRA\">madeira<\/a> e branco de forma equilibrada. Confira como alcan\u00e7ar um resultado harm\u00f4nico, independentemente do tamanho do ambiente.<\/p><figure id=\"attachment_141787\" aria-describedby=\"caption-attachment-141787\" style=\"width: 944px\" class=\"wp-caption alignnone\"><img decoding=\"async\" class=\"size-full wp-image-141787\" src=\"https:\/\/www.aarquiteta.com.br\/blog\/wp-content\/uploads\/2025\/01\/Como-Combinar-Armarios-Amadeirados-e-Brancos-na-Cozinha-para-Criar-um-Visual-Moderno-e-Aconchegante.jpeg\" alt=\"Como Combinar Arm\u00e1rios Amadeirados e Brancos na Cozinha para Criar um Visual Moderno e Aconchegante\" width=\"944\" height=\"515\" title=\"\"><figcaption id=\"caption-attachment-141787\" class=\"wp-caption-text\">Como Combinar <a href=\"https:\/\/www.aarquiteta.com.br\/blog\/home-decor\/acessorios-para-decoracao\/armarios-e-aparadores\/\" class=\"ilj-generated-link\">Arm\u00e1rios<\/a> Amadeirados e Brancos na Cozinha para Criar um Visual Moderno e Aconchegante<\/figcaption><\/figure><h3>1. Por que misturar amadeirado e branco?<\/h3><ul><li><strong>Contraste e Modernidade<\/strong><br \/>A madeira adiciona <strong>calor<\/strong> e textura, enquanto o branco traz <strong>leveza<\/strong> e ilumina o espa\u00e7o. A uni\u00e3o dessas duas <a href=\"https:\/\/www.aarquiteta.com.br\/blog\/?s=CORES\">cores<\/a> cria um contraste din\u00e2mico, resultando em um visual contempor\u00e2neo.<\/li><li><strong>Sensa\u00e7\u00e3o de Amplitude<\/strong><br \/>Em cozinhas pequenas ou estreitas, o branco ajuda a \u201campliar\u201d o ambiente visualmente. J\u00e1 a madeira, se aplicada em pontos estrat\u00e9gicos, traz aconchego sem pesar o ambiente.<\/li><\/ul><h3>2. Escolhendo o \u201cBloco Principal\u201d de Cor<\/h3><p>Antes de come\u00e7ar a mistura, defina qual cor ser\u00e1 predominante:<\/p><ol><li><strong>Amadeirado como destaque<\/strong><ul><li>Indicado para quem gosta de um clima mais acolhedor e quer destacar os arm\u00e1rios inferiores ou a torre de fornos.<\/li><li>\u00c9 poss\u00edvel usar o branco em detalhes, como nichos e algumas portas a\u00e9reas, criando equil\u00edbrio.<\/li><\/ul><\/li><li><strong>Branco como base<\/strong><ul><li>Ideal se deseja que a cozinha pare\u00e7a mais clara e ampla.<\/li><li>A madeira pode aparecer em m\u00f3dulos espec\u00edficos (por exemplo, portas de um arm\u00e1rio a\u00e9reo ou uma bancada), dando um toque natural ao design.<\/li><\/ul><\/li><\/ol><figure id=\"attachment_141789\" aria-describedby=\"caption-attachment-141789\" style=\"width: 1408px\" class=\"wp-caption alignnone\"><img decoding=\"async\" class=\"size-full wp-image-141789\" src=\"https:\/\/www.aarquiteta.com.br\/blog\/wp-content\/uploads\/2025\/01\/Como-Combinar-Armarios-Amadeirados-e-Brancos-na-Cozinha-para-Criar-um-Visual-Moderno-e-Aconchegante-2.png\" alt=\"Como Combinar Arm\u00e1rios Amadeirados e Brancos na Cozinha para Criar um Visual Moderno e Aconchegante\" width=\"1408\" height=\"768\" title=\"\"><figcaption id=\"caption-attachment-141789\" class=\"wp-caption-text\">Como Combinar Arm\u00e1rios Amadeirados e Brancos na Cozinha para Criar um Visual Moderno e Aconchegante<\/figcaption><\/figure><h3>3. Distribuindo Gavetas e Portas<\/h3><ul><li><strong>Portas maiores em amadeirado, gavetas em branco<\/strong><br \/>Dessa forma, o peso visual da madeira fica nos m\u00f3dulos maiores, enquanto as gavetas menores em branco \u201cquebram\u201d a monotonia, adicionando contraste e modernidade.<\/li><li><strong>Mistura organizada<\/strong><br \/>Se quiser alternar cores (branco\/madeira) nos m\u00f3dulos, crie um padr\u00e3o. Por exemplo, duas portas brancas juntas na parte a\u00e9rea e duas portas amadeiradas embaixo, alinhadas verticalmente. Essa repeti\u00e7\u00e3o gera <strong>harmonia<\/strong> e evita bagun\u00e7a visual.<\/li><\/ul><h3>4. Composi\u00e7\u00e3o Geral: Balc\u00e3o, A\u00e9reos e Torre de Forno<\/h3><ul><li><strong>Balc\u00e3o da pia<\/strong>:<br \/>Se o tampo for preto ou escuro, as portas brancas embaixo criam contraste; se o tampo for claro, as portas em madeira podem destacar o balc\u00e3o.<\/li><li><strong>Arm\u00e1rios a\u00e9reos<\/strong>:<br \/>Usar o branco na parte superior \u00e9 uma excelente escolha para evitar a sensa\u00e7\u00e3o de \u201cfechamento\u201d do espa\u00e7o. J\u00e1 quem prefere o oposto pode colocar a madeira em cima e o branco embaixo, mas mantendo coer\u00eancia nos puxadores.<\/li><li><strong>Torre de eletros<\/strong>:<br \/>Geralmente, esse elemento tem impacto visual. Se voc\u00ea optar por deix\u00e1-lo todo amadeirado, pode inserir nichos abertos em branco ou pequenos detalhes nessa tonalidade, criando uma conex\u00e3o com os demais arm\u00e1rios.<\/li><\/ul><figure id=\"attachment_141790\" aria-describedby=\"caption-attachment-141790\" style=\"width: 1232px\" class=\"wp-caption alignnone\"><img decoding=\"async\" class=\"size-full wp-image-141790\" src=\"https:\/\/www.aarquiteta.com.br\/blog\/wp-content\/uploads\/2025\/01\/Como-Combinar-Armarios-Amadeirados-e-Brancos-na-Cozinha-para-Criar-um-Visual-Moderno-e-Aconchegante-3.png\" alt=\"Como Combinar Arm\u00e1rios Amadeirados e Brancos na Cozinha para Criar um Visual Moderno e Aconchegante\" width=\"1232\" height=\"928\" title=\"\"><figcaption id=\"caption-attachment-141790\" class=\"wp-caption-text\">Como Combinar Arm\u00e1rios Amadeirados e Brancos na Cozinha para Criar um Visual Moderno e Aconchegante<\/figcaption><\/figure><h3>5. Dicas de Layout para Cozinhas Estreitas<\/h3><ol><li><strong>Setorizar fun\u00e7\u00f5es<\/strong>:<br \/>Deixe o <strong>fog\u00e3o e a pia<\/strong> pr\u00f3ximos para um fluxo de trabalho pr\u00e1tico. Se poss\u00edvel, posicione a geladeira em local de f\u00e1cil acesso e com espa\u00e7o para abertura de portas.<\/li><li><strong>Cores claras nas paredes<\/strong>:<br \/>Assim, a madeira dos arm\u00e1rios n\u00e3o pesa visualmente. Revestimentos claros (branco, cinza claro ou bege) ampliam a sensa\u00e7\u00e3o de espa\u00e7o.<\/li><li><strong>Mesa compacta ou balc\u00e3o embutido<\/strong>:<br \/>Numa cozinha reduzida, uma mesa dobr\u00e1vel ou um balc\u00e3o retr\u00e1til pode ser a melhor solu\u00e7\u00e3o para refei\u00e7\u00f5es r\u00e1pidas sem ocupar muito espa\u00e7o.<\/li><\/ol><h3>6. Fechando com Harmonia: Puxadores e Ilumina\u00e7\u00e3o<\/h3><ul><li><strong>Puxadores padronizados<\/strong><br \/>Sejam embutidos ou lineares, use o mesmo modelo nas portas brancas e amadeiradas para unificar o projeto.<\/li><li><strong>Ilumina\u00e7\u00e3o inteligente<\/strong><br \/>Aplique luzes pontuais sob os arm\u00e1rios a\u00e9reos para destacar a bancada e auxiliar na hora de cozinhar. Uma ilumina\u00e7\u00e3o bem distribu\u00edda ressalta tanto o branco quanto a textura da madeira.<\/li><li><strong>Evite excesso de cores<\/strong><br \/>Com madeira e branco j\u00e1 em destaque, mantenha o restante do ambiente em tons neutros (<a href=\"https:\/\/www.aarquiteta.com.br\/blog\/?s=PAREDE\">parede<\/a>, piso, objetos). Dessa forma, o foco fica mesmo nos arm\u00e1rios e no design geral.<\/li><\/ul><h3>7. Conclus\u00e3o<\/h3><p>Misturar arm\u00e1rios <strong>amadeirados<\/strong> e <strong>brancos<\/strong> na cozinha \u00e9 tend\u00eancia e pode transformar completamente o ambiente, trazendo personalidade e sofistica\u00e7\u00e3o. O segredo \u00e9 manter <strong>coer\u00eancia<\/strong>, repetindo padr\u00f5es de cores nos m\u00f3dulos, e apostar em uma <strong>boa ilumina\u00e7\u00e3o<\/strong> para valorizar cada detalhe.<\/p><p>Quer ver essa ideia em pr\u00e1tica? <strong>Experimente um simulador online<\/strong>, teste diferentes combina\u00e7\u00f5es e n\u00e3o deixe de prestar aten\u00e7\u00e3o nos acabamentos. Assim, voc\u00ea garante uma cozinha que seja funcional, convidativa e 100% alinhada ao seu estilo.<\/p>","protected":false},"excerpt":{"rendered":"<p>Misturar acabamento amadeirado e branco nos arm\u00e1rios de cozinha tem se tornado cada vez mais popular, pois traz modernidade e aconchego ao ambiente. A cozinha \u00e9, para muitos, o cora\u00e7\u00e3o da casa: um lugar de encontro familiar, experi\u00eancias culin\u00e1rias e momentos de descontra\u00e7\u00e3o. Por isso, acertar na combina\u00e7\u00e3o de cores e materiais \u00e9 fundamental para [&hellip;]<\/p>\n","protected":false},"author":102,"featured_media":141788,"comment_status":"closed","ping_status":"closed","sticky":false,"template":"","format":"standard","meta":{"footnotes":""},"categories":[18754,1484,971,18776],"tags":[29231,13027,336,1028,29884],"class_list":["post-141784","post","type-post","status-publish","format-standard","has-post-thumbnail","category-decoracao-de-cozinha","category-decoracao","category-design-de-interiores","category-projetos-de-moveis-planejados","tag-armarios-de-cozinha","tag-cozinha-planejada","tag-decoracao","tag-design-de-interiores","tag-tendencias-de-cores"],"_wp_attached_file":null,"_wp_attachment_metadata":null,"_wp_attachment_context":null,"_wp_attachment_is_custom_header":null,"geo_longitude":null,"geo_public":null,"geo_latitude":null,"_publicize_done_external":null,"_wpas_done_3897181":null,"publicize_twitter_user":null,"_wpas_done_3897175":null,"_wpas_skip_3897181":null,"_wpas_skip_3897175":null,"_wpas_skip_3924723":null,"_wpas_mess":null,"_wpas_done_3924723":null,"wps_subtitle":"","_links":{"self":[{"href":"https:\/\/www.aarquiteta.com.br\/blog\/wp-json\/wp\/v2\/posts\/141784","targetHints":{"allow":["GET"]}}],"collection":[{"href":"https:\/\/www.aarquiteta.com.br\/blog\/wp-json\/wp\/v2\/posts"}],"about":[{"href":"https:\/\/www.aarquiteta.com.br\/blog\/wp-json\/wp\/v2\/types\/post"}],"author":[{"embeddable":true,"href":"https:\/\/www.aarquiteta.com.br\/blog\/wp-json\/wp\/v2\/users\/102"}],"replies":[{"embeddable":true,"href":"https:\/\/www.aarquiteta.com.br\/blog\/wp-json\/wp\/v2\/comments?post=141784"}],"version-history":[{"count":0,"href":"https:\/\/www.aarquiteta.com.br\/blog\/wp-json\/wp\/v2\/posts\/141784\/revisions"}],"wp:featuredmedia":[{"embeddable":true,"href":"https:\/\/www.aarquiteta.com.br\/blog\/wp-json\/wp\/v2\/media\/141788"}],"wp:attachment":[{"href":"https:\/\/www.aarquiteta.com.br\/blog\/wp-json\/wp\/v2\/media?parent=141784"}],"wp:term":[{"taxonomy":"category","embeddable":true,"href":"https:\/\/www.aarquiteta.com.br\/blog\/wp-json\/wp\/v2\/categories?post=141784"},{"taxonomy":"post_tag","embeddable":true,"href":"https:\/\/www.aarquiteta.com.br\/blog\/wp-json\/wp\/v2\/tags?post=141784"}],"curies":[{"name":"wp","href":"https:\/\/api.w.org\/{rel}","templated":true}]}}