{"id":141770,"date":"2025-01-26T21:09:28","date_gmt":"2025-01-27T00:09:28","guid":{"rendered":"https:\/\/www.aarquiteta.com.br\/blog\/manual-do-enem\/"},"modified":"2025-01-26T21:09:28","modified_gmt":"2025-01-27T00:09:28","slug":"manual-do-enem","status":"publish","type":"post","link":"https:\/\/www.aarquiteta.com.br\/blog\/manual-do-enem\/","title":{"rendered":"Descubra os Melhores Dicas para o ENEM e Garanta Sucesso."},"content":{"rendered":"<p>O Exame Nacional do Ensino M\u00e9dio (Enem) \u00e9 a porta de entrada para muitos estudantes que sonham em ingressar na faculdade. Neste artigo, vou compartilhar tudo o que voc\u00ea precisa saber para se preparar e garantir uma boa performance nessa prova t\u00e3o importante.<\/p>\n<h2>O que o Enem pode garantir ao candidato<\/h2>\n<p>O Enem n\u00e3o \u00e9 apenas uma prova; \u00e9 um verdadeiro passaporte para o futuro. Com o resultado, voc\u00ea pode se inscrever em universidades p\u00fablicas atrav\u00e9s do Sisu, ou at\u00e9 mesmo em institui\u00e7\u00f5es particulares com a ajuda do Prouni e do FIES. Quanto melhor a sua nota, <b>maiores s\u00e3o as suas chances<\/b> de conseguir a vaga no curso dos seus sonhos. Al\u00e9m disso, algumas faculdades aceitam a nota do Enem como substitui\u00e7\u00e3o ao vestibular tradicional, o que pode facilitar ainda mais o seu ingresso no ensino superior.<\/p>\n<h3>Oportunidades com a nota do Enem<\/h3>\n<p>Imagine que voc\u00ea fez a prova e est\u00e1 na lista de espera do Prouni. Se n\u00e3o quiser esperar, pode usar a nota do Enem para se inscrever em uma faculdade que aceita essa nota como crit\u00e9rio de sele\u00e7\u00e3o. Isso \u00e9 uma m\u00e3o na roda, n\u00e3o \u00e9 mesmo? Al\u00e9m disso, voc\u00ea pode conseguir descontos nas mensalidades, o que ajuda bastante a aliviar o bolso. Portanto, <b>n\u00e3o subestime a import\u00e2ncia do Enem<\/b> na sua trajet\u00f3ria acad\u00eamica.<\/p>\n<h2>Prepara\u00e7\u00e3o \u00e9 a chave do sucesso<\/h2>\n<p>Agora que voc\u00ea j\u00e1 sabe o que o Enem pode oferecer, \u00e9 hora de se preparar. E n\u00e3o estou falando de estudar at\u00e9 a exaust\u00e3o, mas sim de ter uma <b>rotina de estudos eficiente<\/b>. Ler livros, ouvir podcasts e usar aplicativos de organiza\u00e7\u00e3o s\u00e3o \u00f3timas maneiras de se manter atualizado e preparado. Se voc\u00ea est\u00e1 h\u00e1 algum tempo fora da sala de aula, n\u00e3o se preocupe! Existem muitos recursos dispon\u00edveis para te ajudar a se reintegrar ao conte\u00fado.<\/p>\n<h3>Como montar uma rotina de estudos<\/h3>\n<figure style=\"width: 1024px\" class=\"wp-caption aligncenter\"><img decoding=\"async\" src=\"https:\/\/www.aarquiteta.com.br\/blog\/wp-content\/uploads\/2025\/01\/post_thumbnail-5cb02e5fa0a8ec89a76065d16d0507ca.jpg\" alt=\"Descubra os Melhores Dicas para o ENEM e Garanta Sucesso.\" width=\"1024\" height=\"1024\" title=\"\"><figcaption class=\"wp-caption-text\">Fonte: <a href=\"https:\/\/blog.anhanguera.com\/manual-do-enem\/\" target=\"_blank\" rel=\"noopener\">Blog anhanguera<\/a><\/figcaption><\/figure>\n<p>Para montar uma rotina de estudos, comece definindo hor\u00e1rios fixos para estudar. Isso ajuda a criar um h\u00e1bito. Al\u00e9m disso, \u00e9 importante diversificar as mat\u00e9rias e incluir momentos de descanso. N\u00e3o esque\u00e7a de fazer simulados e revisar o conte\u00fado regularmente. <b>O segredo \u00e9 a const\u00e2ncia<\/b>. E lembre-se: estudar n\u00e3o precisa ser uma tarefa chata! Encontre formas de tornar o aprendizado mais divertido, como grupos de estudo ou jogos educativos.<\/p>\n<h2>Divis\u00e3o das provas do Enem<\/h2>\n<p>O Enem \u00e9 dividido em dois dias, e cada dia tem suas particularidades. No primeiro dia, voc\u00ea ter\u00e1 que enfrentar a reda\u00e7\u00e3o e as provas de Linguagens e Ci\u00eancias Humanas. J\u00e1 no segundo dia, o foco ser\u00e1 em Matem\u00e1tica e Ci\u00eancias da Natureza. <b>Essa divis\u00e3o \u00e9 estrat\u00e9gica<\/b>, pois permite que voc\u00ea tenha um tempo maior para se concentrar em cada parte da prova.<\/p>\n<h3>O que esperar do primeiro dia<\/h3>\n<p>No primeiro domingo, voc\u00ea ter\u00e1 5 horas e meia para realizar a prova. A reda\u00e7\u00e3o \u00e9 um dos pontos mais importantes, pois \u00e9 onde voc\u00ea pode mostrar sua capacidade de argumenta\u00e7\u00e3o e escrita. O tema geralmente aborda quest\u00f5es sociais, e a proposta de interven\u00e7\u00e3o \u00e9 um diferencial que pode garantir uma boa nota. <b>Portanto, treine sua escrita!<\/b> Al\u00e9m disso, as provas de Linguagens e Ci\u00eancias Humanas exigem muita leitura e interpreta\u00e7\u00e3o de textos, ent\u00e3o, prepare-se para isso.<\/p>\n<h3>O que esperar do segundo dia<\/h3>\n<p>J\u00e1 no segundo dia, a prova \u00e9 um pouco mais curta, com 4 horas e meia de dura\u00e7\u00e3o. Aqui, o foco \u00e9 em Matem\u00e1tica e Ci\u00eancias da Natureza. As quest\u00f5es de Matem\u00e1tica abrangem todo o conte\u00fado do ensino m\u00e9dio, ent\u00e3o, \u00e9 fundamental revisar bem. E n\u00e3o se esque\u00e7a das Ci\u00eancias da Natureza, que tamb\u00e9m s\u00e3o cobradas de forma intensa. <b>Prepare-se para uma verdadeira maratona!<\/b><\/p>\n<h2>O Enem digital e suas vantagens<\/h2>\n<p>Uma novidade que vem ganhando espa\u00e7o \u00e9 o Enem digital. Essa vers\u00e3o promete facilitar a vida dos candidatos, permitindo que a prova seja realizada em um formato mais moderno e din\u00e2mico. Al\u00e9m disso, a aplica\u00e7\u00e3o do Enem digital pode ser adaptada ao novo ensino m\u00e9dio, o que \u00e9 uma grande vantagem. <b>Com isso, a expectativa \u00e9 que os resultados sejam divulgados mais rapidamente<\/b> e que os candidatos tenham a oportunidade de realizar a prova mais de uma vez ao ano.<\/p>\n<h3>Como se preparar para o Enem digital<\/h3>\n<p>Se voc\u00ea vai fazer o Enem digital, \u00e9 importante se familiarizar com a plataforma. Pratique com simulados online e busque entender como funcionam as quest\u00f5es. A diferen\u00e7a entre o Enem digital e o impresso vai al\u00e9m do formato; a experi\u00eancia do candidato pode ser muito mais interativa e menos estressante. <b>Portanto, aproveite essa oportunidade!<\/b><\/p>\n<h2>Chegando ao local da prova<\/h2>\n<p>Chegar cedo no dia da prova \u00e9 fundamental. Os port\u00f5es abrem e fecham em hor\u00e1rios rigorosos, e muitos candidatos acabam perdendo a chance de fazer a prova por chegarem atrasados. <b>Planeje seu trajeto com anteced\u00eancia<\/b> e considere imprevistos que possam ocorrer. Al\u00e9m disso, verifique o que voc\u00ea precisa levar no dia da prova para n\u00e3o ter surpresas desagrad\u00e1veis.<\/p>\n<h3>O que levar no dia da prova<\/h3>\n<p><iframe width=\"560\" height=\"315\" src=\"https:\/\/www.youtube.com\/embed\/UljGk1345_4\" title=\"YouTube video player\" frameborder=\"0\" allow=\"accelerometer; autoplay; clipboard-write; encrypted-media; gyroscope; picture-in-picture; web-share\" referrerpolicy=\"strict-origin-when-cross-origin\" allowfullscreen><\/iframe><\/p>\n<p>Leve apenas o necess\u00e1rio: documento de identidade, canetas, e um lanche para te dar energia durante a prova. O comprovante de inscri\u00e7\u00e3o n\u00e3o \u00e9 obrigat\u00f3rio, mas pode ser \u00fatil. E lembre-se, mesmo no Enem digital, a reda\u00e7\u00e3o ainda \u00e9 feita no papel, ent\u00e3o, n\u00e3o esque\u00e7a das canetas! <b>Estar preparado \u00e9 meio caminho andado!<\/b><\/p>\n<h2>Conclus\u00e3o<\/h2>\n<p>O Enem \u00e9 uma etapa crucial na vida de muitos estudantes, e a prepara\u00e7\u00e3o adequada pode fazer toda a diferen\u00e7a. Com as informa\u00e7\u00f5es certas e uma rotina de estudos bem estruturada, voc\u00ea pode se sentir confiante e pronto para enfrentar esse desafio. N\u00e3o deixe de acessar o <a href=\"https:\/\/www.anhanguera.com\/institucional\/enem\/?utm_source=blog&#038;utm_medium=footer&#038;utm_campaign=menu\" target=\"_blank\" rel=\"noopener\">Manual do Enem<\/a> para mais dicas e orienta\u00e7\u00f5es. Boa sorte!<\/p>\n","protected":false},"excerpt":{"rendered":"<p>O Exame Nacional do Ensino M\u00e9dio (Enem) \u00e9 a porta de entrada para muitos estudantes que sonham em ingressar na faculdade. Neste artigo, vou compartilhar tudo o que voc\u00ea precisa saber para se preparar e garantir uma boa performance nessa prova t\u00e3o importante. O que o Enem pode garantir ao candidato O Enem n\u00e3o \u00e9 [&hellip;]<\/p>\n","protected":false},"author":20,"featured_media":141769,"comment_status":"closed","ping_status":"closed","sticky":false,"template":"","format":"standard","meta":{"footnotes":""},"categories":[6,35497],"tags":[],"class_list":["post-141770","post","type-post","status-publish","format-standard","has-post-thumbnail","category-carreira-de-arquitetura","category-estudante"],"_wp_attached_file":null,"_wp_attachment_metadata":null,"_wp_attachment_context":null,"_wp_attachment_is_custom_header":null,"geo_longitude":null,"geo_public":null,"geo_latitude":null,"_publicize_done_external":null,"_wpas_done_3897181":null,"publicize_twitter_user":null,"_wpas_done_3897175":null,"_wpas_skip_3897181":null,"_wpas_skip_3897175":null,"_wpas_skip_3924723":null,"_wpas_mess":null,"_wpas_done_3924723":null,"wps_subtitle":"","_links":{"self":[{"href":"https:\/\/www.aarquiteta.com.br\/blog\/wp-json\/wp\/v2\/posts\/141770","targetHints":{"allow":["GET"]}}],"collection":[{"href":"https:\/\/www.aarquiteta.com.br\/blog\/wp-json\/wp\/v2\/posts"}],"about":[{"href":"https:\/\/www.aarquiteta.com.br\/blog\/wp-json\/wp\/v2\/types\/post"}],"author":[{"embeddable":true,"href":"https:\/\/www.aarquiteta.com.br\/blog\/wp-json\/wp\/v2\/users\/20"}],"replies":[{"embeddable":true,"href":"https:\/\/www.aarquiteta.com.br\/blog\/wp-json\/wp\/v2\/comments?post=141770"}],"version-history":[{"count":0,"href":"https:\/\/www.aarquiteta.com.br\/blog\/wp-json\/wp\/v2\/posts\/141770\/revisions"}],"wp:featuredmedia":[{"embeddable":true,"href":"https:\/\/www.aarquiteta.com.br\/blog\/wp-json\/wp\/v2\/media\/141769"}],"wp:attachment":[{"href":"https:\/\/www.aarquiteta.com.br\/blog\/wp-json\/wp\/v2\/media?parent=141770"}],"wp:term":[{"taxonomy":"category","embeddable":true,"href":"https:\/\/www.aarquiteta.com.br\/blog\/wp-json\/wp\/v2\/categories?post=141770"},{"taxonomy":"post_tag","embeddable":true,"href":"https:\/\/www.aarquiteta.com.br\/blog\/wp-json\/wp\/v2\/tags?post=141770"}],"curies":[{"name":"wp","href":"https:\/\/api.w.org\/{rel}","templated":true}]}}