{"id":141676,"date":"2025-01-25T17:30:40","date_gmt":"2025-01-25T20:30:40","guid":{"rendered":"https:\/\/www.aarquiteta.com.br\/blog\/adeus-telhas-quebradas-metodo-tiro-e-queda\/"},"modified":"2025-01-25T17:30:40","modified_gmt":"2025-01-25T20:30:40","slug":"adeus-telhas-quebradas-metodo-tiro-e-queda","status":"publish","type":"post","link":"https:\/\/www.aarquiteta.com.br\/blog\/adeus-telhas-quebradas-metodo-tiro-e-queda\/","title":{"rendered":"5 solu\u00e7\u00f5es pr\u00e1ticas para consertar telhas quebradas facilmente."},"content":{"rendered":"<p>Telhas quebradas podem ser um verdadeiro pesadelo para qualquer propriet\u00e1rio. No entanto, com o m\u00e9todo \u2018tiro e queda\u2019 ensinado por um pedreiro experiente, consertar o telhado se torna uma tarefa simples e acess\u00edvel. Neste artigo, descubra como resolver esse problema de forma pr\u00e1tica e eficaz.<\/p>\n<h2>O problema das telhas quebradas<\/h2>\n<h3>Entendendo a situa\u00e7\u00e3o<\/h3>\n<p>Quando se fala em telhas quebradas, muitos podem sentir um frio na barriga. Afinal, esse \u00e9 um problema que pode causar infiltra\u00e7\u00f5es e danos maiores \u00e0 estrutura da casa. <b>Identificar a causa<\/b> das telhas danificadas \u00e9 o primeiro passo para evitar complica\u00e7\u00f5es futuras. Ventos fortes, granizo ou at\u00e9 mesmo a falta de manuten\u00e7\u00e3o podem ser os vil\u00f5es dessa hist\u00f3ria. Portanto, \u00e9 essencial estar atento e agir rapidamente.<\/p>\n<h3>O m\u00e9todo \u2018tiro e queda\u2019<\/h3>\n<figure style=\"width: 1024px\" class=\"wp-caption aligncenter\"><img decoding=\"async\" src=\"https:\/\/www.aarquiteta.com.br\/blog\/wp-content\/uploads\/2025\/01\/como-consertar-telhas-quebradas.jpg\" alt=\"5 solu\u00e7\u00f5es pr\u00e1ticas para consertar telhas quebradas facilmente.\" width=\"1024\" height=\"1024\" title=\"\"><figcaption class=\"wp-caption-text\">Source: <a href=\"https:\/\/ndmais.com.br\/arquitetura-e-decoracao\/adeus-telhas-quebradas-o-metodo-tiro-e-queda-para-consertar-o-problema-dica-de-ouro\/\" target=\"_blank\" rel=\"noopener\">NDMAIS<\/a><\/figcaption><\/figure>\n<p>O pedreiro do canal Oliveira Construtor apresenta um m\u00e9todo que promete ser a solu\u00e7\u00e3o para esse problema. O primeiro passo \u00e9 <b>cortar um peda\u00e7o novo de telha<\/b>, que se encaixe perfeitamente no local danificado. Essa etapa \u00e9 crucial, pois um bom ajuste garante a efic\u00e1cia do reparo. Em seguida, o uso do produto SOS Telhas \u00e9 fundamental. Com uma esp\u00e1tula ou uma desempanadeira, o profissional aplica o produto na \u00e1rea afetada, garantindo um nivelamento adequado.<\/p>\n<h3>Quando usar fita de TNT ou telada<\/h3>\n<p>Se a fissura ou trinca for maior que cinco mil\u00edmetros, a situa\u00e7\u00e3o exige um cuidado extra. O pedreiro recomenda o uso de <b>fita de TNT ou fita telada de fibra de vidro<\/b>. Essa fita deve ser colocada com a bandagem voltada para a trinca, proporcionando uma base s\u00f3lida para o reparo. Ap\u00f3s a aplica\u00e7\u00e3o, \u00e9 s\u00f3 preencher a superf\u00edcie at\u00e9 alcan\u00e7ar o nivelamento desejado. Essa t\u00e9cnica \u00e9 um verdadeiro trunfo para quem deseja evitar problemas maiores no futuro.<\/p>\n<h2>Benef\u00edcios de um telhado bem cuidado<\/h2>\n<h3>Economia e seguran\u00e7a<\/h3>\n<h3>Assista agora a minha recomenda\u00e7\u00e3o de video abaixo sobre o tema que estamos tratando neste artigo: <\/h3>\n<p><iframe title=\"YouTube video player\" src=\"https:\/\/www.youtube.com\/embed\/usSvBEQG7SQ?feature=oembed&#038;enablejsapi=1&#038;origin=https:\/\/ndmais.com.br\" width=\"560\" height=\"315\" frameborder=\"0\" allowfullscreen=\"allowfullscreen\"><\/iframe><\/p>\n<p>Um telhado em boas condi\u00e7\u00f5es n\u00e3o s\u00f3 evita infiltra\u00e7\u00f5es, mas tamb\u00e9m pode resultar em <b>economia significativa<\/b> nas contas de energia. Telhados danificados podem levar a um aumento na temperatura interna da casa, for\u00e7ando o uso excessivo de ar-condicionado. Portanto, manter as telhas em bom estado \u00e9 um investimento que traz retorno a longo prazo.<\/p>\n<h3>Valoriza\u00e7\u00e3o do im\u00f3vel<\/h3>\n<p>Al\u00e9m da economia, um telhado bem cuidado \u00e9 um dos fatores que mais valorizam um im\u00f3vel. Quando se pensa em vender ou alugar, a apar\u00eancia e a condi\u00e7\u00e3o do telhado s\u00e3o observadas de perto pelos potenciais compradores. Um telhado em bom estado pode ser o diferencial que faz a diferen\u00e7a na hora da negocia\u00e7\u00e3o. <b>Investir na manuten\u00e7\u00e3o<\/b> \u00e9, portanto, uma estrat\u00e9gia inteligente para quem deseja valorizar seu patrim\u00f4nio.<\/p>\n<h3>Facilidade de manuten\u00e7\u00e3o<\/h3>\n<p>Realizar reparos simples, como os ensinados pelo pedreiro, pode evitar que problemas maiores surjam no futuro. A manuten\u00e7\u00e3o preventiva \u00e9 sempre mais econ\u00f4mica do que a corretiva. Ao adotar uma rotina de inspe\u00e7\u00e3o e pequenos reparos, o propriet\u00e1rio pode garantir que seu telhado permane\u00e7a em \u00f3timas condi\u00e7\u00f5es por muito mais tempo. <b>Prevenir \u00e9 sempre melhor do que remediar<\/b>.<\/p>\n<h2>Conclus\u00e3o<\/h2>\n<p>Consertar telhas quebradas pode parecer uma tarefa assustadora, mas com o m\u00e9todo \u2018tiro e queda\u2019, essa atividade se torna acess\u00edvel a qualquer um. Ao seguir as orienta\u00e7\u00f5es do pedreiro, \u00e9 poss\u00edvel garantir um telhado seguro e bem cuidado, evitando problemas futuros e valorizando o im\u00f3vel. Portanto, n\u00e3o deixe para depois: cuide do seu telhado e mantenha sua casa protegida!<\/p>\n<p>Pontos principais do artigo:<\/p>\n<ul>\n<li>Telhas quebradas podem causar infiltra\u00e7\u00f5es e danos maiores.<\/li>\n<li>O m\u00e9todo \u2018tiro e queda\u2019 \u00e9 uma solu\u00e7\u00e3o pr\u00e1tica e eficaz.<\/li>\n<li>Fitas de TNT ou teladas s\u00e3o recomendadas para fissuras maiores.<\/li>\n<li>Um telhado bem cuidado resulta em economia e seguran\u00e7a.<\/li>\n<li>Manuten\u00e7\u00e3o preventiva \u00e9 mais econ\u00f4mica do que a corretiva.<\/li>\n<li>Investir na manuten\u00e7\u00e3o do telhado valoriza o im\u00f3vel.<\/li>\n<\/ul>\n","protected":false},"excerpt":{"rendered":"<p>Telhas quebradas podem ser um verdadeiro pesadelo para qualquer propriet\u00e1rio. No entanto, com o m\u00e9todo \u2018tiro e queda\u2019 ensinado por um pedreiro experiente, consertar o telhado se torna uma tarefa simples e acess\u00edvel. Neste artigo, descubra como resolver esse problema de forma pr\u00e1tica e eficaz. O problema das telhas quebradas Entendendo a situa\u00e7\u00e3o Quando se [&hellip;]<\/p>\n","protected":false},"author":102,"featured_media":141675,"comment_status":"closed","ping_status":"closed","sticky":false,"template":"","format":"standard","meta":{"footnotes":""},"categories":[249,19127],"tags":[],"class_list":["post-141676","post","type-post","status-publish","format-standard","has-post-thumbnail","category-engenharia-e-construcao-civil","category-reforma-e-manutencao"],"_wp_attached_file":null,"_wp_attachment_metadata":null,"_wp_attachment_context":null,"_wp_attachment_is_custom_header":null,"geo_longitude":null,"geo_public":null,"geo_latitude":null,"_publicize_done_external":null,"_wpas_done_3897181":null,"publicize_twitter_user":null,"_wpas_done_3897175":null,"_wpas_skip_3897181":null,"_wpas_skip_3897175":null,"_wpas_skip_3924723":null,"_wpas_mess":null,"_wpas_done_3924723":null,"wps_subtitle":"","_links":{"self":[{"href":"https:\/\/www.aarquiteta.com.br\/blog\/wp-json\/wp\/v2\/posts\/141676","targetHints":{"allow":["GET"]}}],"collection":[{"href":"https:\/\/www.aarquiteta.com.br\/blog\/wp-json\/wp\/v2\/posts"}],"about":[{"href":"https:\/\/www.aarquiteta.com.br\/blog\/wp-json\/wp\/v2\/types\/post"}],"author":[{"embeddable":true,"href":"https:\/\/www.aarquiteta.com.br\/blog\/wp-json\/wp\/v2\/users\/102"}],"replies":[{"embeddable":true,"href":"https:\/\/www.aarquiteta.com.br\/blog\/wp-json\/wp\/v2\/comments?post=141676"}],"version-history":[{"count":0,"href":"https:\/\/www.aarquiteta.com.br\/blog\/wp-json\/wp\/v2\/posts\/141676\/revisions"}],"wp:featuredmedia":[{"embeddable":true,"href":"https:\/\/www.aarquiteta.com.br\/blog\/wp-json\/wp\/v2\/media\/141675"}],"wp:attachment":[{"href":"https:\/\/www.aarquiteta.com.br\/blog\/wp-json\/wp\/v2\/media?parent=141676"}],"wp:term":[{"taxonomy":"category","embeddable":true,"href":"https:\/\/www.aarquiteta.com.br\/blog\/wp-json\/wp\/v2\/categories?post=141676"},{"taxonomy":"post_tag","embeddable":true,"href":"https:\/\/www.aarquiteta.com.br\/blog\/wp-json\/wp\/v2\/tags?post=141676"}],"curies":[{"name":"wp","href":"https:\/\/api.w.org\/{rel}","templated":true}]}}