{"id":141651,"date":"2025-01-25T15:16:33","date_gmt":"2025-01-25T18:16:33","guid":{"rendered":"https:\/\/www.aarquiteta.com.br\/blog\/rack-de-madeira\/"},"modified":"2025-01-25T15:16:33","modified_gmt":"2025-01-25T18:16:33","slug":"rack-de-madeira","status":"publish","type":"post","link":"https:\/\/www.aarquiteta.com.br\/blog\/rack-de-madeira\/","title":{"rendered":"10 Inspira\u00e7\u00f5es de Racks de Madeira para Decorar sua Sala"},"content":{"rendered":"<p>Os racks de madeira s\u00e3o vers\u00e1teis e podem trazer conforto e eleg\u00e2ncia a qualquer ambiente, combinando com diferentes estilos de decora\u00e7\u00e3o. Descubra inspira\u00e7\u00f5es para escolher o rack ideal para sua sala!<\/p>\n<h2>Introdu\u00e7\u00e3o<\/h2>\n<p>Neste artigo, vamos explorar a versatilidade dos racks de madeira e como eles podem transformar seu espa\u00e7o, proporcionando um ambiente acolhedor e estiloso. Vamos compartilhar dicas, inspira\u00e7\u00f5es e caracter\u00edsticas a considerar na hora da escolha.<\/p>\n<h2>1. Estilos de Rack de Madeira<\/h2>\n<p>Os racks de madeira est\u00e3o dispon\u00edveis em diversos estilos, desde o r\u00fastico at\u00e9 o moderno. Veja como cada estilo pode influenciar a decora\u00e7\u00e3o da sua sala.<\/p>\n<h3>1.1 Rack R\u00fastico<\/h3>\n<figure style=\"width: 1024px\" class=\"wp-caption aligncenter\"><img decoding=\"async\" src=\"https:\/\/www.aarquiteta.com.br\/blog\/wp-content\/uploads\/2025\/01\/rack-de-madeira-73-1-730x577.jpg\" alt=\"Minha Casa R\u00fastica\" title=\"\"><figcaption class=\"wp-caption-text\">Minha Casa R\u00fastica<\/figcaption><\/figure>\n<p>O <b>rack r\u00fastico<\/b> \u00e9 perfeito para quem aprecia um estilo mais nu e natural. Geralmente feito com madeira de demoli\u00e7\u00e3o ou madeira maci\u00e7a, ele traz um charme especial ao ambiente. O <b>acabamento<\/b> \u00e9 muitas vezes mais bruto, mantendo a textura e as imperfei\u00e7\u00f5es da madeira, o que adiciona um toque de autenticidade aos espa\u00e7os.<\/p>\n<h3>1.2 Rack Moderno<\/h3>\n<figure style=\"width: 1024px\" class=\"wp-caption aligncenter\"><img decoding=\"async\" src=\"https:\/\/www.aarquiteta.com.br\/blog\/wp-content\/uploads\/2025\/01\/rack-de-madeira01.jpg\" alt=\"75 Inspira\u00e7\u00f5es de Racks de Madeira para Decorar sua Sala\" width=\"1024\" height=\"1024\" title=\"\"><figcaption class=\"wp-caption-text\">75 Inspira\u00e7\u00f5es de Racks de Madeira para Decorar sua Sala<\/figcaption><\/figure>\n<p>Para quem prefere uma <b>est\u00e9tica contempor\u00e2nea<\/b>, os racks modernos s\u00e3o a escolha ideal. Com linhas retas, acabamentos lisos e algumas vezes um toque de metal ou vidro, eles se integram perfeitamente a espa\u00e7os minimalistas. A combina\u00e7\u00e3o de materiais pode criar uma harmonia visual que impressiona qualquer visitante.<\/p>\n<h3>1.3 Rack Vintage<\/h3>\n<figure style=\"width: 1024px\" class=\"wp-caption aligncenter\"><img decoding=\"async\" src=\"https:\/\/www.aarquiteta.com.br\/blog\/wp-content\/uploads\/2025\/01\/rack-de-madeira-00.jpg\" alt=\"Base Arquitetura\" title=\"\"><figcaption class=\"wp-caption-text\">Base Arquitetura<\/figcaption><\/figure>\n<p>Os amantes do estilo vintage encontram nos <b>racks de madeira<\/b> uma oportunidade de trazer um pedacinho da hist\u00f3ria para casa. Com acabamentos envelhecidos e detalhes nost\u00e1lgicos, esses m\u00f3veis podem ser o destaque de um ambiente decorado com pe\u00e7as antigas, criando um contraste interessante com elementos modernos.<\/p>\n<h2>2. Materiais e Acabamentos<\/h2>\n<p>A escolha do tipo de madeira e acabamento \u00e9 fundamental para garantir que o rack se encaixe na sua decora\u00e7\u00e3o. Conhe\u00e7a os materiais mais utilizados e suas caracter\u00edsticas.<\/p>\n<h3>2.1 Madeira Maci\u00e7a<\/h3>\n<figure style=\"width: 1024px\" class=\"wp-caption aligncenter\"><img decoding=\"async\" src=\"https:\/\/www.aarquiteta.com.br\/blog\/wp-content\/uploads\/2025\/01\/rack-de-madeira02.jpg\" alt=\"75 Inspira\u00e7\u00f5es de Racks de Madeira para Decorar sua Sala\" width=\"1024\" height=\"1024\" title=\"\"><figcaption class=\"wp-caption-text\">75 Inspira\u00e7\u00f5es de Racks de Madeira para Decorar sua Sala<\/figcaption><\/figure>\n<p>A <b>madeira maci\u00e7a<\/b> \u00e9 a op\u00e7\u00e3o mais popular e dur\u00e1vel entre os racks. Esse tipo de madeira traz resist\u00eancia e uma est\u00e9tica luxuosa, que se destaca em qualquer ambiente. Sua versatilidade permite que ele seja incorporado em diversos estilos decorativos.<\/p>\n<h3>2.2 Madeira de Revestimento<\/h3>\n<figure style=\"width: 1024px\" class=\"wp-caption aligncenter\"><img decoding=\"async\" src=\"https:\/\/www.aarquiteta.com.br\/blog\/wp-content\/uploads\/2025\/01\/rack-de-madeira-01-730x487.jpg\" alt=\"Base Arquitetura\" title=\"\"><figcaption class=\"wp-caption-text\">Base Arquitetura<\/figcaption><\/figure>\n<p>J\u00e1 a <b>madeira de revestimento<\/b> oferece uma alternativa mais econ\u00f4mica e leve. Muitas vezes utilizada em design contempor\u00e2neo, ela pode imitar a apar\u00eancia da madeira maci\u00e7a, trazendo charme e funcionalidade a um custo mais acess\u00edvel.<\/p>\n<h3>2.3 Acabamentos Foscos e Brilhantes<\/h3>\n<figure style=\"width: 1024px\" class=\"wp-caption aligncenter\"><img decoding=\"async\" src=\"https:\/\/www.aarquiteta.com.br\/blog\/wp-content\/uploads\/2025\/01\/rack-de-madeira03.jpg\" alt=\"75 Inspira\u00e7\u00f5es de Racks de Madeira para Decorar sua Sala\" width=\"1024\" height=\"1024\" title=\"\"><figcaption class=\"wp-caption-text\">75 Inspira\u00e7\u00f5es de Racks de Madeira para Decorar sua Sala<\/figcaption><\/figure>\n<p>A escolha entre <b>acabamentos foscos<\/b> e <b>brilhantes<\/b> \u00e9 crucial. Os acabamentos foscos tendem a ser mais discretos, enquanto os brilhantes trazem um ar de modernidade e sofistica\u00e7\u00e3o. Cada um tem seu espa\u00e7o dependendo do efeito que se deseja alcan\u00e7ar no ambiente.<\/p>\n<h2>3. Combina\u00e7\u00e3o com Outros Elementos na Decora\u00e7\u00e3o<\/h2>\n<p>Descubra como os racks de madeira podem ser combinados com outros m\u00f3veis e acess\u00f3rios para criar uma decora\u00e7\u00e3o harmoniosa e estilosa.<\/p>\n<h3>3.1 M\u00f3veis Complementares<\/h3>\n<figure style=\"width: 1024px\" class=\"wp-caption aligncenter\"><img decoding=\"async\" src=\"https:\/\/www.aarquiteta.com.br\/blog\/wp-content\/uploads\/2025\/01\/rack-de-madeira-02-730x832.jpg\" alt=\"Yara Souza Organiza\" title=\"\"><figcaption class=\"wp-caption-text\">Yara Souza Organiza<\/figcaption><\/figure>\n<p>Para um <b>resultado elegante<\/b>, \u00e9 importante escolher m\u00f3veis que harmonizem com o rack. Sof\u00e1s em tons neutros ou vibrantes podem complementar a madeira e apontar o olhar para o m\u00f3vel principal da sala.<\/p>\n<h3>3.2 Acess\u00f3rios Decorativos<\/h3>\n<figure style=\"width: 1024px\" class=\"wp-caption aligncenter\"><img decoding=\"async\" src=\"https:\/\/www.aarquiteta.com.br\/blog\/wp-content\/uploads\/2025\/01\/rack-de-madeira4.jpg\" alt=\"75 Inspira\u00e7\u00f5es de Racks de Madeira para Decorar sua Sala\" width=\"1024\" height=\"1024\" title=\"\"><figcaption class=\"wp-caption-text\">75 Inspira\u00e7\u00f5es de Racks de Madeira para Decorar sua Sala<\/figcaption><\/figure>\n<p>Adicionar <b>acess\u00f3rios decorativos<\/b> como quadros, plantas e livros pode real\u00e7ar ainda mais o estilo do rack de madeira. O ideal \u00e9 manter um equil\u00edbrio entre os elementos, evitando sobrecarregar o espa\u00e7o, mas ao mesmo tempo criando um ambiente acolhedor e convidativo.<\/p>\n<h2>4. Funcionalidade do Rack de Madeira<\/h2>\n<p>Um rack n\u00e3o \u00e9 apenas um suporte para a TV; ele pode ser uma pe\u00e7a-chave na organiza\u00e7\u00e3o e na funcionalidade do espa\u00e7o. Explore as diferentes funcionalidades que um bom rack pode oferecer.<\/p>\n<h3>4.1 Racks com Armazenamento<\/h3>\n<figure style=\"width: 1024px\" class=\"wp-caption aligncenter\"><img decoding=\"async\" src=\"https:\/\/www.aarquiteta.com.br\/blog\/wp-content\/uploads\/2025\/01\/rack-de-madeira-03-730x913.jpg\" alt=\"Base Arquitetura\" title=\"\"><figcaption class=\"wp-caption-text\">Base Arquitetura<\/figcaption><\/figure>\n<p><b>Racks com armazenamento<\/b> s\u00e3o uma excelente solu\u00e7\u00e3o para quem busca funcionalidade. Com gavetas e prateleiras, eles ajudam a manter o espa\u00e7o limpo e organizado, escondendo objetos que geralmente ficam expostos de forma desordenada.<\/p>\n<h3>4.2 Racks para Espa\u00e7os Pequenos<\/h3>\n<h3>Para se aprofundar mais sobre o tema, veja a minha recomenda\u00e7\u00e3o sobre o tema deste artigo no v\u00eddeo a seguir abaixo:<\/h3>\n<p><iframe title=\"YouTube video player\" src=\"https:\/\/www.youtube.com\/embed\/O7PSWXP500M\" width=\"560\" height=\"315\" frameborder=\"0\" allowfullscreen=\"allowfullscreen\"><\/iframe><\/p>\n<p>Para os que vivem em apartamentos ou casas pequenas, um <b>rack compacto<\/b> pode ser a solu\u00e7\u00e3o perfeita. Modelos que otimizam o espa\u00e7o vertical e que ainda oferecem armazenamento s\u00e3o ideais para manter a organiza\u00e7\u00e3o sem sacrificar o estilo.<\/p>\n<h2>5. Cuidados e Manuten\u00e7\u00e3o<\/h2>\n<p>Manter seu rack de madeira em bom estado \u00e9 essencial para prolongar sua vida \u00fatil e beleza. Vamos falar sobre os cuidados necess\u00e1rios.<\/p>\n<h3>5.1 Limpeza Regular<\/h3>\n<figure style=\"width: 1024px\" class=\"wp-caption aligncenter\"><img decoding=\"async\" src=\"https:\/\/www.aarquiteta.com.br\/blog\/wp-content\/uploads\/2025\/01\/rack-de-madeira-04-730x487.jpg\" alt=\"Compre na Westwing Now\" title=\"\"><figcaption class=\"wp-caption-text\">Compre na Westwing Now<\/figcaption><\/figure>\n<p>A limpeza regular \u00e9 fundamental. Use um pano macio e levemente umedecido para remover a poeira e evitar o ac\u00famulo de sujeira. Evite produtos qu\u00edmicos que podem danificar a superf\u00edcie da madeira.<\/p>\n<h3>5.2 Evitar Exposi\u00e7\u00e3o ao Sol<\/h3>\n<p>Evitar a <b>exposi\u00e7\u00e3o direta ao sol<\/b> ajuda a preservar a cor e o acabamento do seu rack. Cortinas e persianas s\u00e3o \u00f3timas aliadas para garantir que a luz do sol n\u00e3o cause danos irrevers\u00edveis ao seu m\u00f3vel.<\/p>\n<h2>6. Dicas de Decora\u00e7\u00e3o<\/h2>\n<p>Por fim, apresentaremos dicas sobre como decorar seu rack de madeira, adicionando elementos que realcem o visual e criem um ambiente acolhedor.<\/p>\n<h3>6.1 Escolha de Cores<\/h3>\n<p>Optar por uma paleta de <b>cores harmoniosa<\/b> pode transformar completamente o visual do seu espa\u00e7o. Tons neutros combinados com detalhes coloridos podem trazer vida ao ambiente sem perder a eleg\u00e2ncia.<\/p>\n<h3>6.2 Personaliza\u00e7\u00e3o com Elementos Pessoais<\/h3>\n<p>Adicionar itens que contam sua hist\u00f3ria, como fotografias e souvenirs de viagens, traz personalidade ao espa\u00e7o. Um rack de madeira se torna n\u00e3o s\u00f3 um m\u00f3vel, mas uma verdadeira extens\u00e3o de voc\u00ea.<\/p>\n<h2>Conclus\u00e3o<\/h2>\n<p>O rack de madeira \u00e9 uma escolha atemporal e multidimensional que pode enriquecer qualquer ambiente. Com as dicas e inspira\u00e7\u00f5es apresentadas, voc\u00ea estar\u00e1 pronto para selecionar o m\u00f3vel que melhor se adapta ao seu estilo e necessidades.<\/p>\n","protected":false},"excerpt":{"rendered":"<p>Descubra 75 ideias de racks de madeira que aquecem e transformam a decora\u00e7\u00e3o da sua sala de estar.<\/p>\n","protected":false},"author":102,"featured_media":141644,"comment_status":"closed","ping_status":"closed","sticky":false,"template":"","format":"standard","meta":{"footnotes":""},"categories":[1484],"tags":[],"class_list":["post-141651","post","type-post","status-publish","format-standard","has-post-thumbnail","category-decoracao"],"_wp_attached_file":null,"_wp_attachment_metadata":null,"_wp_attachment_context":null,"_wp_attachment_is_custom_header":null,"geo_longitude":null,"geo_public":null,"geo_latitude":null,"_publicize_done_external":null,"_wpas_done_3897181":null,"publicize_twitter_user":null,"_wpas_done_3897175":null,"_wpas_skip_3897181":null,"_wpas_skip_3897175":null,"_wpas_skip_3924723":null,"_wpas_mess":null,"_wpas_done_3924723":null,"wps_subtitle":"","_links":{"self":[{"href":"https:\/\/www.aarquiteta.com.br\/blog\/wp-json\/wp\/v2\/posts\/141651","targetHints":{"allow":["GET"]}}],"collection":[{"href":"https:\/\/www.aarquiteta.com.br\/blog\/wp-json\/wp\/v2\/posts"}],"about":[{"href":"https:\/\/www.aarquiteta.com.br\/blog\/wp-json\/wp\/v2\/types\/post"}],"author":[{"embeddable":true,"href":"https:\/\/www.aarquiteta.com.br\/blog\/wp-json\/wp\/v2\/users\/102"}],"replies":[{"embeddable":true,"href":"https:\/\/www.aarquiteta.com.br\/blog\/wp-json\/wp\/v2\/comments?post=141651"}],"version-history":[{"count":0,"href":"https:\/\/www.aarquiteta.com.br\/blog\/wp-json\/wp\/v2\/posts\/141651\/revisions"}],"wp:featuredmedia":[{"embeddable":true,"href":"https:\/\/www.aarquiteta.com.br\/blog\/wp-json\/wp\/v2\/media\/141644"}],"wp:attachment":[{"href":"https:\/\/www.aarquiteta.com.br\/blog\/wp-json\/wp\/v2\/media?parent=141651"}],"wp:term":[{"taxonomy":"category","embeddable":true,"href":"https:\/\/www.aarquiteta.com.br\/blog\/wp-json\/wp\/v2\/categories?post=141651"},{"taxonomy":"post_tag","embeddable":true,"href":"https:\/\/www.aarquiteta.com.br\/blog\/wp-json\/wp\/v2\/tags?post=141651"}],"curies":[{"name":"wp","href":"https:\/\/api.w.org\/{rel}","templated":true}]}}