{"id":141634,"date":"2025-01-25T11:12:04","date_gmt":"2025-01-25T14:12:04","guid":{"rendered":"https:\/\/www.aarquiteta.com.br\/blog\/revestimento-aquarelado\/"},"modified":"2025-01-25T11:12:04","modified_gmt":"2025-01-25T14:12:04","slug":"revestimento-aquarelado","status":"publish","type":"post","link":"https:\/\/www.aarquiteta.com.br\/blog\/revestimento-aquarelado\/","title":{"rendered":"Revestimento Aquarelado: O Charme do Artesanal na Decora\u00e7\u00e3o 10"},"content":{"rendered":"<p><body><\/p>\n<p>O <b>revestimento aquarelado Highlands<\/b> \u00e9 a escolha perfeita para quem busca trazer <b>charme e sutileza<\/b> \u00e0 decora\u00e7\u00e3o de ambientes, especialmente para cozinhas. Suas nuances de cinza permitem uma <b>harmonia est\u00e9tica<\/b> que combina o artesanal com o contempor\u00e2neo.<\/p>\n<h2>Introdu\u00e7\u00e3o<\/h2>\n<p>Vamos explorar o <b>encantamento da t\u00e9cnica de aquarela<\/b> na decora\u00e7\u00e3o e descobrir como o revestimento aquarelado Highlands pode transformar a sua casa em um espa\u00e7o cheio de personalidade.<\/p>\n<h2>O que \u00e9 o Revestimento Aquarelado?<\/h2>\n<p>O <b>revestimento aquarelado<\/b> \u00e9 uma t\u00e9cnica que simula a delicadeza das pinturas em aquarela, trazendo as nuances suaves e fluidas dessas obras de arte para o nosso cotidiano. Ele \u00e9 perfeito para quem deseja <b>personalizar<\/b> a decora\u00e7\u00e3o, proporcionando uma est\u00e9tica \u00fanica.<\/p>\n<h2>A T\u00e9cnica de Aquarela<\/h2>\n<h3>Origem da Aquarela<\/h3>\n<figure style=\"width: 1024px\" class=\"wp-caption aligncenter\"><img decoding=\"async\" src=\"https:\/\/www.aarquiteta.com.br\/blog\/wp-content\/uploads\/2025\/01\/revestimento-aquarelado-01.jpg\" alt=\"Revestimento Aquarelado: O Charme do Artesanal na Decora\u00e7\u00e3o\" width=\"1024\" height=\"1024\" title=\"\"><figcaption class=\"wp-caption-text\">Revestimento Aquarelado: O Charme do Artesanal na Decora\u00e7\u00e3o<\/figcaption><\/figure>\n<p>A hist\u00f3ria dessa t\u00e9cnica remonta a mais de <b>dois mil anos<\/b>, quando surgiu na China. O uso de pigmentos sol\u00faveis em \u00e1gua revolucionou a maneira de criar arte, permitindo que <b>retratos e paisagens<\/b> ganhassem vida com delicadeza.<\/p>\n<h3>Aplica\u00e7\u00e3o na Decora\u00e7\u00e3o<\/h3>\n<figure style=\"width: 1024px\" class=\"wp-caption aligncenter\"><img decoding=\"async\" src=\"https:\/\/www.aarquiteta.com.br\/blog\/wp-content\/uploads\/2025\/01\/revestimentoaquarelado22-1120x840.jpg\" alt=\"Quadro com t\u00e9cnica aquarela decora parede junto a outros materiais, como madeira e porcelanato (Projeto: Daniel Carneiro)\" title=\"\"><figcaption class=\"wp-caption-text\">Quadro com t\u00e9cnica aquarela decora parede junto a outros materiais, como madeira e porcelanato (Projeto: Daniel Carneiro)<\/figcaption><\/figure>\n<p>Hoje em dia, a aquarela n\u00e3o est\u00e1 restrita ao papel. Ela se espalhou pelo mundo da decora\u00e7\u00e3o, como em <b>pap\u00e9is de parede, almofadas<\/b> e, claro, nos revestimentos aquarelados. Essa t\u00e9cnica cria ambientes que s\u00e3o verdadeiras obras de arte.<\/p>\n<h2>Benef\u00edcios do Revestimento Aquarelado na Decora\u00e7\u00e3o<\/h2>\n<p>Optar por um revestimento aquarelado oferece in\u00fameros benef\u00edcios. Al\u00e9m de enriquecer o visual dos ambientes, ele cria uma atmosfera <b>aconchegante e \u00fanica<\/b>, perfeita para relaxar e receber amigos.<\/p>\n<h2>Linhas de Revestimento da Portobello<\/h2>\n<h3>Gouache<\/h3>\n<figure style=\"width: 1024px\" class=\"wp-caption aligncenter\"><img decoding=\"async\" src=\"https:\/\/www.aarquiteta.com.br\/blog\/wp-content\/uploads\/2025\/01\/revestimentoaquarelado00-1200x1082.jpg\" alt=\"Revestimento aquarelado Highlands enriquece o visual desta cozinha com as nuances de cinza (Projeto: Portobello)\" title=\"\"><figcaption class=\"wp-caption-text\">Revestimento aquarelado Highlands enriquece o visual desta cozinha com as nuances de cinza (Projeto: Portobello)<\/figcaption><\/figure>\n<p>A linha <b>Gouache<\/b> oferece uma gama de cores vibrantes e texturas inovadoras, permitindo que cada espa\u00e7o tenha uma identidade pr\u00f3pria. \u00c9 ideal para quem busca ousar na proposta de decora\u00e7\u00e3o.<\/p>\n<h3>Highlands<\/h3>\n<figure style=\"width: 1024px\" class=\"wp-caption aligncenter\"><img decoding=\"async\" src=\"https:\/\/www.aarquiteta.com.br\/blog\/wp-content\/uploads\/2025\/01\/revestimento-aquarelado-02.jpg\" alt=\"Revestimento Aquarelado: O Charme do Artesanal na Decora\u00e7\u00e3o\" width=\"1024\" height=\"1024\" title=\"\"><figcaption class=\"wp-caption-text\">Revestimento Aquarelado: O Charme do Artesanal na Decora\u00e7\u00e3o<\/figcaption><\/figure>\n<p>O revestimento Highlands traz o charme da artesania em sua forma <b>mais pura<\/b>, com nuances que fazem alus\u00e3o \u00e0s esta\u00e7\u00f5es do ano. \u00c9 uma escolha perfeita para personalizar o ambiente com estilo.<\/p>\n<h2>Dicas para Usar Revestimento Aquarelado na Decora\u00e7\u00e3o<\/h2>\n<p>Na hora de integrar o <b>revestimento aquarelado<\/b> \u00e0 sua decora\u00e7\u00e3o, aqui v\u00e3o algumas dicas pr\u00e1ticas: escolha uma paleta de cores que harmonize com os m\u00f3veis e outros elementos do ambiente e utilize texturas para dar profundidade \u00e0s paredes.<\/p>\n<h2>Conclus\u00e3o<\/h2>\n<p>Investir no revestimento aquarelado Highlands \u00e9 uma <b>excelente maneira<\/b> de trazer a est\u00e9tica artesanal e contempor\u00e2nea para dentro da sua casa. Com suas cores e a sutileza da aquarela, voc\u00ea pode valorizar cada ambiente, tornando-o um espa\u00e7o \u00fanico.<\/p>\n<p><\/body><br \/>\n<figure style=\"width: 1024px\" class=\"wp-caption aligncenter\"><img decoding=\"async\" src=\"https:\/\/www.aarquiteta.com.br\/blog\/wp-content\/uploads\/2025\/01\/revestimentoaquareladohighlands-1120x1120.jpg\" alt=\"Revestimento aquarelado, Highlands Flower, traz um toque de cor para este espa\u00e7o predominantemente neutro (Projeto: Portobello)\" title=\"\"><figcaption class=\"wp-caption-text\">Revestimento aquarelado, Highlands Flower, traz um toque de cor para este espa\u00e7o predominantemente neutro (Projeto: Portobello)<\/figcaption><\/figure>\n<figure style=\"width: 1024px\" class=\"wp-caption aligncenter\"><img decoding=\"async\" src=\"https:\/\/www.aarquiteta.com.br\/blog\/wp-content\/uploads\/2025\/01\/revestimento-aquarelado-03.jpg\" alt=\"Revestimento Aquarelado: O Charme do Artesanal na Decora\u00e7\u00e3o\" width=\"1024\" height=\"1024\" title=\"\"><figcaption class=\"wp-caption-text\">Revestimento Aquarelado: O Charme do Artesanal na Decora\u00e7\u00e3o<\/figcaption><\/figure>\n<figure style=\"width: 1024px\" class=\"wp-caption aligncenter\"><img decoding=\"async\" src=\"https:\/\/www.aarquiteta.com.br\/blog\/wp-content\/uploads\/2025\/01\/revestimentoaquarelado11-840x1120.jpg\" alt=\"Para pintar, as tintas aquarelas em pastilhas s\u00e3o dissolvidas com \u00e1gua (Foto: Saundarya Srinivasan)\" title=\"\"><figcaption class=\"wp-caption-text\">Para pintar, as tintas aquarelas em pastilhas s\u00e3o dissolvidas com \u00e1gua (Foto: Saundarya Srinivasan)<\/figcaption><\/figure>\n<figure style=\"width: 1024px\" class=\"wp-caption aligncenter\"><img decoding=\"async\" src=\"https:\/\/www.aarquiteta.com.br\/blog\/wp-content\/uploads\/2025\/01\/revestimento-aquarelado-4.jpg\" alt=\"Revestimento Aquarelado: O Charme do Artesanal na Decora\u00e7\u00e3o\" width=\"1024\" height=\"1024\" title=\"\"><figcaption class=\"wp-caption-text\">Revestimento Aquarelado: O Charme do Artesanal na Decora\u00e7\u00e3o<\/figcaption><\/figure>\n<figure style=\"width: 1024px\" class=\"wp-caption aligncenter\"><img decoding=\"async\" src=\"https:\/\/www.aarquiteta.com.br\/blog\/wp-content\/uploads\/2025\/01\/revestimentoaquareladocomosurgiuaaquarela-1014x1120.jpg\" alt=\"\u201cYoung Hare\u201d, pintura em aquarela de 1502 feita por Albrecht D\u00fcrer (Imagem: Google Arts &#038; Culture)\" title=\"\"><figcaption class=\"wp-caption-text\">\u201cYoung Hare\u201d, pintura em aquarela de 1502 feita por Albrecht D\u00fcrer (Imagem: Google Arts &#038; Culture)<\/figcaption><\/figure>\n<h3>Para se aprofundar mais sobre o tema, veja a minha recomenda\u00e7\u00e3o sobre o tema deste artigo no v\u00eddeo a seguir abaixo:<\/h3>\n<p><iframe title=\"YouTube video player\" src=\"https:\/\/www.youtube.com\/embed\/WXTW1UWahMk\" width=\"560\" height=\"315\" frameborder=\"0\" allowfullscreen=\"allowfullscreen\"><\/iframe><\/p>\n<figure style=\"width: 1024px\" class=\"wp-caption aligncenter\"><img decoding=\"async\" src=\"https:\/\/blog.archtrends.com\/wp-content\/uploads\/2023\/07\/revistamentoaquelebrancoazul-746x1120.jpeg\" alt=\"Revestimento aquarelado Gouache Flamant complementa as demais cores da decora\u00e7\u00e3o desta cozinha (Projeto: Renata Munhoz da Rocha)\" title=\"\"><figcaption class=\"wp-caption-text\">Revestimento aquarelado Gouache Flamant complementa as demais cores da decora\u00e7\u00e3o desta cozinha (Projeto: Renata Munhoz da Rocha)<\/figcaption><\/figure>\n","protected":false},"excerpt":{"rendered":"<p>Descubra como o revestimento aquarelado traz charme e personalidade \u00e0 decora\u00e7\u00e3o com sua est\u00e9tica artesanal.<\/p>\n","protected":false},"author":102,"featured_media":141627,"comment_status":"closed","ping_status":"closed","sticky":false,"template":"","format":"standard","meta":{"footnotes":""},"categories":[35375,971,19206],"tags":[],"class_list":["post-141634","post","type-post","status-publish","format-standard","has-post-thumbnail","category-acabamentos","category-design-de-interiores","category-revestimentos"],"_wp_attached_file":null,"_wp_attachment_metadata":null,"_wp_attachment_context":null,"_wp_attachment_is_custom_header":null,"geo_longitude":null,"geo_public":null,"geo_latitude":null,"_publicize_done_external":null,"_wpas_done_3897181":null,"publicize_twitter_user":null,"_wpas_done_3897175":null,"_wpas_skip_3897181":null,"_wpas_skip_3897175":null,"_wpas_skip_3924723":null,"_wpas_mess":null,"_wpas_done_3924723":null,"wps_subtitle":"","_links":{"self":[{"href":"https:\/\/www.aarquiteta.com.br\/blog\/wp-json\/wp\/v2\/posts\/141634","targetHints":{"allow":["GET"]}}],"collection":[{"href":"https:\/\/www.aarquiteta.com.br\/blog\/wp-json\/wp\/v2\/posts"}],"about":[{"href":"https:\/\/www.aarquiteta.com.br\/blog\/wp-json\/wp\/v2\/types\/post"}],"author":[{"embeddable":true,"href":"https:\/\/www.aarquiteta.com.br\/blog\/wp-json\/wp\/v2\/users\/102"}],"replies":[{"embeddable":true,"href":"https:\/\/www.aarquiteta.com.br\/blog\/wp-json\/wp\/v2\/comments?post=141634"}],"version-history":[{"count":0,"href":"https:\/\/www.aarquiteta.com.br\/blog\/wp-json\/wp\/v2\/posts\/141634\/revisions"}],"wp:featuredmedia":[{"embeddable":true,"href":"https:\/\/www.aarquiteta.com.br\/blog\/wp-json\/wp\/v2\/media\/141627"}],"wp:attachment":[{"href":"https:\/\/www.aarquiteta.com.br\/blog\/wp-json\/wp\/v2\/media?parent=141634"}],"wp:term":[{"taxonomy":"category","embeddable":true,"href":"https:\/\/www.aarquiteta.com.br\/blog\/wp-json\/wp\/v2\/categories?post=141634"},{"taxonomy":"post_tag","embeddable":true,"href":"https:\/\/www.aarquiteta.com.br\/blog\/wp-json\/wp\/v2\/tags?post=141634"}],"curies":[{"name":"wp","href":"https:\/\/api.w.org\/{rel}","templated":true}]}}