{"id":141441,"date":"2025-01-23T14:28:10","date_gmt":"2025-01-23T17:28:10","guid":{"rendered":"https:\/\/www.aarquiteta.com.br\/blog\/passagens-laterais-funcionais\/"},"modified":"2025-01-23T14:28:10","modified_gmt":"2025-01-23T17:28:10","slug":"passagens-laterais-funcionais","status":"publish","type":"post","link":"https:\/\/www.aarquiteta.com.br\/blog\/passagens-laterais-funcionais\/","title":{"rendered":"Ideias Para Criar Passagens Laterais Funcionais E Elegantes"},"content":{"rendered":"<p><body><\/p>\n<p>Descubra como criar passagens laterais que s\u00e3o n\u00e3o apenas funcionais, mas tamb\u00e9m elegantes, transformando espa\u00e7os comuns em \u00e1reas de destaque na sua casa.<\/p>\n<h2>1. A Import\u00e2ncia das Passagens Laterais<\/h2>\n<h3>1.1. Funcionalidade e Estilo<\/h3>\n<figure style=\"width: 1024px\" class=\"wp-caption aligncenter\"><img decoding=\"async\" src=\"https:\/\/www.aarquiteta.com.br\/blog\/wp-content\/uploads\/2025\/01\/passagens-laterais-funcionais04.jpg\" alt=\"Ideias Para Criar Passagens Laterais Funcionais E Elegantes\" width=\"1024\" height=\"1024\" title=\"\"><figcaption class=\"wp-caption-text\">Ideias Para Criar Passagens Laterais Funcionais E Elegantes<\/figcaption><\/figure>\n<p>As passagens laterais s\u00e3o essenciais para a <b>circula\u00e7\u00e3o<\/b> e a <b>organiza\u00e7\u00e3o<\/b> dos ambientes. Elas n\u00e3o apenas conectam diferentes \u00e1reas da casa, mas tamb\u00e9m podem ser um elemento de <b>design<\/b> que agrega valor est\u00e9tico ao espa\u00e7o.<\/p>\n<h3>1.2. Integra\u00e7\u00e3o com o Ambiente<\/h3>\n<figure style=\"width: 1024px\" class=\"wp-caption aligncenter\"><img decoding=\"async\" src=\"https:\/\/www.aarquiteta.com.br\/blog\/wp-content\/uploads\/2025\/01\/passagens-laterais-funcionais03.jpg\" alt=\"Ideias Para Criar Passagens Laterais Funcionais E Elegantes\" width=\"1024\" height=\"1024\" title=\"\"><figcaption class=\"wp-caption-text\">Ideias Para Criar Passagens Laterais Funcionais E Elegantes<\/figcaption><\/figure>\n<p>Uma passagem lateral bem projetada pode <b>integrar<\/b> diferentes ambientes, criando uma sensa\u00e7\u00e3o de continuidade e harmonia. Isso \u00e9 especialmente importante em casas com planta aberta, onde a <b>transi\u00e7\u00e3o<\/b> entre os espa\u00e7os deve ser suave.<\/p>\n<h2>2. Materiais Ideais para Passagens Laterais<\/h2>\n<h3>2.1. Madeira: Calor e Sofistica\u00e7\u00e3o<\/h3>\n<figure style=\"width: 1024px\" class=\"wp-caption aligncenter\"><img decoding=\"async\" src=\"https:\/\/www.aarquiteta.com.br\/blog\/wp-content\/uploads\/2025\/01\/passagens-laterais-funcionais02.jpg\" alt=\"Ideias Para Criar Passagens Laterais Funcionais E Elegantes\" width=\"1024\" height=\"1024\" title=\"\"><figcaption class=\"wp-caption-text\">Ideias Para Criar Passagens Laterais Funcionais E Elegantes<\/figcaption><\/figure>\n<p>A madeira \u00e9 um material cl\u00e1ssico que traz <b>calor<\/b> e <b>sofistica\u00e7\u00e3o<\/b> para as passagens laterais. Al\u00e9m de ser dur\u00e1vel, ela pode ser trabalhada de diversas formas, permitindo uma variedade de estilos.<\/p>\n<h3>2.2. Metal: Modernidade e Durabilidade<\/h3>\n<figure style=\"width: 1024px\" class=\"wp-caption aligncenter\"><img decoding=\"async\" src=\"https:\/\/www.aarquiteta.com.br\/blog\/wp-content\/uploads\/2025\/01\/passagens-laterais-funcionais01.jpg\" alt=\"Ideias Para Criar Passagens Laterais Funcionais E Elegantes\" width=\"1024\" height=\"1024\" title=\"\"><figcaption class=\"wp-caption-text\">Ideias Para Criar Passagens Laterais Funcionais E Elegantes<\/figcaption><\/figure>\n<p>O metal, por sua vez, oferece uma est\u00e9tica <b>moderna<\/b> e \u00e9 extremamente <b>dur\u00e1vel<\/b>. Ele pode ser utilizado em corrim\u00e3os, estruturas e at\u00e9 mesmo em elementos decorativos, trazendo um toque contempor\u00e2neo ao espa\u00e7o.<\/p>\n<h3>2.3. Vidro: Transpar\u00eancia e Amplitude<\/h3>\n<p style=\"text-align: center;\">[amazon table=&#8221;95720&#8243;]\n<p>O uso de vidro nas passagens laterais proporciona <b>transpar\u00eancia<\/b> e uma sensa\u00e7\u00e3o de <b>amplitude<\/b>. Ele permite a entrada de luz natural, tornando o ambiente mais iluminado e acolhedor.<\/p>\n<h2>3. Ilumina\u00e7\u00e3o Estrat\u00e9gica<\/h2>\n<h3>3.1. Luz Natural<\/h3>\n<h3>Assista agora a minha recomenda\u00e7\u00e3o de video abaixo sobre o tema que estamos tratando neste artigo: <\/h3>\n<p><div class=\"youtube-embed\" data-video_id=\"cznRbeWlnyw\"><iframe title=\"TRUQUE SECRETO PRA TER 30% DE DESCONTO EM PASSAGENS A\u00c9REAS | Skiplagging #shorts\" width=\"696\" height=\"392\" src=\"https:\/\/www.youtube.com\/embed\/cznRbeWlnyw?feature=oembed&#038;enablejsapi=1\" frameborder=\"0\" allow=\"accelerometer; autoplay; clipboard-write; encrypted-media; gyroscope; picture-in-picture; web-share\" referrerpolicy=\"strict-origin-when-cross-origin\" allowfullscreen><\/iframe><\/div>\n<\/p>\n<p>Aproveitar a <b>luz natural<\/b> \u00e9 fundamental para criar um ambiente agrad\u00e1vel. Janelas amplas e claraboias podem ser incorporadas para maximizar a ilumina\u00e7\u00e3o durante o dia.<\/p>\n<h3>3.2. Ilumina\u00e7\u00e3o Artificial<\/h3>\n<p>\u00c0 noite, a <b>ilumina\u00e7\u00e3o artificial<\/b> deve ser cuidadosamente planejada. Lumin\u00e1rias embutidas e spots direcion\u00e1veis podem destacar elementos decorativos e criar uma atmosfera aconchegante.<\/p>\n<h2>4. Elementos Decorativos<\/h2>\n<h3>4.1. Plantas e Jardins Verticais<\/h3>\n<p>Adicionar <b>plantas<\/b> e jardins verticais nas passagens laterais traz vida e frescor ao ambiente. Elas n\u00e3o apenas embelezam, mas tamb\u00e9m melhoram a qualidade do ar.<\/p>\n<h3>4.2. Obras de Arte e Pain\u00e9is Decorativos<\/h3>\n<p>Obras de arte e pain\u00e9is decorativos podem ser utilizados para <b>personalizar<\/b> o espa\u00e7o. Eles servem como pontos focais que atraem a aten\u00e7\u00e3o e refletem a personalidade dos moradores.<\/p>\n<h2>5. Solu\u00e7\u00f5es de Armazenamento Inteligentes<\/h2>\n<h3>5.1. Estantes Embutidas<\/h3>\n<p>As estantes embutidas s\u00e3o uma excelente solu\u00e7\u00e3o para <b>maximizar o espa\u00e7o<\/b> nas passagens laterais. Elas oferecem armazenamento sem ocupar muito espa\u00e7o, mantendo o ambiente organizado.<\/p>\n<h3>5.2. Bancos com Compartimentos<\/h3>\n<p>Bancos com compartimentos s\u00e3o pr\u00e1ticos e funcionais. Eles oferecem um lugar para sentar e, ao mesmo tempo, servem como <b>armazenamento<\/b> para itens diversos.<\/p>\n<h2>6. Exemplos de Passagens Laterais Inspiradoras<\/h2>\n<h3>6.1. Estilo Minimalista<\/h3>\n<p><\/body><\/p>\n","protected":false},"excerpt":{"rendered":"<p>Dicas para transformar passagens laterais em espa\u00e7os pr\u00e1ticos e bonitos.<\/p>\n","protected":false},"author":102,"featured_media":141438,"comment_status":"closed","ping_status":"closed","sticky":false,"template":"","format":"standard","meta":{"footnotes":""},"categories":[1484,971,18792,18794],"tags":[],"class_list":["post-141441","post","type-post","status-publish","format-standard","has-post-thumbnail","category-decoracao","category-design-de-interiores","category-decoracao-de-apartamento","category-projetos-de-decoracao-de-casas"],"_wp_attached_file":null,"_wp_attachment_metadata":null,"_wp_attachment_context":null,"_wp_attachment_is_custom_header":null,"geo_longitude":null,"geo_public":null,"geo_latitude":null,"_publicize_done_external":null,"_wpas_done_3897181":null,"publicize_twitter_user":null,"_wpas_done_3897175":null,"_wpas_skip_3897181":null,"_wpas_skip_3897175":null,"_wpas_skip_3924723":null,"_wpas_mess":null,"_wpas_done_3924723":null,"wps_subtitle":"","_links":{"self":[{"href":"https:\/\/www.aarquiteta.com.br\/blog\/wp-json\/wp\/v2\/posts\/141441","targetHints":{"allow":["GET"]}}],"collection":[{"href":"https:\/\/www.aarquiteta.com.br\/blog\/wp-json\/wp\/v2\/posts"}],"about":[{"href":"https:\/\/www.aarquiteta.com.br\/blog\/wp-json\/wp\/v2\/types\/post"}],"author":[{"embeddable":true,"href":"https:\/\/www.aarquiteta.com.br\/blog\/wp-json\/wp\/v2\/users\/102"}],"replies":[{"embeddable":true,"href":"https:\/\/www.aarquiteta.com.br\/blog\/wp-json\/wp\/v2\/comments?post=141441"}],"version-history":[{"count":0,"href":"https:\/\/www.aarquiteta.com.br\/blog\/wp-json\/wp\/v2\/posts\/141441\/revisions"}],"wp:featuredmedia":[{"embeddable":true,"href":"https:\/\/www.aarquiteta.com.br\/blog\/wp-json\/wp\/v2\/media\/141438"}],"wp:attachment":[{"href":"https:\/\/www.aarquiteta.com.br\/blog\/wp-json\/wp\/v2\/media?parent=141441"}],"wp:term":[{"taxonomy":"category","embeddable":true,"href":"https:\/\/www.aarquiteta.com.br\/blog\/wp-json\/wp\/v2\/categories?post=141441"},{"taxonomy":"post_tag","embeddable":true,"href":"https:\/\/www.aarquiteta.com.br\/blog\/wp-json\/wp\/v2\/tags?post=141441"}],"curies":[{"name":"wp","href":"https:\/\/api.w.org\/{rel}","templated":true}]}}