{"id":141403,"date":"2025-01-23T10:53:38","date_gmt":"2025-01-23T13:53:38","guid":{"rendered":"https:\/\/www.aarquiteta.com.br\/blog\/?p=141403"},"modified":"2025-01-23T11:08:54","modified_gmt":"2025-01-23T14:08:54","slug":"nbr-9050-norma-abnt","status":"publish","type":"post","link":"https:\/\/www.aarquiteta.com.br\/blog\/nbr-9050-norma-abnt\/","title":{"rendered":"Guia Completo sobre a Norma ABNT NBR 9050:2020 \u2013 Acessibilidade em Edifica\u00e7\u00f5es e Espa\u00e7os Urbanos"},"content":{"rendered":"<p>A <a href=\"https:\/\/www.prefeitura.sp.gov.br\/cidade\/secretarias\/upload\/NBR9050_20.pdf\" target=\"_blank\" rel=\"noopener\"><strong>NBR 9050:2020<\/strong><\/a>, elaborada pela Associa\u00e7\u00e3o Brasileira de Normas T\u00e9cnicas (<strong>ABNT<\/strong>), estabelece os requisitos e crit\u00e9rios t\u00e9cnicos para promover a <strong><a href=\"https:\/\/www.aarquiteta.com.br\/blog\/arquitetura\/acessibilidade\/\" class=\"ilj-generated-link\">acessibilidade<\/a> universal<\/strong> em edifica\u00e7\u00f5es, mobili\u00e1rios, espa\u00e7os e equipamentos urbanos. Seu principal objetivo \u00e9 garantir que <strong>todas as pessoas<\/strong>, incluindo aquelas com defici\u00eancia ou mobilidade reduzida, possam acessar, circular e utilizar espa\u00e7os de forma segura, aut\u00f4noma e digna.<\/p><p>A norma \u00e9 essencial n\u00e3o apenas para atender \u00e0s legisla\u00e7\u00f5es vigentes, como o <strong>Estatuto da Pessoa com Defici\u00eancia (Lei n\u00ba 13.146\/2015)<\/strong> e a pr\u00f3pria <strong>Constitui\u00e7\u00e3o Federal<\/strong>, mas tamb\u00e9m para promover a inclus\u00e3o social e a qualidade de vida em diferentes tipos de projetos, sejam eles p\u00fablicos ou privados.<\/p><figure id=\"attachment_55287\" aria-describedby=\"caption-attachment-55287\" style=\"width: 700px\" class=\"wp-caption alignnone\"><img decoding=\"async\" class=\"wp-image-55287 size-full\" title=\"nbr 9050\" src=\"https:\/\/www.aarquiteta.com.br\/blog\/wp-content\/uploads\/2022\/05\/nbr-9050-e1652285836299.jpg\" alt=\"nbr 9050\" width=\"700\" height=\"431\" srcset=\"https:\/\/www.aarquiteta.com.br\/blog\/wp-content\/uploads\/2022\/05\/nbr-9050-e1652285836299.jpg 700w, https:\/\/www.aarquiteta.com.br\/blog\/wp-content\/uploads\/2022\/05\/nbr-9050-e1652285836299-696x429.jpg 696w, https:\/\/www.aarquiteta.com.br\/blog\/wp-content\/uploads\/2022\/05\/nbr-9050-e1652285836299-150x92.jpg 150w\" sizes=\"(max-width: 700px) 100vw, 700px\" \/><figcaption id=\"caption-attachment-55287\" class=\"wp-caption-text\">Como funciona a norma <a href=\"https:\/\/www.aarquiteta.com.br\/blog\/nbr-9050\/\" class=\"ilj-generated-link\">nbr 9050<\/a>.<\/figcaption><\/figure><h2>1. O Que \u00e9 a NBR 9050:2020 e Qual \u00e9 Sua Finalidade?<\/h2><p>A <strong>NBR 9050<\/strong> define par\u00e2metros construtivos e diretrizes que visam eliminar barreiras arquitet\u00f4nicas e urban\u00edsticas, contemplando pessoas com diferentes caracter\u00edsticas f\u00edsicas, sensoriais e cognitivas. Em resumo:<\/p><ul><li><strong>Aplica\u00e7\u00e3o<\/strong>:<ul><li>Projetos de <strong>novas constru\u00e7\u00f5es<\/strong>.<\/li><li><strong>Reformas e adequa\u00e7\u00f5es<\/strong> em edifica\u00e7\u00f5es existentes.<\/li><li><strong>Espa\u00e7os urbanos<\/strong> (cal\u00e7adas, ciclovias, parques, pra\u00e7as etc.).<\/li><li><strong>Mobili\u00e1rio urbano<\/strong> (bancos, pontos de \u00f4nibus, sinaliza\u00e7\u00f5es etc.).<\/li><\/ul><\/li><li><strong>Finalidade<\/strong>:<ul><li><strong>Eliminar barreiras<\/strong> que dificultem ou impe\u00e7am a utiliza\u00e7\u00e3o dos espa\u00e7os.<\/li><li><strong>Padronizar<\/strong> crit\u00e9rios m\u00ednimos de acessibilidade.<\/li><li><strong>Promover a inclus\u00e3o<\/strong> de todos, incluindo idosos, gestantes, pessoas com defici\u00eancia f\u00edsica, auditiva, visual ou intelectual, e indiv\u00edduos com mobilidade temporariamente reduzida.<\/li><\/ul><\/li><\/ul><hr \/><h2>2. Princ\u00edpios Fundamentais da NBR 9050<\/h2><p>A norma se fundamenta em quatro grandes pilares que norteiam todo o seu conte\u00fado:<\/p><ol><li><strong>Acessibilidade Universal<\/strong><br \/>Busca garantir que todos os ambientes sejam acess\u00edveis para <strong>diferentes grupos de pessoas<\/strong>, respeitando suas limita\u00e7\u00f5es e necessidades espec\u00edficas.<\/li><li><strong>Autonomia<\/strong><br \/>As pessoas devem conseguir utilizar os espa\u00e7os e equipamentos <strong>sem depender de ajuda<\/strong> constante de terceiros, mantendo ao m\u00e1ximo a sua independ\u00eancia.<\/li><li><strong>Seguran\u00e7a e Conforto<\/strong><br \/>Os projetos devem priorizar a seguran\u00e7a dos usu\u00e1rios, utilizando <strong>sinaliza\u00e7\u00e3o clara<\/strong>, \u00e1reas de circula\u00e7\u00e3o adequadas e <strong>dispositivos de prote\u00e7\u00e3o<\/strong> (corrim\u00e3os, barras de apoio etc.) que reduzam riscos de acidentes.<\/li><li><strong>Inclus\u00e3o e Equidade<\/strong><br \/>Acessibilidade n\u00e3o se restringe apenas \u00e0s pessoas com defici\u00eancia, mas a <strong>toda a popula\u00e7\u00e3o<\/strong>, assegurando que n\u00e3o haja <strong>discrimina\u00e7\u00e3o<\/strong> de qualquer natureza.<img decoding=\"async\" class=\"wp-image-7181\" src=\"https:\/\/www.aarquiteta.com.br\/blog\/wp-content\/uploads\/2024\/06\/nbr9050-ilustracao.jpg\" sizes=\"(max-width: 870px) 100vw, 870px\" srcset=\"https:\/\/www.aarquiteta.com.br\/blog\/wp-content\/uploads\/2024\/06\/nbr9050-ilustracao.jpg 870w, https:\/\/www.aarquiteta.com.br\/blog\/wp-content\/uploads\/2024\/06\/nbr9050-ilustracao-300x145.jpg 300w, https:\/\/www.aarquiteta.com.br\/blog\/wp-content\/uploads\/2024\/06\/nbr9050-ilustracao-768x371.jpg 768w, https:\/\/guiaderodas.com\/wp-content\/uploads\/2020\/07\/nbr9050-ilustracao-600x290.jpg 600w\" alt=\"abnt nbr 9050\" width=\"870\" height=\"420\" title=\"\">Ilustra\u00e7\u00e3o do Guia operacional de acessibilidade para projetos de<br \/>desenvolvimento urbano com crit\u00e9rios de <a href=\"https:\/\/www.aarquiteta.com.br\/blog\/?s=DESENHO\">desenho<\/a> universal \u2013 BID<\/li><\/ol><h2>3. Principais Atualiza\u00e7\u00f5es da NBR 9050:2020<\/h2><p>A vers\u00e3o de 2020 consolidou e ampliou aspectos importantes para a acessibilidade no ambiente constru\u00eddo. Algumas das atualiza\u00e7\u00f5es mais relevantes incluem:<\/p><ul><li><strong><a href=\"https:\/\/www.aarquiteta.com.br\/blog\/?s=PISO\">Pisos<\/a> T\u00e1teis<\/strong><br \/>Detalhamento mais completo sobre <strong>tipos de material<\/strong>, aplica\u00e7\u00e3o e contraste, garantindo melhor orienta\u00e7\u00e3o a pessoas com defici\u00eancia visual.<\/li><li><strong>Banheiros Unissex Acess\u00edveis<\/strong><br \/>Inclus\u00e3o de par\u00e2metros para sanit\u00e1rios que podem ser usados por <strong>diferentes p\u00fablicos<\/strong>, como pessoas que necessitam de acompanhante ou cuidadores.<\/li><li><strong>Ciclovias e Cal\u00e7adas Acess\u00edveis<\/strong><br \/>Diretrizes espec\u00edficas para rampas, <strong>faixas de circula\u00e7\u00e3o<\/strong> e sinaliza\u00e7\u00e3o, promovendo a inclus\u00e3o de pessoas com defici\u00eancia ou mobilidade reduzida no uso de bicicletas e circula\u00e7\u00e3o de pedestres.<\/li><li><strong>Sinaliza\u00e7\u00e3o Visual e T\u00e1til<\/strong><br \/>Novos crit\u00e9rios de <strong>contraste<\/strong> e <strong>informa\u00e7\u00f5es em braile<\/strong>, incluindo instala\u00e7\u00e3o em placas, corrim\u00e3os e at\u00e9 mapas de orienta\u00e7\u00e3o em locais de grande circula\u00e7\u00e3o.<\/li><li><strong>Uso de Tecnologias Assistivas<\/strong><br \/>Reconhecimento de solu\u00e7\u00f5es e equipamentos que <strong>facilitam a intera\u00e7\u00e3o<\/strong> com espa\u00e7os p\u00fablicos e privados, como plataformas elevat\u00f3rias, aplicativos de orienta\u00e7\u00e3o etc.<\/li><\/ul><hr \/><h2>4. Crit\u00e9rios T\u00e9cnicos Importantes da NBR 9050<\/h2><h3>4.1. Dimens\u00f5es para Acessibilidade<\/h3><p>Uma das bases da norma \u00e9 a defini\u00e7\u00e3o de <strong>dimens\u00f5es m\u00ednimas<\/strong> para garantir o <strong>livre acesso<\/strong> e a circula\u00e7\u00e3o de usu\u00e1rios de cadeiras de rodas, muletas ou com outras limita\u00e7\u00f5es:<\/p><ul><li><strong>Largura m\u00ednima de circula\u00e7\u00e3o<\/strong>: 1,20 m para corredores, cal\u00e7adas e \u00e1reas de passagem.<\/li><li><strong>Altura livre de passagem<\/strong>: 2,10 m, evitando obst\u00e1culos que possam atingir a cabe\u00e7a das pessoas.<\/li><li><strong>Rampas<\/strong>:<ul><li>Inclina\u00e7\u00e3o m\u00e1xima de <strong>8,33%<\/strong> (1:12) para rampas com at\u00e9 5 metros de comprimento.<\/li><li>Em rampas mais longas, pode-se adotar inclina\u00e7\u00f5es menores para facilitar o deslocamento.<\/li><\/ul><\/li><li><strong>Patamares de descanso<\/strong>: Devem ser previstos em rampas extensas, geralmente a cada 50 metros, ou quando h\u00e1 mudan\u00e7a de dire\u00e7\u00e3o.<\/li><\/ul><h3>4.2. Acessibilidade em Sanit\u00e1rios e Banheiros<\/h3><p>A norma traz medidas espec\u00edficas para bancadas, vasos sanit\u00e1rios e boxes de chuveiro em banheiros acess\u00edveis:<\/p><ul><li><strong>Vasos sanit\u00e1rios<\/strong>:<ul><li>Altura entre <strong>46 e 48 cm<\/strong>, incluindo o assento, para garantir conforto e seguran\u00e7a.<\/li><\/ul><\/li><li><strong>Barras de apoio<\/strong>:<ul><li>Altura entre <strong>75 e 85 cm<\/strong>, instaladas na horizontal e na vertical pr\u00f3ximas ao vaso sanit\u00e1rio.<\/li><li>Resist\u00eancia m\u00ednima para suportar impactos e esfor\u00e7os de quem se apoia.<\/li><\/ul><\/li><li><strong>\u00c1rea de giro<\/strong>:<ul><li>\u00c9 essencial manter um <strong>di\u00e2metro de 1,50 m<\/strong> livre para a manobra de cadeiras de rodas.<\/li><\/ul><\/li><li><strong>Lavabos<\/strong>:<ul><li>Devem ter altura adequada (aprox. 80 cm) e espa\u00e7o livre abaixo para possibilitar a aproxima\u00e7\u00e3o frontal de cadeirantes.<\/li><\/ul><\/li><\/ul><h3>4.3. Rampas e Escadas<\/h3><p>Ambos s\u00e3o itens essenciais para conectar diferentes n\u00edveis de pisos:<\/p><ul><li><strong>Rampas<\/strong>:<ul><li><strong>Inclina\u00e7\u00e3o m\u00e1xima<\/strong> de 8,33% para trechos curtos.<\/li><li><strong>Corrim\u00e3os<\/strong> de ambos os lados, instalados a <strong>80-92 cm<\/strong> de altura, com <strong>prolongamentos de 30 cm<\/strong> nas extremidades para auxiliar a mobilidade.<\/li><\/ul><\/li><li><strong>Escadas<\/strong>:<ul><li>Devem contar com <strong>sinaliza\u00e7\u00e3o t\u00e1til e visual<\/strong> no in\u00edcio e no final dos degraus.<\/li><li><strong>Pisos antiderrapantes<\/strong> e faixas de contraste no bordo dos degraus para melhorar a visibilidade.<\/li><\/ul><\/li><\/ul><h3>4.4. Sinaliza\u00e7\u00e3o T\u00e1til e Visual<\/h3><p>Para pessoas com defici\u00eancia visual, a clareza das <strong>sinaliza\u00e7\u00f5es t\u00e1teis e visuais<\/strong> \u00e9 fundamental:<\/p><ul><li><strong>Piso t\u00e1til<\/strong>:<ul><li>Dividido em <strong>piso de alerta<\/strong> (com relevo diferenciado para avisar sobre mudan\u00e7as de dire\u00e7\u00e3o ou obst\u00e1culos) e <strong>piso direcional<\/strong> (para guiar o percurso).<\/li><li>Instala\u00e7\u00e3o em rotas acess\u00edveis, estacionamentos, entradas e sa\u00eddas de escadas ou rampas.<\/li><\/ul><\/li><li><strong>Braile em placas<\/strong>:<ul><li>Devem ter altura adequada para leitura manual e ser instaladas pr\u00f3ximas a corrim\u00e3os, elevadores, portas etc.<\/li><\/ul><\/li><li><strong>Contraste visual<\/strong>:<ul><li>As placas, etiquetas e faixas de sinaliza\u00e7\u00e3o devem apresentar <strong>alto contraste<\/strong> entre o texto e o fundo, facilitando a leitura para pessoas com baixa vis\u00e3o.<\/li><\/ul><\/li><\/ul><h3>4.5. Estacionamento Acess\u00edvel<\/h3><ul><li><strong>Vagas reservadas<\/strong>:<ul><li>Localizadas <strong>pr\u00f3ximas<\/strong> \u00e0 entrada principal ou em locais de menor percurso para o usu\u00e1rio.<\/li><li><strong>Sinaliza\u00e7\u00e3o vertical e horizontal<\/strong> bem definida, com s\u00edmbolo internacional de acesso.<\/li><\/ul><\/li><li><strong>Dimens\u00f5es<\/strong>:<ul><li>Cada vaga para PcD deve ter <strong>largura de 2,50 m<\/strong> mais uma faixa adicional de <strong>1,20 m<\/strong> para manobra, embarque e desembarque.<\/li><\/ul><\/li><\/ul><h3>4.6. Mobili\u00e1rio e Equipamentos<\/h3><ul><li><strong>Balc\u00f5es de atendimento<\/strong>:<ul><li>Altura entre <strong>75 e 85 cm<\/strong> para permitir aproxima\u00e7\u00e3o frontal de cadeirantes.<\/li><\/ul><\/li><li><strong>Caixas eletr\u00f4nicos<\/strong>:<ul><li>Devem estar a uma altura entre <strong>90 e 120 cm<\/strong>, contemplando acessibilidade para pessoas em p\u00e9 e sentadas.<\/li><\/ul><\/li><li><strong>Bebedouros<\/strong>:<ul><li>Com altura ajustada para cadeirantes e acesso f\u00e1cil a pessoas de diferentes estaturas.<\/li><\/ul><\/li><\/ul><figure id=\"attachment_136140\" aria-describedby=\"caption-attachment-136140\" style=\"width: 1125px\" class=\"wp-caption alignnone\"><a href=\"https:\/\/lp.aarquiteta.com.br\/arqprojetos\/\"><img decoding=\"async\" class=\"size-full wp-image-136140\" src=\"https:\/\/www.aarquiteta.com.br\/blog\/wp-content\/uploads\/2024\/11\/projeto-arquitetonico-do-zero-a-aprovacao.jpg\" alt=\"Projeto arquitetonico do zero a aprova\u00e7\u00e3o\" width=\"1125\" height=\"584\" title=\"\"><\/a><figcaption id=\"caption-attachment-136140\" class=\"wp-caption-text\"><a href=\"https:\/\/lp.aarquiteta.com.br\/arqprojetos\/\">Aprenda Projeto arquitetonico do zero a aprova\u00e7\u00e3o<\/a><\/figcaption><\/figure><hr \/><h2>5. Aplica\u00e7\u00f5es Pr\u00e1ticas da <a href=\"https:\/\/www.prefeitura.sp.gov.br\/cidade\/secretarias\/upload\/NBR9050_20.pdf\" target=\"_blank\" rel=\"noopener\">NBR 9050<\/a><\/h2><h3>5.1. Cal\u00e7adas e Espa\u00e7os P\u00fablicos<\/h3><ul><li><strong>Largura m\u00ednima de 1,20 m<\/strong>, livres de obst\u00e1culos como postes, lixeiras e telefones p\u00fablicos.<\/li><li><strong>Rampas<\/strong> em esquinas e passagens de pedestres com <strong>inclina\u00e7\u00f5es adequadas<\/strong>.<\/li><li><strong>Uso de piso t\u00e1til<\/strong> para guiar pessoas com defici\u00eancia visual.<\/li><\/ul><h3>5.2. Transportes P\u00fablicos<\/h3><ul><li><strong>\u00d4nibus e metr\u00f4s<\/strong> com plataformas elevat\u00f3rias e \u00e1reas reservadas para cadeirantes.<\/li><li>Sinaliza\u00e7\u00e3o interna e externa com <strong>alto contraste<\/strong> e, sempre que poss\u00edvel, avisos sonoros.<\/li><\/ul><h3>5.3. Edifica\u00e7\u00f5es Privadas<\/h3><ul><li><strong>Shopping centers, lojas, escrit\u00f3rios e condom\u00ednios<\/strong> devem cumprir a norma para permitir o acesso a todos os clientes e visitantes.<\/li><li><strong>Banheiros acess\u00edveis<\/strong> em \u00e1reas comuns e, em alguns casos, sanit\u00e1rios unissex acess\u00edveis para atender diferentes perfis de usu\u00e1rios.<\/li><\/ul><hr \/><h2>6. Benef\u00edcios da Aplica\u00e7\u00e3o da NBR 9050<\/h2><ol><li><strong>Inclus\u00e3o Social<\/strong><br \/>Ao remover barreiras, estimula-se a <strong>participa\u00e7\u00e3o plena<\/strong> de todos na vida coletiva, fortalecendo o sentido de comunidade e igualdade.<\/li><li><strong>Valoriza\u00e7\u00e3o do Espa\u00e7o<\/strong><br \/>Espa\u00e7os acess\u00edveis tornam-se <strong>mais atrativos<\/strong> e funcionais, ampliando o p\u00fablico-alvo e melhorando a experi\u00eancia de uso para <strong>todas as faixas et\u00e1rias<\/strong>.<\/li><li><strong>Conformidade Legal<\/strong><br \/>O <strong>Estatuto da Pessoa com Defici\u00eancia (Lei n\u00ba 13.146\/2015)<\/strong> e outras normas estaduais e municipais exigem a aplica\u00e7\u00e3o de crit\u00e9rios de acessibilidade. Cumprir a NBR 9050 evita <strong>processos judiciais<\/strong>, <strong>multas<\/strong> e <strong>san\u00e7\u00f5es<\/strong>.<\/li><li><strong>Sustentabilidade e Responsabilidade Social<\/strong><br \/>Projetos inclusivos s\u00e3o reflexo de um <strong>desenvolvimento sustent\u00e1vel<\/strong>, que contempla a <strong>diversidade<\/strong> e o <strong>bem-estar coletivo<\/strong>.<\/li><\/ol><hr \/><h2>7. Conclus\u00e3o<\/h2><p>A <strong>NBR 9050:2020<\/strong> \u00e9 um marco fundamental na constru\u00e7\u00e3o de espa\u00e7os mais <strong>justos, acess\u00edveis e inclusivos<\/strong>. Sua correta aplica\u00e7\u00e3o n\u00e3o apenas atende \u00e0s exig\u00eancias legais, mas demonstra <strong>responsabilidade social<\/strong> e <strong>respeito<\/strong> \u00e0 diversidade humana.<\/p><ul><li><strong>Para arquitetos e engenheiros<\/strong>, a norma oferece diretrizes claras que devem ser observadas desde a concep\u00e7\u00e3o dos projetos at\u00e9 a execu\u00e7\u00e3o da <a href=\"https:\/\/www.aarquiteta.com.br\/blog\/cursos-de-arquitetura-e-decoracao\/curso-de-gerenciamento-de-obras\">obra<\/a>.<\/li><li><strong>Para gestores p\u00fablicos e privados<\/strong>, o cumprimento dos crit\u00e9rios de acessibilidade refor\u00e7a o compromisso com a cidadania e a seguran\u00e7a de todos.<\/li><li><strong>Para a sociedade em geral<\/strong>, espa\u00e7os acess\u00edveis representam <strong>mais autonomia<\/strong>, <strong>seguran\u00e7a<\/strong> e <strong>qualidade de vida<\/strong>, contribuindo para a inclus\u00e3o plena de pessoas com defici\u00eancia ou mobilidade reduzida.<\/li><\/ul><p>Caso voc\u00ea precise de <strong>suporte t\u00e9cnico<\/strong> para interpretar ou aplicar a NBR 9050 em projetos, busque consultores ou profissionais especializados em acessibilidade. Dessa forma, voc\u00ea garante que sua edifica\u00e7\u00e3o ou espa\u00e7o urbano atenda a <strong>todos<\/strong> os requisitos da norma, promovendo o bem-estar coletivo e consolidando um ambiente verdadeiramente <strong>inclusivo<\/strong>.<\/p><figure id=\"attachment_136140-2\" aria-describedby=\"caption-attachment-136140-2\" style=\"width: 1125px\" class=\"wp-caption alignnone\"><a href=\"https:\/\/lp.aarquiteta.com.br\/arqprojetos\/\"><img decoding=\"async\" class=\"size-full wp-image-136140\" src=\"https:\/\/www.aarquiteta.com.br\/blog\/wp-content\/uploads\/2024\/11\/projeto-arquitetonico-do-zero-a-aprovacao.jpg\" alt=\"Projeto arquitetonico do zero a aprova\u00e7\u00e3o\" width=\"1125\" height=\"584\" title=\"\"><\/a><figcaption id=\"caption-attachment-136140-2\" class=\"wp-caption-text\"><a href=\"https:\/\/lp.aarquiteta.com.br\/arqprojetos\/\">Aprenda Projeto arquitetonico do zero a aprova\u00e7\u00e3o<\/a><\/figcaption><\/figure>","protected":false},"excerpt":{"rendered":"<p>A NBR 9050:2020, elaborada pela Associa\u00e7\u00e3o Brasileira de Normas T\u00e9cnicas (ABNT), estabelece os requisitos e crit\u00e9rios t\u00e9cnicos para promover a acessibilidade universal em edifica\u00e7\u00f5es, mobili\u00e1rios, espa\u00e7os e equipamentos urbanos. Seu principal objetivo \u00e9 garantir que todas as pessoas, incluindo aquelas com defici\u00eancia ou mobilidade reduzida, possam acessar, circular e utilizar espa\u00e7os de forma segura, aut\u00f4noma [&hellip;]<\/p>\n","protected":false},"author":102,"featured_media":141415,"comment_status":"closed","ping_status":"closed","sticky":false,"template":"","format":"standard","meta":{"footnotes":""},"categories":[1507,35354,20319],"tags":[426,18483],"class_list":["post-141403","post","type-post","status-publish","format-standard","has-post-thumbnail","category-arquitetura","category-desenvolvimento-de-projetos-de-arquitetura","category-normas-tecnicas-abnt","tag-acessibilidade","tag-nbr-9050"],"_wp_attached_file":null,"_wp_attachment_metadata":null,"_wp_attachment_context":null,"_wp_attachment_is_custom_header":null,"geo_longitude":null,"geo_public":null,"geo_latitude":null,"_publicize_done_external":null,"_wpas_done_3897181":null,"publicize_twitter_user":null,"_wpas_done_3897175":null,"_wpas_skip_3897181":null,"_wpas_skip_3897175":null,"_wpas_skip_3924723":null,"_wpas_mess":null,"_wpas_done_3924723":null,"wps_subtitle":"","_links":{"self":[{"href":"https:\/\/www.aarquiteta.com.br\/blog\/wp-json\/wp\/v2\/posts\/141403","targetHints":{"allow":["GET"]}}],"collection":[{"href":"https:\/\/www.aarquiteta.com.br\/blog\/wp-json\/wp\/v2\/posts"}],"about":[{"href":"https:\/\/www.aarquiteta.com.br\/blog\/wp-json\/wp\/v2\/types\/post"}],"author":[{"embeddable":true,"href":"https:\/\/www.aarquiteta.com.br\/blog\/wp-json\/wp\/v2\/users\/102"}],"replies":[{"embeddable":true,"href":"https:\/\/www.aarquiteta.com.br\/blog\/wp-json\/wp\/v2\/comments?post=141403"}],"version-history":[{"count":0,"href":"https:\/\/www.aarquiteta.com.br\/blog\/wp-json\/wp\/v2\/posts\/141403\/revisions"}],"wp:featuredmedia":[{"embeddable":true,"href":"https:\/\/www.aarquiteta.com.br\/blog\/wp-json\/wp\/v2\/media\/141415"}],"wp:attachment":[{"href":"https:\/\/www.aarquiteta.com.br\/blog\/wp-json\/wp\/v2\/media?parent=141403"}],"wp:term":[{"taxonomy":"category","embeddable":true,"href":"https:\/\/www.aarquiteta.com.br\/blog\/wp-json\/wp\/v2\/categories?post=141403"},{"taxonomy":"post_tag","embeddable":true,"href":"https:\/\/www.aarquiteta.com.br\/blog\/wp-json\/wp\/v2\/tags?post=141403"}],"curies":[{"name":"wp","href":"https:\/\/api.w.org\/{rel}","templated":true}]}}